{"id":75543,"date":"2026-04-22T10:00:03","date_gmt":"2026-04-22T08:00:03","guid":{"rendered":"https:\/\/humanrights-online.org\/54-jahrestagung-der-igfm-rueckblick\/"},"modified":"2026-04-22T17:59:35","modified_gmt":"2026-04-22T15:59:35","slug":"54-jahrestagung-der-igfm-rueckblick","status":"publish","type":"post","link":"https:\/\/humanrights-online.org\/ru\/54-jahrestagung-der-igfm-rueckblick\/","title":{"rendered":"54. Jahrestagung der IGFM R\u00fcckblick"},"content":{"rendered":"<p><div class=\"fusion-fullwidth fullwidth-box fusion-builder-row-1 fusion-flex-container has-pattern-background has-mask-background nonhundred-percent-fullwidth non-hundred-percent-height-scrolling\" style=\"--awb-border-radius-top-left:0px;--awb-border-radius-top-right:0px;--awb-border-radius-bottom-right:0px;--awb-border-radius-bottom-left:0px;--awb-flex-wrap:wrap;\" ><div class=\"fusion-builder-row fusion-row fusion-flex-align-items-flex-start fusion-flex-content-wrap\" style=\"max-width:1830.4px;margin-left: calc(-4% \/ 2 );margin-right: calc(-4% \/ 2 );\"><div class=\"fusion-layout-column fusion_builder_column fusion-builder-column-0 fusion_builder_column_1_1 1_1 fusion-flex-column\" style=\"--awb-bg-size:cover;--awb-width-large:100%;--awb-margin-top-large:0px;--awb-spacing-right-large:1.92%;--awb-margin-bottom-large:20px;--awb-spacing-left-large:1.92%;--awb-width-medium:100%;--awb-order-medium:0;--awb-spacing-right-medium:1.92%;--awb-spacing-left-medium:1.92%;--awb-width-small:100%;--awb-order-small:0;--awb-spacing-right-small:1.92%;--awb-spacing-left-small:1.92%;\"><div class=\"fusion-column-wrapper fusion-column-has-shadow fusion-flex-justify-content-flex-start fusion-content-layout-column\"><div class=\"fusion-text fusion-text-1\"><h1 class=\"fusion-responsive-typography-calculated\" style=\"text-align: center;\" data-fontsize=\"39.82\" data-lineheight=\"55.748px\">54. Jahrestagung der IGFM<\/h1>\n<\/div><div class=\"fusion-separator fusion-full-width-sep\" style=\"align-self: center;margin-left: auto;margin-right: auto;width:100%;\"><div class=\"fusion-separator-border sep-double\" style=\"--awb-height:20px;--awb-amount:20px;--awb-sep-color:#000000;border-color:#000000;border-top-width:1px;border-bottom-width:1px;\"><\/div><\/div><div class=\"fusion-text fusion-text-2\"><div class=\"fusion-layout-column fusion_builder_column fusion-builder-column-1 fusion_builder_column_1_1 1_1 fusion-flex-column\">\n<div class=\"fusion-column-wrapper fusion-column-has-shadow fusion-flex-justify-content-flex-start fusion-content-layout-column\">\n<div class=\"fusion-text fusion-text-1\">\n<h2 class=\"\" style=\"text-align: center;\" data-fontsize=\"30.77\" data-lineheight=\"46.15px\">Europa als Garant f\u00fcr Menschenrechte und Frieden<\/h2>\n<p>Am 11. und 12. April 2026 fand die 54. Jahrestagung der IGFM in Bonn statt. <strong>Unter dem Leitthema \u201eEuropa als Garant f\u00fcr Menschenrechte und Frieden\u201c<\/strong>\u00a0kamen Mitglieder, Partner und internationale G\u00e4ste zusammen, um<strong>\u00a0\u00fcber aktuelle Entwicklungen zu diskutieren<\/strong>\u00a0\u2013 insbesondere \u00fcber die Lage politischer Gefangener, religi\u00f6s Verfolgter sowie von Menschen, die wegen ihres Engagements gegen autorit\u00e4re Systeme verfolgt werden.<\/p>\n<p>In\u00a0<strong>L\u00e4nderberichten<\/strong>\u00a0wurde deutlich,\u00a0<strong>wie unterschiedlich, aber zugleich systematisch Menschenrechte verletzt werden<\/strong>: insbesondere in Russland, Belarus, Iran, Irak, China und der Ukraine. In allen diesen L\u00e4ndern sind Menschen durch kriegerische Akte, grausame Menschenrechtsverletzungen, Repression, politischer Verfolgung betroffen.<\/p>\n<\/div>\n<div class=\"fusion-separator fusion-full-width-sep\"><\/div>\n<\/div>\n<\/div>\n<div class=\"fusion-layout-column fusion_builder_column fusion-builder-column-2 fusion_builder_column_1_6 1_6 fusion-flex-column\"><\/div>\n<\/div><\/div><\/div><\/div><\/div><div class=\"fusion-fullwidth fullwidth-box fusion-builder-row-2 fusion-flex-container has-pattern-background has-mask-background nonhundred-percent-fullwidth non-hundred-percent-height-scrolling\" style=\"--awb-border-radius-top-left:0px;--awb-border-radius-top-right:0px;--awb-border-radius-bottom-right:0px;--awb-border-radius-bottom-left:0px;--awb-flex-wrap:wrap;\" ><div class=\"fusion-builder-row fusion-row fusion-flex-align-items-flex-start fusion-flex-content-wrap\" style=\"max-width:1830.4px;margin-left: calc(-4% \/ 2 );margin-right: calc(-4% \/ 2 );\"><div class=\"fusion-layout-column fusion_builder_column fusion-builder-column-1 fusion_builder_column_1_1 1_1 fusion-flex-column\" style=\"--awb-bg-size:cover;--awb-width-large:100%;--awb-margin-top-large:0px;--awb-spacing-right-large:1.92%;--awb-margin-bottom-large:20px;--awb-spacing-left-large:1.92%;--awb-width-medium:100%;--awb-order-medium:0;--awb-spacing-right-medium:1.92%;--awb-spacing-left-medium:1.92%;--awb-width-small:100%;--awb-order-small:0;--awb-spacing-right-small:1.92%;--awb-spacing-left-small:1.92%;\"><div class=\"fusion-column-wrapper fusion-column-has-shadow fusion-flex-justify-content-flex-start fusion-content-layout-column\"><div class=\"fusion-text fusion-text-3\"><div class=\"fusion-layout-column fusion_builder_column_inner fusion-builder-nested-column-0 fusion_builder_column_inner_1_1 1_1 fusion-flex-column\">\n<div class=\"fusion-column-wrapper fusion-column-has-shadow fusion-flex-justify-content-flex-start fusion-content-layout-column\">\n<div class=\"fusion-text fusion-text-3\">\n<h2 class=\"fusion-responsive-typography-calculated\" style=\"text-align: center;\" data-fontsize=\"30.77\" data-lineheight=\"46.155px\">Vortr\u00e4ge der IGFM-Jahrestagung 2026<\/h2>\n<\/div>\n<\/div>\n<\/div>\n<div class=\"fusion-layout-column fusion_builder_column_inner fusion-builder-nested-column-1 fusion_builder_column_inner_1_1 1_1 fusion-flex-column\"><\/div>\n<\/div><div class=\"fusion-builder-row fusion-builder-row-inner fusion-row fusion-flex-align-items-flex-start fusion-flex-content-wrap\" style=\"--awb-flex-grow:0;--awb-flex-grow-medium:0;--awb-flex-grow-small:0;--awb-flex-shrink:0;--awb-flex-shrink-medium:0;--awb-flex-shrink-small:0;width:104% !important;max-width:104% !important;margin-left: calc(-4% \/ 2 );margin-right: calc(-4% \/ 2 );\"><div class=\"fusion-layout-column fusion_builder_column_inner fusion-builder-nested-column-0 fusion_builder_column_inner_1_4 1_4 fusion-flex-column\" style=\"--awb-bg-size:cover;--awb-width-large:25%;--awb-margin-top-large:0px;--awb-spacing-right-large:7.68%;--awb-margin-bottom-large:20px;--awb-spacing-left-large:7.68%;--awb-width-medium:100%;--awb-order-medium:0;--awb-spacing-right-medium:1.92%;--awb-spacing-left-medium:1.92%;--awb-width-small:100%;--awb-order-small:0;--awb-spacing-right-small:1.92%;--awb-spacing-left-small:1.92%;\"><div class=\"fusion-column-wrapper fusion-column-has-shadow fusion-flex-justify-content-flex-start fusion-content-layout-column\"><div class=\"fusion-image-element \" style=\"--awb-caption-title-font-family:var(--h2_typography-font-family);--awb-caption-title-font-weight:var(--h2_typography-font-weight);--awb-caption-title-font-style:var(--h2_typography-font-style);--awb-caption-title-size:var(--h2_typography-font-size);--awb-caption-title-transform:var(--h2_typography-text-transform);--awb-caption-title-line-height:var(--h2_typography-line-height);--awb-caption-title-letter-spacing:var(--h2_typography-letter-spacing);\"><span class=\" fusion-imageframe imageframe-none imageframe-1 hover-type-none\"><img decoding=\"async\" width=\"600\" height=\"600\" title=\"Dmytro-Lubinez-600&#215;600\" src=\"https:\/\/humanrights-online.org\/wp-content\/uploads\/2026\/04\/Dmytro-Lubinez-600x600-1.jpg\" alt class=\"img-responsive wp-image-75480\" srcset=\"https:\/\/humanrights-online.org\/wp-content\/uploads\/2026\/04\/Dmytro-Lubinez-600x600-1-200x200.jpg 200w, https:\/\/humanrights-online.org\/wp-content\/uploads\/2026\/04\/Dmytro-Lubinez-600x600-1-400x400.jpg 400w, https:\/\/humanrights-online.org\/wp-content\/uploads\/2026\/04\/Dmytro-Lubinez-600x600-1.jpg 600w\" sizes=\"(max-width: 1024px) 100vw, (max-width: 640px) 100vw, 400px\" \/><\/span><\/div><div class=\"fusion-text fusion-text-4\"><div class=\"fusion-text fusion-text-4\">\n<p style=\"text-align: center;\"><strong>Dmytro Lubinez<br \/>\n<\/strong>Ukrainischer Hochkommissar f\u00fcr Menschenrechte<\/p>\n<\/div>\n<\/div><\/div><\/div><div class=\"fusion-layout-column fusion_builder_column_inner fusion-builder-nested-column-1 fusion_builder_column_inner_3_4 3_4 fusion-flex-column\" style=\"--awb-bg-size:cover;--awb-width-large:75%;--awb-margin-top-large:0px;--awb-spacing-right-large:2.56%;--awb-margin-bottom-large:20px;--awb-spacing-left-large:2.56%;--awb-width-medium:100%;--awb-order-medium:0;--awb-spacing-right-medium:1.92%;--awb-spacing-left-medium:1.92%;--awb-width-small:100%;--awb-order-small:0;--awb-spacing-right-small:1.92%;--awb-spacing-left-small:1.92%;\"><div class=\"fusion-column-wrapper fusion-column-has-shadow fusion-flex-justify-content-flex-start fusion-content-layout-column\"><div class=\"fusion-video fusion-youtube\" style=\"--awb-max-width:600px;--awb-max-height:350px;\"><div class=\"video-shortcode\"><div class=\"fluid-width-video-wrapper\" style=\"padding-top:58.33%;\" ><iframe title=\"YouTube video player 1\" src=\"https:\/\/www.youtube.com\/embed\/YW3ZzUqBY8M?wmode=transparent&autoplay=0\" width=\"600\" height=\"350\" allowfullscreen allow=\"autoplay; clipboard-write; encrypted-media; gyroscope; picture-in-picture;\"><\/iframe><\/div><\/div><\/div><div class=\"fusion-separator fusion-full-width-sep\" style=\"align-self: center;margin-left: auto;margin-right: auto;width:100%;\"><div class=\"fusion-separator-border sep-double\" style=\"--awb-height:20px;--awb-amount:20px;border-color:#e0dede;border-top-width:0px;border-bottom-width:0px;\"><\/div><\/div><div style=\"text-align:center;\"><a class=\"fusion-button button-flat button-xlarge button-custom fusion-button-default button-1 fusion-button-default-span fusion-button-default-type\" style=\"--button_accent_color:#ffffff;--button_accent_hover_color:#ffffff;--button_border_hover_color:#ffffff;--button_border_width-top:0px;--button_border_width-right:283px;--button_border_width-bottom:0px;--button_border_width-left:0px;--button_gradient_top_color:#205aa4;--button_gradient_bottom_color:#205aa4;--button_gradient_top_color_hover:#0046a3;--button_gradient_bottom_color_hover:#0046a3;--button_margin-right:95px;\" target=\"_self\" href=\"https:\/\/humanrights-online.org\/de\/jahrestagung-2026-dmytro-lubinez\/?preview_id=75503&amp;preview_nonce=9410376476&amp;_thumbnail_id=75512\"><span class=\"fusion-button-text awb-button__text awb-button__text--default\">Die Rede zum Nachlesen<\/span><\/a><\/div><\/div><\/div><\/div><div class=\"fusion-builder-row fusion-builder-row-inner fusion-row fusion-flex-align-items-flex-start fusion-flex-content-wrap\" style=\"--awb-flex-grow:0;--awb-flex-grow-medium:0;--awb-flex-grow-small:0;--awb-flex-shrink:0;--awb-flex-shrink-medium:0;--awb-flex-shrink-small:0;width:104% !important;max-width:104% !important;margin-left: calc(-4% \/ 2 );margin-right: calc(-4% \/ 2 );\"><div class=\"fusion-layout-column fusion_builder_column_inner fusion-builder-nested-column-2 fusion_builder_column_inner_1_4 1_4 fusion-flex-column\" style=\"--awb-bg-size:cover;--awb-width-large:25%;--awb-margin-top-large:0px;--awb-spacing-right-large:7.68%;--awb-margin-bottom-large:20px;--awb-spacing-left-large:7.68%;--awb-width-medium:100%;--awb-order-medium:0;--awb-spacing-right-medium:1.92%;--awb-spacing-left-medium:1.92%;--awb-width-small:100%;--awb-order-small:0;--awb-spacing-right-small:1.92%;--awb-spacing-left-small:1.92%;\"><div class=\"fusion-column-wrapper fusion-column-has-shadow fusion-flex-justify-content-flex-start fusion-content-layout-column\"><div class=\"fusion-image-element \" style=\"--awb-caption-title-font-family:var(--h2_typography-font-family);--awb-caption-title-font-weight:var(--h2_typography-font-weight);--awb-caption-title-font-style:var(--h2_typography-font-style);--awb-caption-title-size:var(--h2_typography-font-size);--awb-caption-title-transform:var(--h2_typography-text-transform);--awb-caption-title-line-height:var(--h2_typography-line-height);--awb-caption-title-letter-spacing:var(--h2_typography-letter-spacing);\"><span class=\" fusion-imageframe imageframe-none imageframe-2 hover-type-none\"><img decoding=\"async\" width=\"600\" height=\"600\" title=\"Oleksandra-Matviichuk-600&#215;600\" src=\"https:\/\/humanrights-online.org\/wp-content\/uploads\/2026\/04\/Oleksandra-Matviichuk-600x600-1.jpg\" alt class=\"img-responsive wp-image-75488\" srcset=\"https:\/\/humanrights-online.org\/wp-content\/uploads\/2026\/04\/Oleksandra-Matviichuk-600x600-1-200x200.jpg 200w, https:\/\/humanrights-online.org\/wp-content\/uploads\/2026\/04\/Oleksandra-Matviichuk-600x600-1-400x400.jpg 400w, https:\/\/humanrights-online.org\/wp-content\/uploads\/2026\/04\/Oleksandra-Matviichuk-600x600-1.jpg 600w\" sizes=\"(max-width: 1024px) 100vw, (max-width: 640px) 100vw, 400px\" \/><\/span><\/div><div class=\"fusion-text fusion-text-5\"><div class=\"fusion-text fusion-text-4\">\n<p style=\"text-align: center;\"><strong>Oleksandra Matviichuk<\/strong><br \/>\nMenschenrechtlerin, Friedensnobelpreistr\u00e4gerin, Vorsitzende des Center for Civil Liberties<\/p>\n<\/div>\n<\/div><\/div><\/div><div class=\"fusion-layout-column fusion_builder_column_inner fusion-builder-nested-column-3 fusion_builder_column_inner_3_4 3_4 fusion-flex-column\" style=\"--awb-bg-size:cover;--awb-width-large:75%;--awb-margin-top-large:0px;--awb-spacing-right-large:2.56%;--awb-margin-bottom-large:20px;--awb-spacing-left-large:2.56%;--awb-width-medium:100%;--awb-order-medium:0;--awb-spacing-right-medium:1.92%;--awb-spacing-left-medium:1.92%;--awb-width-small:100%;--awb-order-small:0;--awb-spacing-right-small:1.92%;--awb-spacing-left-small:1.92%;\"><div class=\"fusion-column-wrapper fusion-column-has-shadow fusion-flex-justify-content-flex-start fusion-content-layout-column\"><div class=\"fusion-video fusion-youtube\" style=\"--awb-max-width:600px;--awb-max-height:350px;\"><div class=\"video-shortcode\"><div class=\"fluid-width-video-wrapper\" style=\"padding-top:58.33%;\" ><iframe title=\"YouTube video player 2\" src=\"https:\/\/www.youtube.com\/embed\/Jbvg9mGHcjE?wmode=transparent&autoplay=0\" width=\"600\" height=\"350\" allowfullscreen allow=\"autoplay; clipboard-write; encrypted-media; gyroscope; picture-in-picture;\"><\/iframe><\/div><\/div><\/div><div class=\"fusion-separator fusion-full-width-sep\" style=\"align-self: center;margin-left: auto;margin-right: auto;width:100%;\"><div class=\"fusion-separator-border sep-double\" style=\"--awb-height:20px;--awb-amount:20px;border-color:#e0dede;border-top-width:0px;border-bottom-width:0px;\"><\/div><\/div><div style=\"text-align:center;\"><a class=\"fusion-button button-flat button-xlarge button-custom fusion-button-default button-2 fusion-button-default-span fusion-button-default-type\" style=\"--button_accent_color:#ffffff;--button_accent_hover_color:#ffffff;--button_border_hover_color:#ffffff;--button_border_width-top:0px;--button_border_width-right:283px;--button_border_width-bottom:0px;--button_border_width-left:0px;--button_gradient_top_color:#205aa4;--button_gradient_bottom_color:#205aa4;--button_gradient_top_color_hover:#0046a3;--button_gradient_bottom_color_hover:#0046a3;--button_margin-right:95px;\" target=\"_self\" href=\"https:\/\/humanrights-online.org\/de\/jahrestagung-2026-oleksandra-matviichuk\/\"><span class=\"fusion-button-text awb-button__text awb-button__text--default\">Die Rede zum Nachlesen<\/span><\/a><\/div><\/div><\/div><\/div><div class=\"fusion-builder-row fusion-builder-row-inner fusion-row fusion-flex-align-items-flex-start fusion-flex-content-wrap\" style=\"--awb-flex-grow:0;--awb-flex-grow-medium:0;--awb-flex-grow-small:0;--awb-flex-shrink:0;--awb-flex-shrink-medium:0;--awb-flex-shrink-small:0;width:104% !important;max-width:104% !important;margin-left: calc(-4% \/ 2 );margin-right: calc(-4% \/ 2 );\"><div class=\"fusion-layout-column fusion_builder_column_inner fusion-builder-nested-column-4 fusion_builder_column_inner_1_4 1_4 fusion-flex-column\" style=\"--awb-bg-size:cover;--awb-width-large:25%;--awb-margin-top-large:0px;--awb-spacing-right-large:7.68%;--awb-margin-bottom-large:20px;--awb-spacing-left-large:7.68%;--awb-width-medium:100%;--awb-order-medium:0;--awb-spacing-right-medium:1.92%;--awb-spacing-left-medium:1.92%;--awb-width-small:100%;--awb-order-small:0;--awb-spacing-right-small:1.92%;--awb-spacing-left-small:1.92%;\"><div class=\"fusion-column-wrapper fusion-column-has-shadow fusion-flex-justify-content-flex-start fusion-content-layout-column\"><div class=\"fusion-image-element \" style=\"--awb-caption-title-font-family:var(--h2_typography-font-family);--awb-caption-title-font-weight:var(--h2_typography-font-weight);--awb-caption-title-font-style:var(--h2_typography-font-style);--awb-caption-title-size:var(--h2_typography-font-size);--awb-caption-title-transform:var(--h2_typography-text-transform);--awb-caption-title-line-height:var(--h2_typography-line-height);--awb-caption-title-letter-spacing:var(--h2_typography-letter-spacing);\"><span class=\" fusion-imageframe imageframe-none imageframe-3 hover-type-none\"><img decoding=\"async\" width=\"600\" height=\"600\" title=\"Mikola-Dziadok-600&#215;600\" src=\"https:\/\/humanrights-online.org\/wp-content\/uploads\/2026\/04\/Mikola-Dziadok-600x600-1.jpg\" alt class=\"img-responsive wp-image-75584\" srcset=\"https:\/\/humanrights-online.org\/wp-content\/uploads\/2026\/04\/Mikola-Dziadok-600x600-1-200x200.jpg 200w, https:\/\/humanrights-online.org\/wp-content\/uploads\/2026\/04\/Mikola-Dziadok-600x600-1-400x400.jpg 400w, https:\/\/humanrights-online.org\/wp-content\/uploads\/2026\/04\/Mikola-Dziadok-600x600-1.jpg 600w\" sizes=\"(max-width: 1024px) 100vw, (max-width: 640px) 100vw, 400px\" \/><\/span><\/div><div class=\"fusion-text fusion-text-6\"><div class=\"fusion-text fusion-text-4\">\n<p style=\"text-align: center;\"><strong style=\"text-align: center;\">Mikola Dziadok<\/strong><\/p>\n<p style=\"text-align: center;\"><span style=\"text-align: center;\">ehemaliger politischer Gefangener aus Belarus<\/span><\/p>\n<div class=\"fusion-layout-column fusion_builder_column_inner fusion-builder-nested-column-20 fusion_builder_column_inner_2_3 2_3 fusion-flex-column\">\n<div class=\"fusion-column-wrapper fusion-column-has-shadow fusion-flex-justify-content-flex-start fusion-content-layout-column\">\n<div class=\"fusion-video fusion-youtube\">\n<div class=\"video-shortcode\" style=\"text-align: center;\"><\/div>\n<\/div>\n<\/div>\n<\/div>\n<\/div>\n<\/div><\/div><\/div><div class=\"fusion-layout-column fusion_builder_column_inner fusion-builder-nested-column-5 fusion_builder_column_inner_3_4 3_4 fusion-flex-column\" style=\"--awb-bg-size:cover;--awb-width-large:75%;--awb-margin-top-large:0px;--awb-spacing-right-large:2.56%;--awb-margin-bottom-large:20px;--awb-spacing-left-large:2.56%;--awb-width-medium:100%;--awb-order-medium:0;--awb-spacing-right-medium:1.92%;--awb-spacing-left-medium:1.92%;--awb-width-small:100%;--awb-order-small:0;--awb-spacing-right-small:1.92%;--awb-spacing-left-small:1.92%;\"><div class=\"fusion-column-wrapper fusion-column-has-shadow fusion-flex-justify-content-flex-start fusion-content-layout-column\"><div class=\"fusion-video fusion-youtube\" style=\"--awb-max-width:600px;--awb-max-height:350px;\"><div class=\"video-shortcode\"><div class=\"fluid-width-video-wrapper\" style=\"padding-top:58.33%;\" ><iframe title=\"YouTube video player 3\" src=\"https:\/\/www.youtube.com\/embed\/TgZHSwMBZb8?wmode=transparent&autoplay=0\" width=\"600\" height=\"350\" allowfullscreen allow=\"autoplay; clipboard-write; encrypted-media; gyroscope; picture-in-picture;\"><\/iframe><\/div><\/div><\/div><div class=\"fusion-separator fusion-full-width-sep\" style=\"align-self: center;margin-left: auto;margin-right: auto;width:100%;\"><div class=\"fusion-separator-border sep-double\" style=\"--awb-height:20px;--awb-amount:20px;border-color:#e0dede;border-top-width:0px;border-bottom-width:0px;\"><\/div><\/div><div style=\"text-align:center;\"><a class=\"fusion-button button-flat button-xlarge button-custom fusion-button-default button-3 fusion-button-default-span fusion-button-default-type\" style=\"--button_accent_color:#ffffff;--button_accent_hover_color:#ffffff;--button_border_hover_color:#ffffff;--button_border_width-top:0px;--button_border_width-right:283px;--button_border_width-bottom:0px;--button_border_width-left:0px;--button_gradient_top_color:#205aa4;--button_gradient_bottom_color:#205aa4;--button_gradient_top_color_hover:#0046a3;--button_gradient_bottom_color_hover:#0046a3;--button_margin-right:95px;\" target=\"_self\"><span class=\"fusion-button-text awb-button__text awb-button__text--default\">Beitrag folgt in wenigen Tagen<\/span><\/a><\/div><\/div><\/div><\/div><div class=\"fusion-builder-row fusion-builder-row-inner fusion-row fusion-flex-align-items-flex-start fusion-flex-content-wrap\" style=\"--awb-flex-grow:0;--awb-flex-grow-medium:0;--awb-flex-grow-small:0;--awb-flex-shrink:0;--awb-flex-shrink-medium:0;--awb-flex-shrink-small:0;width:104% !important;max-width:104% !important;margin-left: calc(-4% \/ 2 );margin-right: calc(-4% \/ 2 );\"><div class=\"fusion-layout-column fusion_builder_column_inner fusion-builder-nested-column-6 fusion_builder_column_inner_1_4 1_4 fusion-flex-column\" style=\"--awb-bg-size:cover;--awb-width-large:25%;--awb-margin-top-large:0px;--awb-spacing-right-large:7.68%;--awb-margin-bottom-large:20px;--awb-spacing-left-large:7.68%;--awb-width-medium:100%;--awb-order-medium:0;--awb-spacing-right-medium:1.92%;--awb-spacing-left-medium:1.92%;--awb-width-small:100%;--awb-order-small:0;--awb-spacing-right-small:1.92%;--awb-spacing-left-small:1.92%;\"><div class=\"fusion-column-wrapper fusion-column-has-shadow fusion-flex-justify-content-flex-start fusion-content-layout-column\"><div class=\"fusion-image-element \" style=\"--awb-caption-title-font-family:var(--h2_typography-font-family);--awb-caption-title-font-weight:var(--h2_typography-font-weight);--awb-caption-title-font-style:var(--h2_typography-font-style);--awb-caption-title-size:var(--h2_typography-font-size);--awb-caption-title-transform:var(--h2_typography-text-transform);--awb-caption-title-line-height:var(--h2_typography-line-height);--awb-caption-title-letter-spacing:var(--h2_typography-letter-spacing);\"><span class=\" fusion-imageframe imageframe-none imageframe-4 hover-type-none\"><img decoding=\"async\" width=\"600\" height=\"600\" title=\"Anastasija-Aleksejewa-600&#215;600\" src=\"https:\/\/humanrights-online.org\/wp-content\/uploads\/2026\/04\/Anastasija-Aleksejewa-600x600-1.jpg\" alt class=\"img-responsive wp-image-75496\" srcset=\"https:\/\/humanrights-online.org\/wp-content\/uploads\/2026\/04\/Anastasija-Aleksejewa-600x600-1-200x200.jpg 200w, https:\/\/humanrights-online.org\/wp-content\/uploads\/2026\/04\/Anastasija-Aleksejewa-600x600-1-400x400.jpg 400w, https:\/\/humanrights-online.org\/wp-content\/uploads\/2026\/04\/Anastasija-Aleksejewa-600x600-1.jpg 600w\" sizes=\"(max-width: 1024px) 100vw, (max-width: 640px) 100vw, 400px\" \/><\/span><\/div><div class=\"fusion-text fusion-text-7\"><div class=\"fusion-text fusion-text-4\">\n<p style=\"text-align: center;\"><strong> Anastasija Aleksejewa<\/strong><br \/>\nIGFM Ukraine\/ IAC ISHR<\/p>\n<\/div>\n<\/div><\/div><\/div><div class=\"fusion-layout-column fusion_builder_column_inner fusion-builder-nested-column-7 fusion_builder_column_inner_3_4 3_4 fusion-flex-column\" style=\"--awb-bg-size:cover;--awb-width-large:75%;--awb-margin-top-large:0px;--awb-spacing-right-large:2.56%;--awb-margin-bottom-large:20px;--awb-spacing-left-large:2.56%;--awb-width-medium:100%;--awb-order-medium:0;--awb-spacing-right-medium:1.92%;--awb-spacing-left-medium:1.92%;--awb-width-small:100%;--awb-order-small:0;--awb-spacing-right-small:1.92%;--awb-spacing-left-small:1.92%;\"><div class=\"fusion-column-wrapper fusion-column-has-shadow fusion-flex-justify-content-flex-start fusion-content-layout-column\"><div class=\"fusion-video fusion-youtube\" style=\"--awb-max-width:600px;--awb-max-height:350px;\"><div class=\"video-shortcode\"><div class=\"fluid-width-video-wrapper\" style=\"padding-top:58.33%;\" ><iframe title=\"YouTube video player 4\" src=\"https:\/\/www.youtube.com\/embed\/?wmode=transparent&autoplay=0\" width=\"600\" height=\"350\" allowfullscreen allow=\"autoplay; clipboard-write; encrypted-media; gyroscope; picture-in-picture;\"><\/iframe><\/div><\/div><\/div><div class=\"fusion-separator fusion-full-width-sep\" style=\"align-self: center;margin-left: auto;margin-right: auto;width:100%;\"><div class=\"fusion-separator-border sep-double\" style=\"--awb-height:20px;--awb-amount:20px;border-color:#e0dede;border-top-width:0px;border-bottom-width:0px;\"><\/div><\/div><div style=\"text-align:center;\"><a class=\"fusion-button button-flat button-xlarge button-custom fusion-button-default button-4 fusion-button-default-span fusion-button-default-type\" style=\"--button_accent_color:#ffffff;--button_accent_hover_color:#ffffff;--button_border_hover_color:#ffffff;--button_border_width-top:0px;--button_border_width-right:283px;--button_border_width-bottom:0px;--button_border_width-left:0px;--button_gradient_top_color:#205aa4;--button_gradient_bottom_color:#205aa4;--button_gradient_top_color_hover:#0046a3;--button_gradient_bottom_color_hover:#0046a3;--button_margin-right:95px;\" target=\"_self\"><span class=\"fusion-button-text awb-button__text awb-button__text--default\">Beitrag folgt in wenigen Tagen<\/span><\/a><\/div><\/div><\/div><\/div><\/div><\/div><\/div><\/div><\/p>\n","protected":false},"excerpt":{"rendered":"","protected":false},"author":119,"featured_media":75540,"comment_status":"open","ping_status":"closed","sticky":false,"template":"","format":"standard","meta":{"slim_seo":{"title":"54. Jahrestagung der IGFM R\u00fcckblick - Menschenrechte Osteuropa - News &amp; Konflikte","description":"54. Jahrestagung der IGFM Europa als Garant f\u00fcr Menschenrechte und Frieden Am 11. und 12. April 2026 fand die 54. Jahrestagung der IGFM in Bonn statt. Unter dem"},"footnotes":""},"categories":[521,231,233,498,522,1114,467,483,1242,488,400,401,232,270,217,279,228],"tags":[],"class_list":["post-75543","post","type-post","status-publish","format-standard","has-post-thumbnail","hentry","category-belaeus-cat-en-ru","category-berichte-ru","category-blog-news-ru","category-country-belarus-ru","category-country-belarus-en-ru","category-country-belarus-ru-3","category-country-russia","category-country-russia-2-ru","category-country-ukraine-ru","category-country-ukraine-2-ru","category-im-fokus-ru","category-in-focus-ru","category-russland-cat-ru","category-ukraine-cat-ru","category-217","category-279","category-228"],"_links":{"self":[{"href":"https:\/\/humanrights-online.org\/ru\/wp-json\/wp\/v2\/posts\/75543","targetHints":{"allow":["GET"]}}],"collection":[{"href":"https:\/\/humanrights-online.org\/ru\/wp-json\/wp\/v2\/posts"}],"about":[{"href":"https:\/\/humanrights-online.org\/ru\/wp-json\/wp\/v2\/types\/post"}],"author":[{"embeddable":true,"href":"https:\/\/humanrights-online.org\/ru\/wp-json\/wp\/v2\/users\/119"}],"replies":[{"embeddable":true,"href":"https:\/\/humanrights-online.org\/ru\/wp-json\/wp\/v2\/comments?post=75543"}],"version-history":[{"count":11,"href":"https:\/\/humanrights-online.org\/ru\/wp-json\/wp\/v2\/posts\/75543\/revisions"}],"predecessor-version":[{"id":75635,"href":"https:\/\/humanrights-online.org\/ru\/wp-json\/wp\/v2\/posts\/75543\/revisions\/75635"}],"wp:featuredmedia":[{"embeddable":true,"href":"https:\/\/humanrights-online.org\/ru\/wp-json\/wp\/v2\/media\/75540"}],"wp:attachment":[{"href":"https:\/\/humanrights-online.org\/ru\/wp-json\/wp\/v2\/media?parent=75543"}],"wp:term":[{"taxonomy":"category","embeddable":true,"href":"https:\/\/humanrights-online.org\/ru\/wp-json\/wp\/v2\/categories?post=75543"},{"taxonomy":"post_tag","embeddable":true,"href":"https:\/\/humanrights-online.org\/ru\/wp-json\/wp\/v2\/tags?post=75543"}],"curies":[{"name":"wp","href":"https:\/\/api.w.org\/{rel}","templated":true}]}}