{"id":77818,"date":"2026-09-02T15:33:57","date_gmt":"2026-09-02T13:33:57","guid":{"rendered":"https:\/\/humanrights-online.org\/?p=77818"},"modified":"2026-09-02T15:34:28","modified_gmt":"2026-09-02T13:34:28","slug":"aserbaidschan-oppositionsfuehrer-ali-karimli-in-haft","status":"publish","type":"post","link":"https:\/\/humanrights-online.org\/de\/aserbaidschan-oppositionsfuehrer-ali-karimli-in-haft\/","title":{"rendered":"Aserbaidschan: Oppositionsf\u00fchrer Ali Karimli in Haft"},"content":{"rendered":"<div style=\"width: 1930px\" class=\"wp-caption aligncenter\"><img decoding=\"async\" src=\"https:\/\/www.igfm.de\/wp-content\/uploads\/2026\/09\/Aserbaidschan_Header.jpg\" alt=\"\" width=\"1920\" height=\"460\" \/><p class=\"wp-caption-text\">Die IGFM warnt vor den alarmierenden Haftbedingungen des aserbaidschanischen Oppositionsf\u00fchrers Ali Karimli, dem unter anderem eine dringend ben\u00f6tigte medizinische Untersuchung verweigert wird. Fotoquelle: By VOA \u2013 Voice of America, Public Domain.<\/p><\/div>\n<div class=\"fusion-layout-column fusion_builder_column fusion-builder-column-5 fusion_builder_column_1_2 1_2 fusion-flex-column\">\n<div class=\"fusion-column-wrapper fusion-flex-justify-content-flex-start fusion-content-layout-column\">\n<div class=\"fusion-text fusion-text-2\">\n<h1 class=\"fusion-responsive-typography-calculated\" data-fontsize=\"30.75\" data-lineheight=\"46.1333px\">Aserbaidschan: Oppositionsf\u00fchrer Ali Karimli in Haft<\/h1>\n<h3 class=\"fusion-responsive-typography-calculated\" data-fontsize=\"21.7188\" data-lineheight=\"28.2333px\"><\/h3>\n<h3 class=\"fusion-responsive-typography-calculated\" data-fontsize=\"21.7188\" data-lineheight=\"28.2333px\">\u201eDeutschland und EU m\u00fcssen jetzt handeln \u2013 Menschenrechte d\u00fcrfen nicht dem Energiehandel geopfert werden\u201c<\/h3>\n<\/div>\n<div class=\"fusion-separator fusion-full-width-sep\"><\/div>\n<div class=\"fusion-text fusion-text-3\">\n<p>Frankfurt am Main, 1.9.2026 \u2013 <strong>Die Internationale Gesellschaft f\u00fcr Menschenrechte (IGFM) schl\u00e4gt Alarm wegen der dramatischen Haftbedingungen des aserbaidschanischen Oppositionsf\u00fchrers Ali Karimli. Nach Angaben seiner Familie wird dem 61-j\u00e4hrigen Vorsitzenden der Aserbaidschanischen Volksfrontpartei (AVP) eine dringend ben\u00f6tigte \u00e4rztliche Untersuchung verweigert. Zudem sind die Bedingungen in seiner Zelle unhaltbar: M\u00fcll wird nicht entsorgt, Bettw\u00e4sche nicht gewechselt und das Trinkwasser wird rationiert. Die IGFM fordert die Bundesregierung und die Europ\u00e4ische Union auf, unverz\u00fcglich ihren politischen und wirtschaftlichen Einfluss auf Pr\u00e4sident Ilham Alijew geltend zu machen.<\/strong><\/p>\n<p>\u201eAli Karimli braucht jetzt einen Arzt und er braucht menschenw\u00fcrdige Haftbedingungen. Wir fordern dar\u00fcber hinaus die vollst\u00e4ndige Einstellung des Strafverfahrens und Karimlis sofortige Freilassung. Deutschland und die EU d\u00fcrfen nicht darauf warten, dass aus der politischen Repression eine medizinische Trag\u00f6die wird\u201c, erkl\u00e4rt IGFM-Vorstandssprecher Valerio Kr\u00fcger.<\/p>\n<p><strong>Politisch motiviertes Verfahren gegen f\u00fchrenden Demokraten<\/strong><strong><br \/>\n<\/strong>Karimli war Anfang der 1990er Jahre bereits als Staatssekret\u00e4r t\u00e4tig und geh\u00f6rt zu den bekanntesten demokratischen und proeurop\u00e4ischen Oppositionspolitikern Aserbaidschans. Am 29. November 2025 wurde er nach einer Durchsuchung seines Hauses in Baku festgenommen. Ein Gericht ordnete kurz darauf Untersuchungshaft an. Die Beh\u00f6rden werfen ihm unter anderem Handlungen zur \u201egewaltsamen Macht\u00fcbernahme\u201c und eine \u201egewaltsame Ver\u00e4nderung der Verfassungsordnung\u201c vor. Die IGFM bewertet das Verfahren als rein politisch motivierte Repression gegen die demokratische Opposition des Landes.<\/p>\n<p><strong>Gezielte Schikane und alarmierende Haftbedingungen<\/strong><strong><br \/>\n<\/strong>Neben der mangelnden Hygiene und der gezielten Wasserknappheit w\u00e4hrend einer Hitzewelle wurde Karimli zeitweise der Kontakt zu seiner Familie untersagt. Besonders brisant: Er wird gemeinsam mit einem psychisch kranken, mutma\u00dflichen IS-K\u00e4mpfer gefangen gehalten, was einen ausreichenden Schlaf fast unm\u00f6glich macht.<\/p>\n<p><strong>Warnendes Beispiel: Rund 400 politische Gefangene<\/strong><strong><br \/>\n<\/strong>Der Fall steht laut IGFM beispielhaft f\u00fcr das systematische Vorgehen des Regimes, das derzeit rund 400 Menschen in politisch motivierter Haft h\u00e4lt. Wie gef\u00e4hrlich die unzureichende medizinische Versorgung in aserbaidschanischen Gef\u00e4ngnissen ist, zeigt das Schicksal von Gozel Bayramli, der ehemaligen Stellvertreterin Karimlis. Sie wurde ebenfalls von der IGFM betreut und verstarb ein Jahr nach ihrer Haftentlassung an den Folgen einer zu sp\u00e4t behandelten Krebserkrankung. \u201eDer Fall Gozel Bayramli muss uns eine Warnung sein. Bei Ali Karimli darf sich diese Trag\u00f6die nicht wiederholen\u201c, betont Kr\u00fcger.<\/p>\n<p><strong>IGFM an die EU: Menschenrechte d\u00fcrfen keine Nebensache sein<\/strong><strong><br \/>\n<\/strong>Da Aserbaidschan im Zuge der europ\u00e4ischen Energie-Diversifizierung zu einem wichtigen Partner der EU geworden ist, fordert die IGFM, wirtschaftliche Beziehungen zwingend an Rechtsstaatlichkeit zu kn\u00fcpfen. \u201eWer mit Aserbaidschan wirtschaftliche und energiepolitische Beziehungen ausbauen will, muss auch die eigenen Gesch\u00e4ftsbedingungen klar benennen\u201c, so Valerio Kr\u00fcger.<\/p>\n<\/div>\n<div class=\"fusion-separator fusion-full-width-sep\"><\/div>\n<div><a class=\"fusion-button button-flat fusion-button-default-size button-default fusion-button-default button-1 fusion-button-default-span fusion-button-default-type\" href=\"https:\/\/www.igfm.de\/news-presse\/\" target=\"_blank\" rel=\"noopener noreferrer\"><span class=\"fusion-button-text awb-button__text awb-button__text--default\">Weitere Meldungen<\/span><\/a><\/div>\n<div class=\"fusion-separator fusion-full-width-sep\"><\/div>\n<\/div>\n<\/div>\n<div class=\"fusion-layout-column fusion_builder_column fusion-builder-column-6 fusion_builder_column_1_4 1_4 fusion-flex-column\">\n<div class=\"fusion-column-wrapper fusion-column-has-shadow fusion-flex-justify-content-flex-start fusion-content-layout-column\"><\/div>\n<\/div>\n<div class=\"fusion-layout-column fusion_builder_column fusion-builder-column-7 fusion_builder_column_1_6 1_6 fusion-flex-column\">\n<div class=\"fusion-column-wrapper fusion-column-has-shadow fusion-flex-justify-content-flex-start fusion-content-layout-column\"><\/div>\n<\/div>\n<div class=\"fusion-layout-column fusion_builder_column fusion-builder-column-8 fusion_builder_column_2_3 2_3 fusion-flex-column\">\n<div class=\"fusion-column-wrapper fusion-column-has-shadow fusion-flex-justify-content-flex-start fusion-content-layout-column\">\n<div class=\"fusion-text fusion-text-4\">\n<h3 class=\"fusion-responsive-typography-calculated\" data-fontsize=\"21.7188\" data-lineheight=\"28.2333px\"><\/h3>\n<\/div>\n<\/div>\n<\/div>\n<p>&nbsp;<\/p>\n<p>&nbsp;<\/p>\n","protected":false},"excerpt":{"rendered":"<p>Aserbaidschan: Oppositionsf\u00fchrer Ali Karimli in Haft \u201eDeutschland und EU m\u00fcssen jetzt handeln \u2013 Menschenrechte d\u00fcrfen nicht dem Energiehandel geopfert werden\u201c Frankfurt am Main, 1.9.2026 \u2013 Die Internationale Gesellschaft f\u00fcr Menschenrechte (IGFM) schl\u00e4gt Alarm wegen der dramatischen Haftbedingungen des aserbaidschanischen Oppositionsf\u00fchrers Ali Karimli. Nach Angaben seiner Familie wird dem 61-j\u00e4hrigen Vorsitzenden der Aserbaidschanischen Volksfrontpartei (AVP) eine dringend ben\u00f6tigte \u00e4rztliche Untersuchung verweigert. Zudem sind die Bedingungen in seiner Zelle unhaltbar: M\u00fcll wird nicht entsorgt, Bettw\u00e4sche nicht gewechselt und das Trinkwasser wird rationiert. Die IGFM <a href=\"https:\/\/humanrights-online.org\/de\/aserbaidschan-oppositionsfuehrer-ali-karimli-in-haft\/\"> [&#8230;]<\/a><\/p>\n","protected":false},"author":113,"featured_media":77819,"comment_status":"open","ping_status":"closed","sticky":false,"template":"","format":"standard","meta":{"slim_seo":{"title":"Aserbaidschan: Oppositionsf\u00fchrer Ali Karimli in Haft - Menschenrechte Osteuropa - News &amp; Konflikte","description":"Die IGFM warnt vor den alarmierenden Haftbedingungen des aserbaidschanischen Oppositionsf\u00fchrers Ali Karimli, dem unter anderem eine dringend ben\u00f6tigte medizinis"},"_slim_seo_primary_term_category":75,"_slim_seo_primary_term_post_tag":0,"footnotes":""},"categories":[75,484,475,490],"tags":[],"class_list":["post-77818","post","type-post","status-publish","format-standard","has-post-thumbnail","hentry","category-aserbaidschan-cat","category-belaeus-cat-en-2","category-country-azerbaijan-2","category-country-azerbaijan-3"],"_links":{"self":[{"href":"https:\/\/humanrights-online.org\/de\/wp-json\/wp\/v2\/posts\/77818","targetHints":{"allow":["GET"]}}],"collection":[{"href":"https:\/\/humanrights-online.org\/de\/wp-json\/wp\/v2\/posts"}],"about":[{"href":"https:\/\/humanrights-online.org\/de\/wp-json\/wp\/v2\/types\/post"}],"author":[{"embeddable":true,"href":"https:\/\/humanrights-online.org\/de\/wp-json\/wp\/v2\/users\/113"}],"replies":[{"embeddable":true,"href":"https:\/\/humanrights-online.org\/de\/wp-json\/wp\/v2\/comments?post=77818"}],"version-history":[{"count":1,"href":"https:\/\/humanrights-online.org\/de\/wp-json\/wp\/v2\/posts\/77818\/revisions"}],"predecessor-version":[{"id":77827,"href":"https:\/\/humanrights-online.org\/de\/wp-json\/wp\/v2\/posts\/77818\/revisions\/77827"}],"wp:featuredmedia":[{"embeddable":true,"href":"https:\/\/humanrights-online.org\/de\/wp-json\/wp\/v2\/media\/77819"}],"wp:attachment":[{"href":"https:\/\/humanrights-online.org\/de\/wp-json\/wp\/v2\/media?parent=77818"}],"wp:term":[{"taxonomy":"category","embeddable":true,"href":"https:\/\/humanrights-online.org\/de\/wp-json\/wp\/v2\/categories?post=77818"},{"taxonomy":"post_tag","embeddable":true,"href":"https:\/\/humanrights-online.org\/de\/wp-json\/wp\/v2\/tags?post=77818"}],"curies":[{"name":"wp","href":"https:\/\/api.w.org\/{rel}","templated":true}]}}