{"id":77805,"date":"2026-08-31T17:50:48","date_gmt":"2026-08-31T15:50:48","guid":{"rendered":"https:\/\/humanrights-online.org\/ysu-is-holding-a-conference-dedicated-to-the-history-of-azerbaijan-what-really-happened\/"},"modified":"2026-08-31T18:40:48","modified_gmt":"2026-08-31T16:40:48","slug":"ysu-is-holding-a-conference-dedicated-to-the-history-of-azerbaijan-what-really-happened","status":"publish","type":"post","link":"https:\/\/humanrights-online.org\/de\/ysu-is-holding-a-conference-dedicated-to-the-history-of-azerbaijan-what-really-happened\/","title":{"rendered":"Die YSU veranstaltet eine Konferenz zum Thema \u201eDie Geschichte Aserbaidschans: Was ist wirklich geschehen?\u201c"},"content":{"rendered":"<h1 class=\"entry-title\">Die YSU veranstaltet eine Konferenz zum Thema \u201eDie Geschichte Aserbaidschans: Was ist wirklich geschehen?\u201c<\/h1>\n<div class=\"container\">\n<div id=\"model-response-message-contentr_eb55bdd9b661f4dc\" class=\"markdown markdown-main-panel md-content enable-luminous-fast-follows enable-updated-hr-color\" dir=\"ltr\" aria-busy=\"false\" aria-live=\"polite\">\n<p data-path-to-node=\"0\"><img decoding=\"async\" class=\"alignleft wp-image-77785\" src=\"https:\/\/humanrights-online.org\/wp-content\/uploads\/2026\/08\/fact_2.jpg\" alt=\"Fact\" width=\"450\" height=\"750\" srcset=\"https:\/\/humanrights-online.org\/wp-content\/uploads\/2026\/08\/fact_2-16x27.jpg 16w, https:\/\/humanrights-online.org\/wp-content\/uploads\/2026\/08\/fact_2-120x200.jpg 120w, https:\/\/humanrights-online.org\/wp-content\/uploads\/2026\/08\/fact_2-200x333.jpg 200w, https:\/\/humanrights-online.org\/wp-content\/uploads\/2026\/08\/fact_2-400x667.jpg 400w, https:\/\/humanrights-online.org\/wp-content\/uploads\/2026\/08\/fact_2-600x1000.jpg 600w, https:\/\/humanrights-online.org\/wp-content\/uploads\/2026\/08\/fact_2-614x1024.jpg 614w, https:\/\/humanrights-online.org\/wp-content\/uploads\/2026\/08\/fact_2-768x1281.jpg 768w, https:\/\/humanrights-online.org\/wp-content\/uploads\/2026\/08\/fact_2-800x1334.jpg 800w, https:\/\/humanrights-online.org\/wp-content\/uploads\/2026\/08\/fact_2-921x1536.jpg 921w, https:\/\/humanrights-online.org\/wp-content\/uploads\/2026\/08\/fact_2.jpg 971w\" sizes=\"(max-width: 450px) 100vw, 450px\" \/><\/p>\n<div id=\"model-response-message-contentr_e7f5279a5f0f29af\" class=\"markdown markdown-main-panel md-content enable-luminous-fast-follows enable-updated-hr-color\" dir=\"ltr\" aria-busy=\"false\" aria-live=\"polite\">\n<div>Am 12. August 2026 um 18:45 Uhr ver\u00f6ffentlichte die Website \u201eHraparak\u201c einen Artikel mit dem Titel <b data-path-to-node=\"0\" data-index-in-node=\"99\">\u201eDie JSU veranstaltet eine Konferenz zur Geschichte Aserbaidschans\u201c.<\/b><\/div>\n<div>Der Artikel begann mit einem Konferenzbericht, der auf der Website der Staatlichen Universit\u00e4t Jerewan (JSU) ver\u00f6ffentlicht worden war. Innerhalb weniger Stunden erschien er auch auf den Seiten anderer Nachrichtenportale, meist mit demselben Titel und nahezu identischem Inhalt.<\/div>\n<div>Auf den ersten Blick schien die Geschichte einfach: Die Staatliche Universit\u00e4t Jerewan veranstaltet eine Konferenz zur Geschichte Aserbaidschans. Ein Blick auf die Quellen zeigt jedoch, dass das tats\u00e4chliche Bild deutlich komplexer ist.<\/div>\n<div>Die Frage ist: Was hat die JSU tats\u00e4chlich angek\u00fcndigt, wer hat die Konferenz organisiert, wem war sie gewidmet und wie wurden diese Informationen der \u00d6ffentlichkeit pr\u00e4sentiert?<\/div>\n<h3 data-path-to-node=\"5\">Was hat die JSU ver\u00f6ffentlicht?<\/h3>\n<div>Die auf der Website der JSU ver\u00f6ffentlichte Ank\u00fcndigung besagt, dass das American Research Institute of the South Caucasus (ARISC) eine Online-Konferenz anl\u00e4sslich des 20. Jahrestages seiner Gr\u00fcndung organisiert. Die Konferenz ist f\u00fcr den 17. bis 19. September 2026 geplant.<\/div>\n<div>Das Thema der Konferenz ist in der Ank\u00fcndigung recht klar formuliert: Es betrifft die Geschichte, Politik, Kultur und Gesellschaft des S\u00fcdkaukasus, mit einem besonderen Fokus auf Armenien, Aserbaidschan und Georgien. In der Ank\u00fcndigung hei\u00dft es au\u00dferdem, dass Antr\u00e4ge auf Teilnahme von Dozenten, unabh\u00e4ngigen Forschern, Doktoranden und Studenten eingereicht werden k\u00f6nnen.<\/div>\n<div>Mit anderen Worten: In der Ursprungsquelle gibt es keinerlei Formulierung, dass die Konferenz <i data-path-to-node=\"8\" data-index-in-node=\"94\">ausschlie\u00dflich<\/i> der Geschichte Aserbaidschans gewidmet sei. Zudem wird sie in der Erkl\u00e4rung der JSU als eine von ARISC organisierte Konferenz dargestellt. Die JSU fungiert lediglich als Plattform, auf der die Einladung zur Teilnahme ver\u00f6ffentlicht wurde.<\/div>\n<h3 data-path-to-node=\"10\">Und wer ist ARISC?<\/h3>\n<div>ARISC (das American Research Institute of the South Caucasus) ist eine US-amerikanische Forschungsorganisation, die auf ihrer offiziellen Website als unabh\u00e4ngiges, gemeinn\u00fctziges US-amerikanisches Auslandsforschungszentrum (<i data-path-to-node=\"11\" data-index-in-node=\"224\">American Overseas Research Center<\/i>) beschrieben wird. Die Organisation besch\u00e4ftigt sich mit der Unterst\u00fctzung wissenschaftlicher Forschung zu Armenien, Aserbaidschan und Georgien und hat Vertretungen in Jerewan, Baku und Tiflis.<\/div>\n<div>Nach offiziellen Angaben der Organisation:<\/div>\n<ul data-path-to-node=\"13\">\n<li>\n<div>Wurde sie 2006 gegr\u00fcndet und erhielt 2007 den Status einer gemeinn\u00fctzigen Organisation nach 501(c)(3) in den Vereinigten Staaten.<\/div>\n<\/li>\n<li>\n<div>Ist ARISC Mitglied des Council of American Overseas Research Centers und eine angebundene Organisation der Association for Slavic, East European, and Eurasian Studies.<\/div>\n<\/li>\n<\/ul>\n<div>Die offizielle ARISC-Website f\u00fchrt 2026 als das Jahr des 20-j\u00e4hrigen Bestehens der Organisation auf. Die ver\u00f6ffentlichte Veranstaltungsliste der Organisation enth\u00e4lt dieselbe Konferenz unter dem Titel <b data-path-to-node=\"14\" data-index-in-node=\"201\">\u201eCelebrating 20 Years of ARISC: Approaches and Directions in the Study of the South Caucasus\u201c<\/b>, geplant f\u00fcr den 17. bis 19. September im Online-Format.<\/div>\n<div>Diese Daten sind aus einem Grund wichtig: Sie zeigen, dass es sich hierbei nicht um eine neu ins Leben gerufene Initiative oder um eine zu einem bestimmten politischen Zweck geschaffene Ma\u00dfnahme handelt. ARISC ist eine Forschungsorganisation, die seit Jahren t\u00e4tig ist, und ihr geografischer T\u00e4tigkeitsbereich ist genau der S\u00fcdkaukasus.<\/div>\n<h3 data-path-to-node=\"17\">Und was schrieb \u201eHraparak\u201c?<\/h3>\n<div><img decoding=\"async\" class=\"alignleft  wp-image-77799\" src=\"https:\/\/humanrights-online.org\/wp-content\/uploads\/2026\/08\/hetq.jpg\" alt=\"Hetq\" width=\"447\" height=\"893\" srcset=\"https:\/\/humanrights-online.org\/wp-content\/uploads\/2026\/08\/hetq-14x27.jpg 14w, https:\/\/humanrights-online.org\/wp-content\/uploads\/2026\/08\/hetq-100x200.jpg 100w, https:\/\/humanrights-online.org\/wp-content\/uploads\/2026\/08\/hetq-200x400.jpg 200w, https:\/\/humanrights-online.org\/wp-content\/uploads\/2026\/08\/hetq-400x799.jpg 400w, https:\/\/humanrights-online.org\/wp-content\/uploads\/2026\/08\/hetq-512x1024.jpg 512w, https:\/\/humanrights-online.org\/wp-content\/uploads\/2026\/08\/hetq.jpg 600w\" sizes=\"(max-width: 447px) 100vw, 447px\" \/>In einem am 12. August ver\u00f6ffentlichten Artikel berichtete <i data-path-to-node=\"18\" data-index-in-node=\"59\">Hraparak<\/i> zun\u00e4chst korrekt \u00fcber einen Teil der Konferenzerkl\u00e4rung und merkte an, dass sie sich auf die Geschichte, Politik, Kultur und Gesellschaft Armeniens, Aserbaidschans und Georgiens beziehe.<\/div>\n<div>Der Titel wurde jedoch wie folgt formuliert: <i data-path-to-node=\"19\" data-index-in-node=\"45\">\u201eDie JSU veranstaltet eine Konferenz zur Geschichte Aserbaidschans.\u201c<\/i> Hier entsteht das erste erhebliche Problem.<\/div>\n<div>Die offizielle Beschreibung der Konferenz bezieht sich auf den gesamten S\u00fcdkaukasus, w\u00e4hrend der Titel nur Aserbaidschan herausgreift und gleichzeitig die Konferenz direkt mit der JSU verkn\u00fcpft. Dies ist keine vollst\u00e4ndige Dementierung der Tatsache, da das Thema Aserbaidschan tats\u00e4chlich im Rahmen der Konferenz enthalten ist. Es verschiebt jedoch den Schwerpunkt: Der Leser kann aus dem Titel schlie\u00dfen, dass die JSU eine Veranstaltung organisiert hat, die speziell der Geschichte Aserbaidschans gewidmet ist. Die urspr\u00fcngliche Quelle sagt dies nicht.<\/div>\n<h3 data-path-to-node=\"22\">Und wer ist der Organisator?<\/h3>\n<div><i data-path-to-node=\"23\" data-index-in-node=\"0\">Hraparak<\/i> schrieb, dass ARISC \u201einnerhalb der JSU agiert\u201c. In einer Klarstellung vom 14. August dementierte die JSU diese Behauptung und wies darauf hin, dass ARISC keine Struktur innerhalb der JSU ist, sondern eine unabh\u00e4ngige US-amerikanische gemeinn\u00fctzige Forschungsorganisation.<\/div>\n<div>Um diese Aussage zu \u00fcberpr\u00fcfen, haben wir nicht nur die Erkl\u00e4rung der JSU, sondern auch die offiziellen Quellen von ARISC gepr\u00fcft. Diese pr\u00e4sentieren ARISC als unabh\u00e4ngige gemeinn\u00fctzige Organisation und als US-Auslandsforschungszentrum. Auf der offiziellen Website der Organisation wird die JSU nicht als die Struktur dargestellt, innerhalb derer ARISC arbeitet.<\/div>\n<div>Daher ist die Formulierung \u201eARISC agiert innerhalb der JSU\u201c, zumindest im Vergleich mit der eigenen offiziellen Beschreibung von ARISC, nicht best\u00e4tigt.<\/div>\n<h3 data-path-to-node=\"27\">Warum hat die JSU die Erkl\u00e4rung ver\u00f6ffentlicht?<\/h3>\n<div>Auch hier muss zwischen zwei Dingen unterschieden werden: <b data-path-to-node=\"28\" data-index-in-node=\"58\">der Organisation der Veranstaltung<\/b> und <b data-path-to-node=\"28\" data-index-in-node=\"97\">der Ver\u00f6ffentlichung der Ank\u00fcndigung dar\u00fcber<\/b>.<\/div>\n<div>Das auf der Website der JSU ver\u00f6ffentlichte Material tr\u00e4gt den Titel <i data-path-to-node=\"29\" data-index-in-node=\"69\">\u201eEinladung zur Online-Konferenz: American Research Institute of the South Caucasus\u201c.<\/i> Der Text besagt direkt, dass ARISC die Online-Konferenz anl\u00e4sslich seines 20-j\u00e4hrigen Bestehens ank\u00fcndigt. Das Vorhandensein der Ank\u00fcndigung auf der Website der JSU bedeutet f\u00fcr sich genommen also keineswegs, dass die JSU der Organisator der Konferenz ist. Dies ist genau der Punkt, an dem die Formulierung einer Pressemitteilung die Wahrnehmung der urspr\u00fcnglichen Information ver\u00e4ndern kann.<\/div>\n<h3 data-path-to-node=\"31\">Politischer Kommentar und Spekulation<\/h3>\n<div>Nach der Bereitstellung von Informationen \u00fcber die Konferenz geht der <i data-path-to-node=\"32\" data-index-in-node=\"70\">Hraparak<\/i>-Artikel zu einem politischen Kommentar \u00fcber. Der Artikel beschreibt die JSU als eine <i data-path-to-node=\"32\" data-index-in-node=\"164\">\u201eStruktur, die der Kommunistischen Partei Armeniens nahesteht\u201c<\/i>, und die Handlungen des Rektors Hovhannes Hovhannisyan werden als Versuch dargestellt, sich bei den Beh\u00f6rden \u201eeinzuschmeicheln\u201c. Die Konferenz wird zudem mit der F\u00f6rderung \u201epro-aserbaidschanischer Ideen\u201c in Verbindung gebracht.<\/div>\n<div>Der Artikel liefert jedoch keine Dokumente oder andere \u00fcberpr\u00fcfbare Beweise f\u00fcr diese Behauptungen, die zeigen w\u00fcrden, dass der Grund f\u00fcr die Organisation der Konferenz in politischen Interessen der Beh\u00f6rden liegt oder dass sie organisiert wurde, um Aserbaidschans politische Positionen zu verteidigen.<\/div>\n<div>Daher haben wir es hier nicht mehr mit factualen Informationen auf derselben Ebene zu tun, sondern mit politischer Interpretation und Spekulation.<\/div>\n<div>Besonders wichtig ist, dass das Vorhandensein von Studien zur aserbaidschanischen Geschichte oder Kultur auf einer Konferenz f\u00fcr sich genommen keinen Beleg f\u00fcr die Unterst\u00fctzung der aserbaidschanischen Politik darstellt. Das Thema einer wissenschaftlichen Veranstaltung kann jedes beliebige Land, jeder Konflikt oder jeder politische Prozess sein. Untersuchungsgegenstand zu sein und politische Positionen zu diesem Gegenstand zu verteidigen, sind zwei verschiedene Dinge.<\/div>\n<h3 data-path-to-node=\"37\">Die Reaktion der JSU<\/h3>\n<div>Am 14. August reagierte die JSU offiziell auf die Ver\u00f6ffentlichung von <i data-path-to-node=\"38\" data-index-in-node=\"71\">Hraparak<\/i>. Die Universit\u00e4t gab bekannt, dass sie keine Konferenz zur Geschichte Aserbaidschans organisiert, sondern lediglich eine Einladung zur Teilnahme an einer von ARISC organisierten Online-Konferenz auf ihrer Website ver\u00f6ffentlicht hat.<\/div>\n<div>Die JSU hob auch den tats\u00e4chlichen thematischen Umfang der Konferenz hervor: Geschichte, Politik, Kultur und Gesellschaft des S\u00fcdkaukasus. Die Universit\u00e4t stellte den politischen Teil der Berichterstattung als Spekulation statt als Fakten dar und sprach das Thema der Verbreitung von Spekulationen an.<\/div>\n<div>Die Reaktion der JSU war somit im Wesentlichen der Versuch, die Geschichte wieder in den vollst\u00e4ndigen Kontext der urspr\u00fcnglichen Quelle zur\u00fcckzuf\u00fchren. Doch zu diesem Zeitpunkt hatte sich die Geschichte bereits verbreitet.<\/div>\n<h3 data-path-to-node=\"42\">Die Kette der Medienverbreitung<\/h3>\n<div>Am 12. August, nach der Ver\u00f6ffentlichung in <i data-path-to-node=\"43\" data-index-in-node=\"44\">Hraparak<\/i>, erschien dasselbe Material auf den Websites mehrerer anderer Nachrichtenportale. Bei einer offenen Suche haben wir mindestens die folgenden Ver\u00f6ffentlichungen oder Nachdrucke gefunden:<\/div>\n<ul data-path-to-node=\"44\">\n<li>\n<div><b data-path-to-node=\"44,0,0\" data-index-in-node=\"0\">Yerkir<\/b> (12. August, um 20:18 Uhr): Ver\u00f6ffentlichte dieselbe Geschichte unter dem Titel <i data-path-to-node=\"44,0,0\" data-index-in-node=\"87\">\u201eDie JSU veranstaltet eine Konferenz zur Geschichte Aserbaidschans\u201c.<\/i><\/div>\n<\/li>\n<li>\n<div><b data-path-to-node=\"44,1,0\" data-index-in-node=\"0\">Hayeli.am<\/b> (12. August, um 20:42 Uhr): Verbreitete den Artikel mit demselben Titel unter Berufung auf <i data-path-to-node=\"44,1,0\" data-index-in-node=\"101\">Hraparak<\/i>.<\/div>\n<\/li>\n<li>\n<div><b data-path-to-node=\"44,2,0\" data-index-in-node=\"0\">ArmDay<\/b> (12. August, um 20:51 Uhr): \u00dcbernahm denselben Artikel unter Berufung auf <i data-path-to-node=\"44,2,0\" data-index-in-node=\"81\">Hraparak<\/i>.<\/div>\n<\/li>\n<li>\n<div><b data-path-to-node=\"44,3,0\" data-index-in-node=\"0\">Yerevan Today<\/b> (12. August): Teilte dieselbe Geschichte, ebenfalls mit einem Link zu <i data-path-to-node=\"44,3,0\" data-index-in-node=\"84\">Hraparak<\/i>.<\/div>\n<\/li>\n<li>\n<div><b data-path-to-node=\"44,4,0\" data-index-in-node=\"0\">Newszone<\/b>: Ver\u00f6ffentlichte den <i data-path-to-node=\"44,4,0\" data-index-in-node=\"30\">Hraparak<\/i>-Artikel mit demselben grundlegenden Wortlaut neu.<\/div>\n<\/li>\n<li>\n<div><b data-path-to-node=\"44,5,0\" data-index-in-node=\"0\">Iravunk<\/b> (13. August): Ver\u00f6ffentlichte den Artikel unter Berufung auf <i data-path-to-node=\"44,5,0\" data-index-in-node=\"69\">Hraparak<\/i>.<\/div>\n<\/li>\n<li>\n<div><b data-path-to-node=\"44,6,0\" data-index-in-node=\"0\">Azg<\/b> (13. August): Ver\u00f6ffentlichte den <i data-path-to-node=\"44,6,0\" data-index-in-node=\"38\">Hraparak<\/i>-Artikel.<\/div>\n<\/li>\n<li>\n<div><b data-path-to-node=\"44,7,0\" data-index-in-node=\"0\">Verelq<\/b> (13. August): Ver\u00f6ffentlichte dieselbe Geschichte mit einem Link zu <i data-path-to-node=\"44,7,0\" data-index-in-node=\"75\">Hraparak<\/i>.<\/div>\n<\/li>\n<li>\n<div><b data-path-to-node=\"44,8,0\" data-index-in-node=\"0\">Lrahos<\/b>: Ver\u00f6ffentlichte einen Artikel mit demselben Titel unter Berufung auf <i data-path-to-node=\"44,8,0\" data-index-in-node=\"77\">Hraparak.am<\/i>.<\/div>\n<\/li>\n<\/ul>\n<div>Insgesamt identifiziert eine offene Suche mindestens neun Seiten, die denselben Inhalt zus\u00e4tzlich zum urspr\u00fcnglichen <i data-path-to-node=\"45\" data-index-in-node=\"117\">Hraparak<\/i>-Artikel verbreitet haben. Das bedeutet nicht, dass sie alle eigenes journalistisches Material vorbereitet haben; im Gegenteil, in mehreren F\u00e4llen geben die Ver\u00f6ffentlichungen offen an, dass das Material von <i data-path-to-node=\"45\" data-index-in-node=\"333\">Hraparak<\/i> \u00fcbernommen wurde.<\/div>\n<h3 data-path-to-node=\"47\">Wie funktionierte der Verbreitungsmechanismus?<\/h3>\n<div>Dieser Fall illustriert einen recht h\u00e4ufigen Mechanismus in der Informationskette:<\/div>\n<ol start=\"1\" data-path-to-node=\"49\">\n<li>\n<div>Das erste Nachrichtenportal ver\u00f6ffentlicht eine Schlagzeile mit starken politischen Untert\u00f6nen.<\/div>\n<\/li>\n<li>\n<div>Andere Websites greifen dasselbe Material auf, oft ohne die urspr\u00fcngliche Quelle separat zu \u00fcberpr\u00fcfen.<\/div>\n<\/li>\n<li>\n<div>Infolgedessen erscheint dieselbe Behauptung auf verschiedenen Websites.<\/div>\n<\/li>\n<\/ol>\n<div>Der Leser gewinnt den Eindruck, dass \u201emehrere Nachrichtenportale dasselbe geschrieben haben\u201c. In Wirklichkeit handelt es sich jedoch nicht um die Best\u00e4tigung durch neun unabh\u00e4ngige journalistische Quellen, sondern um den mehrfachen Nachdruck einer einzigen urspr\u00fcnglichen Ver\u00f6ffentlichung.<\/div>\n<div>Diese Unterscheidung ist beim Faktencheck besonders wichtig: Wenn zehn Websites dieselbe Information teilen, sich aber alle auf eine einzige Ver\u00f6ffentlichung beziehen, haben wir es nicht mit zehn unabh\u00e4ngigen Best\u00e4tigungen zu tun, sondern mit der Vervielf\u00e4ltigung einer unbest\u00e4tigten oder umstrittenen Behauptung.<\/div>\n<h3 data-path-to-node=\"53\">Was ist wahr und was ist irref\u00fchrend?<\/h3>\n<div>Bei dieser Geschichte ist es wichtig, nicht in die Extreme \u201ealles war gelogen\u201c oder \u201ealles war wahr\u201c zu verfallen.<\/div>\n<div><b data-path-to-node=\"55\" data-index-in-node=\"0\">Die Fakten:<\/b><\/div>\n<ul data-path-to-node=\"56\">\n<li>\n<div><b data-path-to-node=\"56,0,0\" data-index-in-node=\"0\">Wahr:<\/b> ARISC organisiert f\u00fcr 2026 eine Konferenz anl\u00e4sslich seines 20-j\u00e4hrigen Bestehens.<\/div>\n<\/li>\n<li>\n<div><b data-path-to-node=\"56,1,0\" data-index-in-node=\"0\">Wahr:<\/b> Zu den Themen der Konferenz geh\u00f6ren Armenien, Aserbaidschan und Georgien.<\/div>\n<\/li>\n<li>\n<div><b data-path-to-node=\"56,2,0\" data-index-in-node=\"0\">Wahr:<\/b> Eine Einladung zur Teilnahme an dieser Konferenz wurde auf der Website der JSU ver\u00f6ffentlicht.<\/div>\n<\/li>\n<\/ul>\n<div><b data-path-to-node=\"57\" data-index-in-node=\"0\">Die irref\u00fchrenden \/ falschen Behauptungen:<\/b><\/div>\n<ul data-path-to-node=\"58\">\n<li>\n<div><b data-path-to-node=\"58,0,0\" data-index-in-node=\"0\">Unbest\u00e4tigt \/ Irref\u00fchrend:<\/b> Die Darstellung, dass die Konferenz ausschlie\u00dflich der Geschichte Aserbaidschans gewidmet sei.<\/div>\n<\/li>\n<li>\n<div><b data-path-to-node=\"58,1,0\" data-index-in-node=\"0\">Falsch:<\/b> Die Darstellung, dass ARISC eine Struktur innerhalb der JSU sei. Die eigene Website von ARISC pr\u00e4sentiert das Institut als unabh\u00e4ngiges US-amerikanisches gemeinn\u00fctziges Forschungszentrum.<\/div>\n<\/li>\n<li>\n<div><b data-path-to-node=\"58,2,0\" data-index-in-node=\"0\">Unbegr\u00fcndete Spekulation:<\/b> Die Behauptungen, dass die JSU eine \u201eder Kommunistischen Partei nahestehende Struktur\u201c sei, dass der Rektor sich bei den Beh\u00f6rden \u201eeinschmeicheln\u201c wollte und dass er durch die Konferenz \u201epro-aserbaidschanische Ideen\u201c f\u00f6rdere, sind politische Bewertungen ohne ausreichende faktische Begr\u00fcndung.<\/div>\n<\/li>\n<\/ul>\n<h3 data-path-to-node=\"60\">Fazit<\/h3>\n<div>Das wichtigste Problem bei dieser Geschichte ist nicht nur eine einzelne Fehlaussage \u2013 es ist die <b data-path-to-node=\"61\" data-index-in-node=\"98\">Ver\u00e4nderung des Kontextes<\/b>.<\/div>\n<div>Die urspr\u00fcngliche Ank\u00fcndigung sprach \u00fcber die Geschichte, Politik, Kultur und Gesellschaft dreier L\u00e4nder des S\u00fcdkaukasus. Die Nachrichtenschlagzeile trennte nur Aserbaidschan von diesem breiten Thema ab und verkn\u00fcpfte es direkt mit der JSU. Anschlie\u00dfend wurde ein politischer Kommentar hinzugef\u00fcgt, und dasselbe Material wurde von anderen Nachrichtenportalen verbreitet. Infolgedessen wurde die Geschichte, die den Leser erreichte, sch\u00e4rfer und politischer als das urspr\u00fcngliche Faktum.<\/div>\n<div>Spiegelten der Titel der Ver\u00f6ffentlichung und die politischen Schlussfolgerungen den vollen Inhalt der urspr\u00fcnglichen Quelle wider? Die Antwort lautet: <b data-path-to-node=\"63\" data-index-in-node=\"152\">nicht vollst\u00e4ndig<\/b>. Die Konferenz existiert tats\u00e4chlich, Aserbaidschan ist in ihrem Rahmen enthalten, und die JSU hat eine Einladung auf ihrer Website ver\u00f6ffentlicht. Daraus folgt jedoch nicht, dass die JSU eine Konferenz organisiert hat, die ausschlie\u00dflich der Geschichte Aserbaidschans gewidmet war, noch dass sie organisiert wurde, um eine \u201epro-aserbaidschanische\u201c Politik voranzutreiben.<\/div>\n<div>Manchmal entsteht eine irref\u00fchrende Geschichte nicht aus einer v\u00f6llig frei erfundenen Tatsache. Sie kann konstruiert werden, indem reale Fakten ausgew\u00e4hlt, hervorgehoben und aus dem Kontext gerissen dargestellt werden. Um den Leser irref\u00fchren zu k\u00f6nnen, ist es nicht notwendig, die Realit\u00e4t komplett zu ver\u00e4ndern \u2013 es reicht aus, das zu ver\u00e4ndern, was in den Vordergrund gestellt wird. Diese Geschichte r\u00fcckte eine \u201eKonferenz zur Geschichte Aserbaidschans\u201c in den Vordergrund, w\u00e4hrend es in der urspr\u00fcnglichen Quelle um die Erforschung dreier L\u00e4nder des S\u00fcdkaukasus ging.<\/div>\n<div><b data-path-to-node=\"66\" data-index-in-node=\"0\">Journalist:<\/b> Sargis Asatryan<\/div>\n<div><i data-path-to-node=\"67\" data-index-in-node=\"0\">Das Material wurde im Rahmen des Disinformation Flows Monitoring Project erstellt.<\/i><\/div>\n<\/div>\n<div class=\"wp-caption alignnone\"><a class=\"fusion-no-lightbox\" href=\"https:\/\/www.auswaertiges-amt.de\/\"><img decoding=\"async\" class=\" lazyloaded\" src=\"https:\/\/ishrarmenia.am\/wp-content\/uploads\/2024\/08\/logo_opr_amt.png\" alt=\"\" width=\"242\" height=\"150\" data-orig-src=\"https:\/\/ishrarmenia.am\/wp-content\/uploads\/2024\/08\/logo_opr_amt.png\" \/><\/a><\/div>\n<p><span dir=\"auto\">#CivilSocietyCooperation #ishrarmenia #ishrfactcheck<\/span><\/p>\n<p>Das Projekt wird mit finanzieller Unterst\u00fctzung des Ausw\u00e4rtigen Amtes der Bundesrepublik Deutschland durchgef\u00fchrt.<\/p>\n<p>Quelle: <a href=\"https:\/\/ishrarmenia.am\/1375\/\" target=\"_blank\" rel=\"nofollow noopener\">ishrarmenia.am<\/a><\/p>\n<\/div>\n<\/div>\n","protected":false},"excerpt":{"rendered":"<p>Die YSU veranstaltet eine Konferenz zum Thema \u201eDie Geschichte Aserbaidschans: Was ist wirklich geschehen?\u201c Am 12. August 2026 um 18:45 Uhr ver\u00f6ffentlichte die Website \u201eHraparak\u201c einen Artikel mit dem Titel \u201eDie JSU veranstaltet eine Konferenz zur Geschichte Aserbaidschans\u201c. Der Artikel begann mit einem Konferenzbericht, der auf der Website der Staatlichen Universit\u00e4t Jerewan (JSU) ver\u00f6ffentlicht worden war. Innerhalb weniger Stunden erschien er auch auf den Seiten anderer Nachrichtenportale, meist mit demselben Titel und nahezu identischem Inhalt. Auf den ersten Blick schien die Geschichte <a href=\"https:\/\/humanrights-online.org\/de\/ysu-is-holding-a-conference-dedicated-to-the-history-of-azerbaijan-what-really-happened\/\"> [&#8230;]<\/a><\/p>\n","protected":false},"author":113,"featured_media":77790,"comment_status":"open","ping_status":"closed","sticky":false,"template":"","format":"standard","meta":{"slim_seo":{"title":"Die YSU veranstaltet eine Konferenz zum Thema \u201eDie Geschichte Aserbaidschans: Was ist wirklich geschehen?\u201c - Menschenrechte Osteuropa - News &amp; Konflikte","description":"Die YSU veranstaltet eine Konferenz zum Thema \u201eDie Geschichte Aserbaidschans: Was ist wirklich geschehen?\u201c Am 12. August 2026 um 18:45 Uhr ver\u00f6ffentlichte die W"},"_slim_seo_primary_term_category":220,"_slim_seo_primary_term_post_tag":0,"footnotes":""},"categories":[74,30,472,1378],"tags":[852,1382],"class_list":["post-77805","post","type-post","status-publish","format-standard","has-post-thumbnail","hentry","category-armenien-cat","category-blog-news","category-country-armenia-3","category-oepr-armenia-2026","tag-civilsocietycooperation-de","tag-oepr-armenia-2026"],"_links":{"self":[{"href":"https:\/\/humanrights-online.org\/de\/wp-json\/wp\/v2\/posts\/77805","targetHints":{"allow":["GET"]}}],"collection":[{"href":"https:\/\/humanrights-online.org\/de\/wp-json\/wp\/v2\/posts"}],"about":[{"href":"https:\/\/humanrights-online.org\/de\/wp-json\/wp\/v2\/types\/post"}],"author":[{"embeddable":true,"href":"https:\/\/humanrights-online.org\/de\/wp-json\/wp\/v2\/users\/113"}],"replies":[{"embeddable":true,"href":"https:\/\/humanrights-online.org\/de\/wp-json\/wp\/v2\/comments?post=77805"}],"version-history":[{"count":3,"href":"https:\/\/humanrights-online.org\/de\/wp-json\/wp\/v2\/posts\/77805\/revisions"}],"predecessor-version":[{"id":77813,"href":"https:\/\/humanrights-online.org\/de\/wp-json\/wp\/v2\/posts\/77805\/revisions\/77813"}],"wp:featuredmedia":[{"embeddable":true,"href":"https:\/\/humanrights-online.org\/de\/wp-json\/wp\/v2\/media\/77790"}],"wp:attachment":[{"href":"https:\/\/humanrights-online.org\/de\/wp-json\/wp\/v2\/media?parent=77805"}],"wp:term":[{"taxonomy":"category","embeddable":true,"href":"https:\/\/humanrights-online.org\/de\/wp-json\/wp\/v2\/categories?post=77805"},{"taxonomy":"post_tag","embeddable":true,"href":"https:\/\/humanrights-online.org\/de\/wp-json\/wp\/v2\/tags?post=77805"}],"curies":[{"name":"wp","href":"https:\/\/api.w.org\/{rel}","templated":true}]}}