{"id":74776,"date":"2026-03-10T11:34:20","date_gmt":"2026-03-10T10:34:20","guid":{"rendered":"https:\/\/humanrights-online.org\/president-thomas-schirrmacher-and-secretary-general-of-ishr-visit-kurdistan\/"},"modified":"2026-03-10T13:33:33","modified_gmt":"2026-03-10T12:33:33","slug":"praesident-thomas-schirrmacher-und-generalsekretaer-der-igfm-matthias-boehning-besuchen-kurdistan","status":"publish","type":"post","link":"https:\/\/humanrights-online.org\/de\/praesident-thomas-schirrmacher-und-generalsekretaer-der-igfm-matthias-boehning-besuchen-kurdistan\/","title":{"rendered":"Pr\u00e4sident Thomas Schirrmacher und Generalsekret\u00e4r der IGFM Matthias B\u00f6hning besuchen Kurdistan"},"content":{"rendered":"<h1>Pr\u00e4sident Thomas Schirrmacher und Generalsekret\u00e4r der IGFM Matthias B\u00f6hning besuchen Kurdistan<\/h1>\n<div style=\"width: 1210px\" class=\"wp-caption aligncenter\"><img decoding=\"async\" src=\"https:\/\/ishr.org\/wp-content\/uploads\/2026\/03\/BQ0908-1-1200x900.jpg\" alt=\"\" width=\"1200\" height=\"900\" \/><p class=\"wp-caption-text\">Thomas Schirrmacher mit S. E. First Ahmed, Justizminister von Kurdistan \u00a9 IGFM<\/p><\/div>\n<p>Der Pr\u00e4sident und der Generalsekret\u00e4r der Internationalen Gesellschaft f\u00fcr Menschenrechte (ISHR) besuchten Kurdistan, um mehr \u00fcber die humanit\u00e4re Hilfsarbeit der ISHR-Sektion Kurdistan zu erfahren und die guten Beziehungen zur Barzani Charity Foundation (BCF), dem wichtigsten Kooperationspartner der ISHR in Kurdistan, zu st\u00e4rken.<\/p>\n<p>Wir bieten vier Fotogalerien des Besuchs:<\/p>\n<ul>\n<li><a href=\"https:\/\/thomasschirrmacher.net\/?p=25064\" target=\"_blank\" rel=\"noopener\">Kurdistan \u2013 Iraq \u2013 Religious leaders Muslims, Yazidis, Christians<\/a><\/li>\n<li><a href=\"https:\/\/thomasschirrmacher.net\/?p=25037\" target=\"_blank\" rel=\"noopener\">Kurdistan \u2013 Four ministers and the mayor of Erbil<\/a><\/li>\n<li><a href=\"https:\/\/thomasschirrmacher.net\/?p=25017\" target=\"_blank\" rel=\"noopener\">Kurdistan \u2013 Iraq \u2013 Refugee camps and the Barzani Foundation<\/a><\/li>\n<li><a href=\"https:\/\/thomasschirrmacher.net\/?p=24997\" target=\"_blank\" rel=\"noopener\">Erbil \u2013 Kurdistan \u2013 Iraq<\/a><\/li>\n<\/ul>\n<p>Unmittelbar nach ihrer Ankunft in Erbil wurden Pr\u00e4sident Thomas Schirrmacher und Generalsekret\u00e4r Matthias B\u00f6hning am Flughafen herzlich von ISHR-L\u00e4nderdirektor Dr. Krmanj Othman, dem Koordinator f\u00fcr humanit\u00e4re Hilfe im Nahen Osten der deutschen Sektion der ISHR, Khalil Al-Rasho, und BCF-Mitarbeiter Gulistan empfangen. Vom Flughafen aus fuhren sie direkt zu ihrem ersten Termin mit S.E. Dr. Pishtiwan Sadiq, dem Minister f\u00fcr religi\u00f6se Stiftungen, der von Dastan Abdulrahman Ali (zust\u00e4ndig f\u00fcr die Beziehungen im Ministerb\u00fcro) gedolmetscht wurde und an dem Ameel Astefan Malham Hariri (Berater des Ministeriums f\u00fcr Stiftungen und religi\u00f6se Angelegenheiten) teilnahm. Khalid Jamal Alber (Generaldirektor f\u00fcr christliche Angelegenheiten) und sein Kollege, der Generaldirektor f\u00fcr yezidische Angelegenheiten, nahmen ebenfalls teil.<\/p>\n<div id=\"attachment_22158\" class=\"wp-caption aligncenter\">\n<p><img decoding=\"async\" class=\"wp-image-22158 size-large\" src=\"https:\/\/ishr.org\/wp-content\/uploads\/2026\/03\/BQ0908-2-1024x768.jpg\" sizes=\"(max-width: 1024px) 100vw, 1024px\" srcset=\"https:\/\/ishr.org\/wp-content\/uploads\/2026\/03\/BQ0908-2-200x150.jpg 200w, https:\/\/ishr.org\/wp-content\/uploads\/2026\/03\/BQ0908-2-300x225.jpg 300w, https:\/\/ishr.org\/wp-content\/uploads\/2026\/03\/BQ0908-2-400x300.jpg 400w, https:\/\/ishr.org\/wp-content\/uploads\/2026\/03\/BQ0908-2-600x450.jpg 600w, https:\/\/ishr.org\/wp-content\/uploads\/2026\/03\/BQ0908-2-768x576.jpg 768w, https:\/\/ishr.org\/wp-content\/uploads\/2026\/03\/BQ0908-2-800x600.jpg 800w, https:\/\/ishr.org\/wp-content\/uploads\/2026\/03\/BQ0908-2-1024x768.jpg 1024w, https:\/\/ishr.org\/wp-content\/uploads\/2026\/03\/BQ0908-2-1200x900.jpg 1200w, https:\/\/ishr.org\/wp-content\/uploads\/2026\/03\/BQ0908-2-1536x1152.jpg 1536w\" alt=\"\" width=\"1024\" height=\"768\" aria-describedby=\"caption-attachment-22158\" \/><\/p>\n<p id=\"caption-attachment-22158\" class=\"wp-caption-text\">Der Minister f\u00fcr religi\u00f6se Stiftungen Kurdistans, S. E. Dr. Pishtiwan Sadiq, und seine wichtigsten Direktoren mit einer gemeinsamen Delegation von ISHR und der Barzani-Stiftung \u00a9 IGFM<\/p>\n<\/div>\n<p>W\u00e4hrend des Treffens wurde auf die sich derzeit versch\u00e4rfende Notlage der Christen in Kurdistan hingewiesen, die unter den Machenschaften von Rayan Al-Kildani leiden, zu denen auch Landraub geh\u00f6rt. Al-Kildani ist ein chald\u00e4ischer Christ aus dem Nordirak, geboren um 1975. Er pr\u00e4sentiert sich als Verteidiger der Christen und gr\u00fcndete 2018 die Babylon-Brigade (auch bekannt als 50. Brigade oder Kataib Babiliyoun), eine Miliz unter dem Dach der schiitischen Volksmobilisierungskr\u00e4fte (PMF\/Hashd al-Shaabi). Trotz ihres christlichen Namens besteht die Brigade gr\u00f6\u00dftenteils aus schiitischen K\u00e4mpfern aus dem S\u00fcden des Irak, die vom Iran unterst\u00fctzt werden. Al-Kildani hat enge Verbindungen zu iranischen Einflussgruppen (z. B. der Quds-Brigade) und wurde 2023 von den USA wegen Korruption, Erpressung und Behinderung der R\u00fcckkehr vertriebener Christen mit Sanktionen belegt. Nach der Befreiung der Ninive-Ebene vom IS im Jahr 2017 (V\u00f6lkermord an Christen und Jesiden) kehrten viele der rund 120.000 vertriebenen Christen nicht zur\u00fcck, weil Milizen wie die Babylon-Brigade Land, H\u00e4user und Kl\u00f6ster besetzt hatten. Die USA bezeichnen Al-Kildanis Brigade als das \u201eHaupthemmnis\u201d f\u00fcr die R\u00fcckkehr, da sie systematisch Eigentum pl\u00fcndert und enteignet \u2013 oft unter dem Vorwand der \u201eSicherheit\u201d. Davon sind Tausende Hektar in D\u00f6rfern wie Qaraqosh, Karamles und dem Nahla-Tal betroffen, wo Christen seit den 1980er Jahren unter Druck stehen (z. B. durch kurdische oder schiitische Siedler). Der Pr\u00e4sident der ISHR erkl\u00e4rte sich bereit, M\u00f6glichkeiten zu pr\u00fcfen, wie die ISHR helfen k\u00f6nnte, was von Dastan Abdulrahman Ali mit gro\u00dfer Dankbarkeit aufgenommen wurde. Angesichts der ansonsten respektablen Religionsfreiheit in Kurdistan stellt der Fall Al-Kildani eine echte Belastung dar.<\/p>\n<p>Am Nachmittag besuchte die IGFM-Delegation, zu der der Pr\u00e4sident und Generalsekret\u00e4r, die Islamwissenschaftlerin Dr. Esther Schirrmacher und der pers\u00f6nliche Assistent des ISHR-Pr\u00e4sidenten, Martin Warnecke, der auch Herausgeber des Jahrbuchs zur Religionsfreiheit ist, geh\u00f6rten, die Zitadelle von Erbil. Die Besichtigung wurde von Mitarbeitern der Barzani Charity Foundation (BCF) organisiert, die der Delegation auch mitteilten, dass die BCF derzeit dabei ist, ein eigenes Geschichtsmuseum in der Zitadelle zu er\u00f6ffnen. Der Tag endete mit einem Abendessen mit BCF-Mitarbeitern im traditionellen kurdischen Restaurant Qazuan.<\/p>\n<p>Der Mittwoch begann mit einem Besuch im Fl\u00fcchtlingslager Baharka, wo die IGFM-Delegation von Botan, dem Koordinator f\u00fcr Binnenvertriebene (IDPs), und Abdulkadr, dem Lagerleiter (beide Mitarbeiter der BCF), begr\u00fc\u00dft wurde, die ihnen die Arbeit der BCF vor Ort vorstellten. Es stellte sich heraus, dass das Lager haupts\u00e4chlich Familien ehemaliger IS-K\u00e4mpfer beherbergt.<\/p>\n<p>Die M\u00e4nner\/V\u00e4ter sind oft inhaftiert oder tot, was die Notlage der zur\u00fcckgelassenen Frauen und Kinder noch versch\u00e4rft. Das Lager wurde 2014 er\u00f6ffnet und bietet laut Lagerleitung nach wie vor 181 Familien (865 Personen) Schutz und Unterkunft. Die gr\u00f6\u00dfte Herausforderung besteht darin, den Binnenfl\u00fcchtlingen die notwendigen Dienstleistungen zukommen zu lassen, auf die sie nach humanit\u00e4ren Standards Anspruch haben. Nach Angaben von BCF-Mitarbeitern k\u00fcmmert sich die irakische Zentralregierung in Bagdad kaum noch um das Lager und die dort lebenden Menschen. Strom und flie\u00dfendes Wasser sind rund um die Uhr verf\u00fcgbar. In allen anderen Bereichen gibt es jedoch erhebliche M\u00e4ngel: Lebensmittelversorgung, Hygiene, Bildung und Gesundheit. Die Zentralregierung hat seit mehr als zwei Jahren keine Hygieneartikel mehr geliefert, es gibt keine medizinische Grundversorgung im Lager, und die Menschen m\u00fcssen bei Krankheit oder Verletzungen in das nahe gelegene Erbil fahren.<\/p>\n<p>&nbsp;<\/p>\n<div id=\"attachment_22162\" class=\"wp-caption aligncenter\">\n<p><img decoding=\"async\" class=\"wp-image-22162 size-large\" src=\"https:\/\/ishr.org\/wp-content\/uploads\/2026\/03\/BQ0908-6-1024x768.jpg\" sizes=\"(max-width: 1024px) 100vw, 1024px\" srcset=\"https:\/\/ishr.org\/wp-content\/uploads\/2026\/03\/BQ0908-6-200x150.jpg 200w, https:\/\/ishr.org\/wp-content\/uploads\/2026\/03\/BQ0908-6-300x225.jpg 300w, https:\/\/ishr.org\/wp-content\/uploads\/2026\/03\/BQ0908-6-400x300.jpg 400w, https:\/\/ishr.org\/wp-content\/uploads\/2026\/03\/BQ0908-6-600x450.jpg 600w, https:\/\/ishr.org\/wp-content\/uploads\/2026\/03\/BQ0908-6-768x576.jpg 768w, https:\/\/ishr.org\/wp-content\/uploads\/2026\/03\/BQ0908-6-800x600.jpg 800w, https:\/\/ishr.org\/wp-content\/uploads\/2026\/03\/BQ0908-6-1024x768.jpg 1024w, https:\/\/ishr.org\/wp-content\/uploads\/2026\/03\/BQ0908-6-1200x900.jpg 1200w, https:\/\/ishr.org\/wp-content\/uploads\/2026\/03\/BQ0908-6-1536x1152.jpg 1536w\" alt=\"\" width=\"1024\" height=\"768\" aria-describedby=\"caption-attachment-22162\" \/><\/p>\n<p id=\"caption-attachment-22162\" class=\"wp-caption-text\">Fl\u00fcchtlingslager Baharka in Kurdistan \u00a9 IGFM<\/p>\n<\/div>\n<p>Dar\u00fcber hinaus verf\u00fcgen die wenigen vorhandenen Schulen weder \u00fcber Lehrkr\u00e4fte noch \u00fcber Schreibmaterialien. Interessanterweise beherbergt das Lager auch pal\u00e4stinensische Familien, die vor vielen Jahrzehnten zun\u00e4chst in die Region Mosul geflohen waren und nach 2014 als Binnenvertriebene im Lager Baharka Schutz suchten. W\u00e4hrend ihres Rundgangs durch das Lager traf die ISHR-Delegation einen Mann mittleren Alters, der ihnen seine provisorische Behausung zeigte (bestehend aus Ziegelw\u00e4nden und blauen Planen, die als Dach straff dar\u00fcber gespannt waren). Er bat die Delegation um finanzielle Unterst\u00fctzung f\u00fcr den Ersatz des alten und abgenutzten Daches und sch\u00e4tzte den ben\u00f6tigten Betrag auf umgerechnet etwa 80 Euro. Die Hilfe wurde sofort zugesagt, mit der Bitte an Khalil Al-Rasho, die tats\u00e4chliche Bereitstellung der Hilfe sicherzustellen und zu \u00fcberwachen.<\/p>\n<p>Vom Lager aus begab sich die Delegation zur Union islamischer Gelehrter, wo sie von deren Pr\u00e4sidenten, Mulla Abdulla Waisi, empfangen wurde. Es folgte eine lebhafte theologische Diskussion zwischen Erzbischof Professor Schirrmacher und dem islamischen Gelehrten \u00fcber die Sichtweisen des Islam und des Christentums zum Einsatz von Gewalt und zur Bek\u00e4mpfung religi\u00f6sen Extremismus.<\/p>\n<p>Am Ende des Treffens kam eine Delegation christlicher F\u00fchrer in den Besprechungsraum, um gemeinsam Pr\u00e4sident Mulla Abdulla Waisi zum 55-j\u00e4hrigen Bestehen der Union islamischer Gelehrter zu gratulieren. Professor Schirrmacher kannte alle anwesenden christlichen F\u00fchrer pers\u00f6nlich, insbesondere den r\u00f6misch-katholischen Erzbischof Warda und den syrisch-orthodoxen Erzbischof Nicodemus, sodass es ein freudiges Wiedersehen war.<\/p>\n<div id=\"attachment_22159\" class=\"wp-caption aligncenter\">\n<p><img decoding=\"async\" class=\"wp-image-22159 size-large\" src=\"https:\/\/ishr.org\/wp-content\/uploads\/2026\/03\/BQ0908-3-1024x768.jpg\" sizes=\"(max-width: 1024px) 100vw, 1024px\" srcset=\"https:\/\/ishr.org\/wp-content\/uploads\/2026\/03\/BQ0908-3-200x150.jpg 200w, https:\/\/ishr.org\/wp-content\/uploads\/2026\/03\/BQ0908-3-300x225.jpg 300w, https:\/\/ishr.org\/wp-content\/uploads\/2026\/03\/BQ0908-3-400x300.jpg 400w, https:\/\/ishr.org\/wp-content\/uploads\/2026\/03\/BQ0908-3-600x450.jpg 600w, https:\/\/ishr.org\/wp-content\/uploads\/2026\/03\/BQ0908-3-768x576.jpg 768w, https:\/\/ishr.org\/wp-content\/uploads\/2026\/03\/BQ0908-3-800x600.jpg 800w, https:\/\/ishr.org\/wp-content\/uploads\/2026\/03\/BQ0908-3-1024x768.jpg 1024w, https:\/\/ishr.org\/wp-content\/uploads\/2026\/03\/BQ0908-3-1200x900.jpg 1200w, https:\/\/ishr.org\/wp-content\/uploads\/2026\/03\/BQ0908-3-1536x1152.jpg 1536w\" alt=\"\" width=\"1024\" height=\"768\" aria-describedby=\"caption-attachment-22159\" \/><\/p>\n<p id=\"caption-attachment-22159\" class=\"wp-caption-text\">Delegation von Erzbisch\u00f6fen verschiedener Kirchen bei der Union islamischer Gelehrter in Erbil, Kurdistan \u00a9 IGFM<\/p>\n<\/div>\n<p>Das Mittagessen fand auf pers\u00f6nliche Einladung des Pr\u00e4sidenten der Barzani Charity Foundation (BCF), Musa Ahmed, im Hauptsitz der BCF statt, nachdem zuvor ein offizieller Empfang in den R\u00e4umlichkeiten des BCF-Pr\u00e4sidenten stattgefunden hatte, bei dem Professor Schirrmacher ihm im Namen der ISHR f\u00fcr die langj\u00e4hrige hervorragende Zusammenarbeit dankte. Nach dem Mittagessen bat der BCF-Pr\u00e4sident Professor Schirrmacher, vor etwa 150 BCF-Mitarbeitern und Auszubildenden zu sprechen, die sich zu ihrer regelm\u00e4\u00dfigen Mitarbeiterversammlung im Veranstaltungssaal auf dem BCF-Gel\u00e4nde versammelt hatten.<\/p>\n<p>In seiner Rede betonte der IGFM-Pr\u00e4sident die Bedeutung eines durch den Glauben motivierten und gest\u00e4rkten Engagements f\u00fcr die Menschenrechte, das alle BCF-Mitarbeiter durch ihre t\u00e4gliche Arbeit in verschiedenen Bereichen der Organisation in idealer Form verk\u00f6rperten. Die Gelegenheit, diese Rede zu halten, war ein weiteres Zeichen f\u00fcr die enge und vertrauensvolle Beziehung, die sich \u00fcber viele Jahre zwischen der ISHR und der BCF entwickelt hat.<\/p>\n<p>Am Nachmittag besuchte die Delegation S. E. Ano Jawhar Abdoka, den Minister f\u00fcr Verkehr und Kommunikation, in seinem B\u00fcro in Erbil. Der Minister ist auch der Vertreter der Christen im Ministerrat der Regionalregierung Kurdistans. Herman Berwari, Generaldirektor des Ministeriums, und Dr. Jamal, Generaldirektor f\u00fcr Kommunikation und Postwesen, nahmen ebenfalls an dem Treffen teil. W\u00e4hrend des Gespr\u00e4chs betonte Minister Ano die lange Geschichte der Toleranz und des Zusammenlebens, die Kurdistan auszeichnet. Er bot IGRM an, jederzeit als Wissensquelle und Ansprechpartner zur Verf\u00fcgung zu stehen. Er sprach auch \u00fcber das erste Nationale Gebetsfr\u00fchst\u00fcck, das im April 2025 unter seiner Mitveranstalterrolle stattfand, und bot an, Vertreter von IGFM zur zweiten Ausgabe im Jahr 2026 einzuladen.<\/p>\n<div id=\"attachment_22161\" class=\"wp-caption alignleft\">\n<p>&nbsp;<\/p>\n<p id=\"caption-attachment-22161\" class=\"wp-caption-text\">\n<\/div>\n<div id=\"attachment_22161\" style=\"width: 330px\" class=\"wp-caption alignleft\"><img decoding=\"async\" aria-describedby=\"caption-attachment-22161\" class=\"wp-image-22161\" src=\"https:\/\/ishr.org\/wp-content\/uploads\/2026\/03\/BQ0908-5-768x1024.jpg\" sizes=\"(max-width: 320px) 100vw, 320px\" srcset=\"https:\/\/ishr.org\/wp-content\/uploads\/2026\/03\/BQ0908-5-200x267.jpg 200w, https:\/\/ishr.org\/wp-content\/uploads\/2026\/03\/BQ0908-5-225x300.jpg 225w, https:\/\/ishr.org\/wp-content\/uploads\/2026\/03\/BQ0908-5-400x533.jpg 400w, https:\/\/ishr.org\/wp-content\/uploads\/2026\/03\/BQ0908-5-600x800.jpg 600w, https:\/\/ishr.org\/wp-content\/uploads\/2026\/03\/BQ0908-5-768x1024.jpg 768w, https:\/\/ishr.org\/wp-content\/uploads\/2026\/03\/BQ0908-5-800x1067.jpg 800w, https:\/\/ishr.org\/wp-content\/uploads\/2026\/03\/BQ0908-5-1152x1536.jpg 1152w, https:\/\/ishr.org\/wp-content\/uploads\/2026\/03\/BQ0908-5-1200x1600.jpg 1200w, https:\/\/ishr.org\/wp-content\/uploads\/2026\/03\/BQ0908-5-1536x2048.jpg 1536w, https:\/\/ishr.org\/wp-content\/uploads\/2026\/03\/BQ0908-5-scaled.jpg 1920w\" alt=\"\" width=\"320\" height=\"427\" aria-describedby=\"caption-attachment-22161\" \/><p id=\"caption-attachment-22161\" class=\"wp-caption-text\">Lalisch Baba Chauish und Thomas Schirrmacher im zentralen Heiligtum der Jesiden in Kurdistan \u00a9 IGFM<\/p><\/div>\n<p>Anschlie\u00dfend machte sich die gesamte Delegation auf den Weg nach Dohuk, um am fr\u00fchen Abend das Rabban-Hormizd-Kloster in Alqosh (ein wichtiger Wallfahrtsort f\u00fcr Assyrer, Chald\u00e4er und syrische Christen, der heute vor allem mit der chald\u00e4isch-katholischen Kirche in Verbindung gebracht wird, obwohl er urspr\u00fcnglich zur Kirche des Ostens (nestorianische Tradition) geh\u00f6rte) und Lalish, das spirituelle Zentrum der Jesiden, zu besuchen. In Lalish traf die Delegation Baba Chauish, einen der h\u00f6chsten spirituellen F\u00fchrer der Yeziden weltweit, und erfuhr im Gespr\u00e4ch mehr \u00fcber die aktuelle Lage der yezidischen Gemeinschaft weltweit.<\/p>\n<p>Nach ihrer R\u00fcckkehr nach Erbil am sp\u00e4ten Abend traf die ISHR-Delegation mit Kerstin Spriesterbach zusammen, die im deutschen Generalkonsulat in Erbil f\u00fcr das Ressort der deutschen Entwicklungszusammenarbeit zust\u00e4ndig ist. Eine wichtige Erkenntnis aus den sp\u00e4tabendlichen Gespr\u00e4chen auf der Terrasse des Radisson Hotels in Erbil war, dass die Fortdauer des Fl\u00fcchtlings- oder Binnenvertriebenenstatus der Menschen in den Lagern in Kurdistan zunehmend zu einem Problem wird, da die Budgets f\u00fcr die Versorgung und den Unterhalt der Lager aufgrund der j\u00fcngsten globalen politischen Entwicklungen (vor allem der Aufl\u00f6sung der USAID durch US-Pr\u00e4sident Donald Trump) immer knapper werden w\u00e4hrend sich die Aussichten auf eine R\u00fcckkehr in ihre traditionellen Siedlungsgebiete (f\u00fcr die Jesiden vor allem die Region um Sinjar) verschlechtern. Erschwerend kommt hinzu, dass die (ohnehin schon mageren) R\u00fcckkehrhilfen f\u00fcr die Menschen in den Lagern nun vollst\u00e4ndig gestrichen wurden. Die Zukunftsaussichten und die internationale Geberstrategie f\u00fcr eine langfristige, nachhaltige Stabilisierung der Lage in Kurdistan sind daher v\u00f6llig offen und unklar. Dies muss von einem einflussreichen Akteur in den internationalen diplomatischen Bem\u00fchungen der Weltgemeinschaft in Bezug auf Kurdistan und den Aktivit\u00e4ten zahlreicher Staaten im Bereich der Entwicklungszusammenarbeit koh\u00e4rent und eindringlich deutlich gemacht werden, um sicherzustellen, dass die wenigen verf\u00fcgbaren Ressourcen f\u00fcr wirklich nachhaltige L\u00f6sungen f\u00fcr Kurdistan eingesetzt werden. Derzeit scheint die internationale Zusammenarbeit mit Kurdistan eher zuf\u00e4llig und ziellos zu sein, oder, um es milder auszudr\u00fccken, \u201emehr vom Gleichen\u201d.<\/p>\n<p>&nbsp;<\/p>\n<p>Am letzten Tag der Delegationsreise, Donnerstag, dem 25. September, besuchte die IGFM-Delegation S. E. First Ahmed, Justizminister der kurdischen Regionalregierung. Dieser Besuch im Ministerium war f\u00fcr die ISHR von besonderer Bedeutung, da der ISHR-L\u00e4nderdirektor im Irak, Dr. Krmanj Othman, als leitender Rechtsberater im Justizministerium t\u00e4tig ist und dort auch sein B\u00fcro hat. Die Kontakte zum Justizminister und seinen unmittelbaren Mitarbeitern sind entsprechend herzlich. Unter anderem wurde die Bereitschaft der IGFM diskutiert, Rechtstexte aus Deutschland und anderen L\u00e4ndern ins Arabische zu \u00fcbersetzen und dem Justizministerium zur weiteren Verwendung zur Verf\u00fcgung zu stellen.<\/p>\n<p>Anschlie\u00dfend besuchte die Delegation S.E. Omed Xoshnaw, den Gouverneur von Erbil, in seinem Regierungsgeb\u00e4ude. Neben den Mitarbeitern des Gouverneurs nahm auch Naz Jalal Saleem, Direktor f\u00fcr Migration und Krisenbew\u00e4ltigung der Provinz Erbil, an dem Treffen teil. Der Gouverneur brachte seine tiefe Dankbarkeit und Begeisterung f\u00fcr die Arbeit des ISHR in Zusammenarbeit mit der BCF zum Ausdruck und bedankte sich \u00fcberschw\u00e4nglich bei ihnen. Er \u00fcberreichte dem Pr\u00e4sidenten des ISHR ein besonderes Geschenk: eine hochwertige, gerahmte Miniaturansicht der Zitadelle von Erbil.<\/p>\n<p>Die Zitadelle ist direkt vom Eingang seines Palastes aus zu sehen. Die Provinzverwaltung versicherte den Vertretern der IGFM, dass sie sich jederzeit mit Fragen oder Anliegen an die Provinzverwaltung wenden k\u00f6nnten und dass alles getan werde, um ihnen zu helfen. Dies ist in erster Linie das Ergebnis der langj\u00e4hrigen, hochwertigen Arbeit von Dr. Krmanj Othman und Khalil Al-Rasho. W\u00e4hrend des Besuchs beim Gouverneur betonte der IGFM-Pr\u00e4sident, dass dies Khalil Al-Rashos 46. Delegationsreise nach Kurdistan war, was den Umfang seiner langj\u00e4hrigen Arbeit verdeutlicht.<\/p>\n<p>&nbsp;<\/p>\n<div id=\"attachment_22160\" class=\"wp-caption aligncenter\">\n<p><img decoding=\"async\" class=\"wp-image-22160 size-large\" src=\"https:\/\/ishr.org\/wp-content\/uploads\/2026\/03\/BQ0908-4-1024x768.jpg\" sizes=\"(max-width: 1024px) 100vw, 1024px\" srcset=\"https:\/\/ishr.org\/wp-content\/uploads\/2026\/03\/BQ0908-4-200x150.jpg 200w, https:\/\/ishr.org\/wp-content\/uploads\/2026\/03\/BQ0908-4-300x225.jpg 300w, https:\/\/ishr.org\/wp-content\/uploads\/2026\/03\/BQ0908-4-400x300.jpg 400w, https:\/\/ishr.org\/wp-content\/uploads\/2026\/03\/BQ0908-4-600x450.jpg 600w, https:\/\/ishr.org\/wp-content\/uploads\/2026\/03\/BQ0908-4-768x576.jpg 768w, https:\/\/ishr.org\/wp-content\/uploads\/2026\/03\/BQ0908-4-800x600.jpg 800w, https:\/\/ishr.org\/wp-content\/uploads\/2026\/03\/BQ0908-4-1024x768.jpg 1024w, https:\/\/ishr.org\/wp-content\/uploads\/2026\/03\/BQ0908-4-1200x900.jpg 1200w, https:\/\/ishr.org\/wp-content\/uploads\/2026\/03\/BQ0908-4-1536x1152.jpg 1536w\" alt=\"\" width=\"1024\" height=\"768\" aria-describedby=\"caption-attachment-22160\" \/><\/p>\n<p id=\"caption-attachment-22160\" class=\"wp-caption-text\">Der Pr\u00e4sident der Union islamischer Gelehrter, Mulla Abdulla Waisi, mit Thomas Schirrmacher und einer Delegation der IGFM zum 55-j\u00e4hrigen Jubil\u00e4um der Union \u00a9IGFM<\/p>\n<\/div>\n<p>Auf dem Weg zum Flughafen wurde schlie\u00dflich Dr. Dlovan M. F. Jalal, Generaldirektor f\u00fcr Gesundheit in Erbil im Gesundheitsministerium der Regionalregierung Kurdistans, besucht. Dr. Dlovan ist ein langj\u00e4hriger Freund und Begleiter der Arbeit der IGFM, der bereits zweimal an der Jahreskonferenz der deutschen Sektion der ISHR teilgenommen hat. W\u00e4hrend der Jahreskonferenz 2023 ehrte er Thomas Schirrmacher mit einer besonderen Medaille. Derzeit kandidiert er f\u00fcr das irakische Nationalparlament und hofft, bei den Wahlen im November einen Sitz zu gewinnen. Er versprach auch, die Arbeit der IGFM in Kurdistan weiterhin nach besten Kr\u00e4ften zu unterst\u00fctzen, wof\u00fcr der Pr\u00e4sident und der Generalsekret\u00e4r der IGFM ihm ihren aufrichtigen Dank aussprachen.<\/p>\n<p>&nbsp;<\/p>\n<h3 class=\"fusion-responsive-typography-calculated\" data-fontsize=\"21\" data-lineheight=\"27.3px\">Ein Bericht von Matthias B\u00f6hning<\/h3>\n<p>&nbsp;<\/p>\n","protected":false},"excerpt":{"rendered":"<p>Pr\u00e4sident Thomas Schirrmacher und Generalsekret\u00e4r der IGFM Matthias B\u00f6hning besuchen Kurdistan Der Pr\u00e4sident und der Generalsekret\u00e4r der Internationalen Gesellschaft f\u00fcr Menschenrechte (ISHR) besuchten Kurdistan, um mehr \u00fcber die humanit\u00e4re Hilfsarbeit der ISHR-Sektion Kurdistan zu erfahren und die guten Beziehungen zur Barzani Charity Foundation (BCF), dem wichtigsten Kooperationspartner der ISHR in Kurdistan, zu st\u00e4rken. Wir bieten vier Fotogalerien des Besuchs: Kurdistan \u2013 Iraq \u2013 Religious leaders Muslims, Yazidis, Christians Kurdistan \u2013 Four ministers and the mayor of Erbil Kurdistan \u2013 Iraq \u2013 Refugee <a href=\"https:\/\/humanrights-online.org\/de\/praesident-thomas-schirrmacher-und-generalsekretaer-der-igfm-matthias-boehning-besuchen-kurdistan\/\"> [&#8230;]<\/a><\/p>\n","protected":false},"author":113,"featured_media":74772,"comment_status":"open","ping_status":"closed","sticky":false,"template":"","format":"standard","meta":{"slim_seo":{"title":"Pr\u00e4sident Thomas Schirrmacher und Generalsekret\u00e4r der IGFM Matthias B\u00f6hning besuchen Kurdistan - Menschenrechte Osteuropa - News &amp; Konflikte","description":"Pr\u00e4sident Thomas Schirrmacher und Generalsekret\u00e4r der IGFM Matthias B\u00f6hning besuchen Kurdistan Thomas Schirrmacher mit S. E. First Ahmed, Justizminister von Kur"},"footnotes":""},"categories":[30],"tags":[],"class_list":["post-74776","post","type-post","status-publish","format-standard","has-post-thumbnail","hentry","category-blog-news"],"_links":{"self":[{"href":"https:\/\/humanrights-online.org\/de\/wp-json\/wp\/v2\/posts\/74776","targetHints":{"allow":["GET"]}}],"collection":[{"href":"https:\/\/humanrights-online.org\/de\/wp-json\/wp\/v2\/posts"}],"about":[{"href":"https:\/\/humanrights-online.org\/de\/wp-json\/wp\/v2\/types\/post"}],"author":[{"embeddable":true,"href":"https:\/\/humanrights-online.org\/de\/wp-json\/wp\/v2\/users\/113"}],"replies":[{"embeddable":true,"href":"https:\/\/humanrights-online.org\/de\/wp-json\/wp\/v2\/comments?post=74776"}],"version-history":[{"count":3,"href":"https:\/\/humanrights-online.org\/de\/wp-json\/wp\/v2\/posts\/74776\/revisions"}],"predecessor-version":[{"id":74780,"href":"https:\/\/humanrights-online.org\/de\/wp-json\/wp\/v2\/posts\/74776\/revisions\/74780"}],"wp:featuredmedia":[{"embeddable":true,"href":"https:\/\/humanrights-online.org\/de\/wp-json\/wp\/v2\/media\/74772"}],"wp:attachment":[{"href":"https:\/\/humanrights-online.org\/de\/wp-json\/wp\/v2\/media?parent=74776"}],"wp:term":[{"taxonomy":"category","embeddable":true,"href":"https:\/\/humanrights-online.org\/de\/wp-json\/wp\/v2\/categories?post=74776"},{"taxonomy":"post_tag","embeddable":true,"href":"https:\/\/humanrights-online.org\/de\/wp-json\/wp\/v2\/tags?post=74776"}],"curies":[{"name":"wp","href":"https:\/\/api.w.org\/{rel}","templated":true}]}}