{"id":73798,"date":"2026-01-28T13:56:42","date_gmt":"2026-01-28T12:56:42","guid":{"rendered":"https:\/\/humanrights-online.org\/?p=73798"},"modified":"2026-02-02T11:19:01","modified_gmt":"2026-02-02T10:19:01","slug":"4-jahre-russischer-angriffskrieg-in-der-ukraine","status":"publish","type":"post","link":"https:\/\/humanrights-online.org\/de\/4-jahre-russischer-angriffskrieg-in-der-ukraine\/","title":{"rendered":"4 Jahre russischer Angriffskrieg in der UKRAINE"},"content":{"rendered":"<p><div class=\"fusion-fullwidth fullwidth-box fusion-builder-row-1 fusion-flex-container nonhundred-percent-fullwidth non-hundred-percent-height-scrolling\" style=\"--awb-border-radius-top-left:0px;--awb-border-radius-top-right:0px;--awb-border-radius-bottom-right:0px;--awb-border-radius-bottom-left:0px;--awb-flex-wrap:wrap;\" ><div class=\"fusion-builder-row fusion-row fusion-flex-align-items-flex-start fusion-flex-content-wrap\" style=\"max-width:1830.4px;margin-left: calc(-4% \/ 2 );margin-right: calc(-4% \/ 2 );\"><div class=\"fusion-layout-column fusion_builder_column fusion-builder-column-0 fusion_builder_column_1_1 1_1 fusion-flex-column\" style=\"--awb-bg-blend:overlay;--awb-bg-size:cover;--awb-width-large:100%;--awb-margin-top-large:0px;--awb-spacing-right-large:1.92%;--awb-margin-bottom-large:0px;--awb-spacing-left-large:1.92%;--awb-width-medium:100%;--awb-spacing-right-medium:1.92%;--awb-spacing-left-medium:1.92%;--awb-width-small:100%;--awb-spacing-right-small:1.92%;--awb-spacing-left-small:1.92%;\"><div class=\"fusion-column-wrapper fusion-flex-justify-content-flex-start fusion-content-layout-column\"><div class=\"fusion-text fusion-text-1\"><h1><strong>4 Jahre russischer Angriffskrieg in der Ukraine<\/strong><\/h1>\n<h2><strong>EU muss sich auf dem eigenen Kontinent dem \u201eEnde der wertebasierten Weltordnung\u201c viel energischer entgegenstellen.<\/strong><\/h2>\n<p>Jeder versteht, dass das Zeiten-Wendeman\u00f6ver der EU nicht so schnittig erfolgen kann wie das einer Ein-Mann-Herrschaft nur eines Landes. Doch dass nach vier Jahren, im gr\u00f6\u00dften Land Europas, die russische Armee weiterhin Tag f\u00fcr Tag mordet, terrorisiert und foltert, das ist ein Armutszeugnis f\u00fcr die EU. Mehr noch, so war das letzte Jahr laut aktuellem UN-Bericht, das &#8222;t\u00f6dlichste&#8220; Jahr f\u00fcr Zivilisten seit Kriegsbeginn.<\/p>\n<p>W\u00e4hrend sich im Welten\u00e4ther die schlechten Nachrichten \u00fcberschlagen, scheint dabei das Wort \u201eMenschenrechte\u201c verschluckt, um als \u201eEnde der wertebasierten Weltordnung\u201c wieder nach oben zu dringen. Die EU darf nicht auf das Ende der wertebasierten Weltordnung zusteuern und muss sich diesem, gerade auf dem eigenen Kontinent, viel energischer entgegenstellen.<\/p>\n<div id=\"attachment_74034\" style=\"width: 573px\" class=\"wp-caption aligncenter\"><img decoding=\"async\" aria-describedby=\"caption-attachment-74034\" class=\"wp-image-74034\" src=\"https:\/\/humanrights-online.org\/wp-content\/uploads\/2026\/01\/Flaggen-eis.jpg\" alt=\"Flaggen eis\" width=\"563\" height=\"375\" srcset=\"https:\/\/humanrights-online.org\/wp-content\/uploads\/2026\/01\/Flaggen-eis-31x21.jpg 31w, https:\/\/humanrights-online.org\/wp-content\/uploads\/2026\/01\/Flaggen-eis-200x133.jpg 200w, https:\/\/humanrights-online.org\/wp-content\/uploads\/2026\/01\/Flaggen-eis-300x200.jpg 300w, https:\/\/humanrights-online.org\/wp-content\/uploads\/2026\/01\/Flaggen-eis-400x267.jpg 400w, https:\/\/humanrights-online.org\/wp-content\/uploads\/2026\/01\/Flaggen-eis-600x400.jpg 600w, https:\/\/humanrights-online.org\/wp-content\/uploads\/2026\/01\/Flaggen-eis-768x512.jpg 768w, https:\/\/humanrights-online.org\/wp-content\/uploads\/2026\/01\/Flaggen-eis-800x533.jpg 800w, https:\/\/humanrights-online.org\/wp-content\/uploads\/2026\/01\/Flaggen-eis-1024x682.jpg 1024w, https:\/\/humanrights-online.org\/wp-content\/uploads\/2026\/01\/Flaggen-eis-1200x800.jpg 1200w, https:\/\/humanrights-online.org\/wp-content\/uploads\/2026\/01\/Flaggen-eis.jpg 1280w\" sizes=\"(max-width: 563px) 100vw, 563px\" \/><p id=\"caption-attachment-74034\" class=\"wp-caption-text\"><em>Auf den knietief verschneiten ukrainischen Friedh\u00f6fen zersplittern die Fahnenmeere der Hunderttausend Kriegstoten im klirrenden Wind\u00a0 (Foto mit KI)<\/em><\/p><\/div>\n<p><strong>Am 24. Februar 2022 hatte Putin das moderne Europa des 21. Jahrhunderts mit einem Schlag \u00fcber Nacht zur\u00fcck in eine neue Weltordnung katapultiert<\/strong><\/p>\n<p>44 Millionen Ukrainerinnen und Ukrainer aus dem Schlaf herausgebombt, ein Viertel der Gesamtbev\u00f6lkerung in die Flucht gezwungen und damit die gr\u00f6\u00dfte Fl\u00fcchtlingsbewegung nach dem Zweiten Weltkrieg ausgel\u00f6st. Ein Angriffskrieg, der dort, wo russische Soldaten ukrainischen Boden ber\u00fchrten, vom ersten Tag an von Kriegsverbrechen und Gr\u00e4ueltaten beherrscht wurde.<\/p>\n<p>20 Prozent der Landesfl\u00e4che, ein Gebiet gr\u00f6\u00dfer als Ungarn, mit zuvor etwa 8 Millionen Einwohnern, h\u00e4lt Russland nicht nur besetzt, sondern inkorporiert und zwangsrussifiziert es unter rigidem Terror. Der absolute Gro\u00dfteil der Einwohner war zu Beginn des russischen Gro\u00dfangriffs vor \u201eseinem Befreier\u201c geflohen. 20 000 ukrainische Kinder wurden von der russischen Armee verschleppt, sie werden l\u00e4ngst zu russischen Patrioten gez\u00fcchtigt. 16 000 ukrainische Zivilisten wurden ebenso verschleppt. Die UN hat die systematische Folter der Verschleppten und Kriegsgefangenen eindeutig festgestellt und das in einem Ausma\u00df, das selbst die jahrzehntelange UN-Sonderbeauftragte f\u00fcr Folter noch nie erlebt hatte. Russland verweigert nicht nur jegliche Information zu den Verschleppten und Kriegsgefangenen, sondern auch jeglichen Zutritt zu den Gefangenenlagern, nicht einmal f\u00fcr das Internationale Rote Kreuz.<\/p>\n<p>Dass diese katastrophale Menschenrechtslage in den russisch besetzten Gebieten in der \u00d6ffentlichkeit der EU L\u00e4nder so wenig bekannt ist, auch das geh\u00f6rt in das Armutszeugnis der EU.<\/p>\n<p>Seit vier Jahren wird die Ukraine nun gnadenlos bombardiert, Tag f\u00fcr Tag und vor allem Nacht f\u00fcr Nacht. Im derzeit k\u00e4ltesten Winter seit Beginn des russischen Gro\u00dfangriffs gelten die russischen Bomben wieder vor allem der ukrainischen Infrastruktur. Seit Monaten ist es in den Wohnungen so bitterkalt, dass die Rohre einfrieren, die Menschen sich kilometerweit durch Schnee und Eis graben m\u00fcssen, um einen Platz zum Aufw\u00e4rmen aufzusuchen und ihren Kindern eine warme Mahlzeit geben zu k\u00f6nnen. Nacht f\u00fcr Nacht hei\u00dft es: Raus aus den Betten durch Eisesk\u00e4lte und mit den bibbernden Kindern in den Schutzbunker. Traumatisiert, voller Angst, ohne Schlaf und Ruhe, die meiste Zeit ohne Heizung und Strom, oft selbst ohne flie\u00dfend Wasser. Auf den knietief verschneiten ukrainischen Friedh\u00f6fen zersplittern die Fahnenmeere der Hunderttausend Kriegstoten im klirrenden Wind.<\/p>\n<p style=\"text-align: center;\"><em>Wer als Ukraine-Freund heute dar\u00fcber nicht den Verstand verliert, der hat keinen. <\/em><\/p>\n<p style=\"text-align: center;\"><em>Wer in der Ukraine heute nicht v\u00f6llig zerm\u00fcrbt ist, der ist tot.<\/em><\/p>\n<h2 style=\"text-align: center;\"><strong>R\u00fcckblick der Internationalen Gesellschaft f\u00fcr Menschenrechte\/IGFM auf die vergangenen 4 Jahre in der Ukraine-Arbeit <\/strong><\/h2>\n<h2 style=\"text-align: center;\"><\/h2>\n<\/div><\/div><\/div><\/div><\/div><div class=\"fusion-fullwidth fullwidth-box fusion-builder-row-2 fusion-flex-container has-pattern-background has-mask-background nonhundred-percent-fullwidth non-hundred-percent-height-scrolling\" style=\"--awb-border-radius-top-left:0px;--awb-border-radius-top-right:0px;--awb-border-radius-bottom-right:0px;--awb-border-radius-bottom-left:0px;--awb-flex-wrap:wrap;\" ><div class=\"fusion-builder-row fusion-row fusion-flex-align-items-flex-start fusion-flex-content-wrap\" style=\"max-width:1830.4px;margin-left: calc(-4% \/ 2 );margin-right: calc(-4% \/ 2 );\"><div class=\"fusion-layout-column fusion_builder_column fusion-builder-column-1 fusion_builder_column_1_6 1_6 fusion-flex-column\" style=\"--awb-bg-size:cover;--awb-width-large:16.6666666667%;--awb-margin-top-large:0px;--awb-spacing-right-large:11.52%;--awb-margin-bottom-large:20px;--awb-spacing-left-large:11.52%;--awb-width-medium:100%;--awb-order-medium:0;--awb-spacing-right-medium:1.92%;--awb-spacing-left-medium:1.92%;--awb-width-small:100%;--awb-order-small:0;--awb-spacing-right-small:1.92%;--awb-spacing-left-small:1.92%;\"><div class=\"fusion-column-wrapper fusion-column-has-shadow fusion-flex-justify-content-flex-start fusion-content-layout-column\"><\/div><\/div><div class=\"fusion-layout-column fusion_builder_column fusion-builder-column-2 fusion_builder_column_5_6 5_6 fusion-flex-column\" style=\"--awb-bg-size:cover;--awb-width-large:83.3333333333%;--awb-margin-top-large:0px;--awb-spacing-right-large:2.304%;--awb-margin-bottom-large:20px;--awb-spacing-left-large:2.304%;--awb-width-medium:100%;--awb-order-medium:0;--awb-spacing-right-medium:1.92%;--awb-spacing-left-medium:1.92%;--awb-width-small:100%;--awb-order-small:0;--awb-spacing-right-small:1.92%;--awb-spacing-left-small:1.92%;\"><div class=\"fusion-column-wrapper fusion-column-has-shadow fusion-flex-justify-content-flex-start fusion-content-layout-column\"><div class=\"fusion-text fusion-text-2\"><p><strong>Bilder, die vor vier Jahren niemand auch nur anzudenken vermochte<\/strong><\/p>\n<p><a class=\"fusion-no-lightbox\" href=\"https:\/\/humanrights-online.org\/de\/im-osten-ist-der-teufel-los\/\"><img decoding=\"async\" class=\"wp-image-73807 alignleft\" src=\"https:\/\/humanrights-online.org\/wp-content\/uploads\/2026\/01\/hell-1.png\" sizes=\"(max-width: 264px) 100vw, 264px\" srcset=\"https:\/\/humanrights-online.org\/wp-content\/uploads\/2026\/01\/hell-1-31x20.png 31w, https:\/\/humanrights-online.org\/wp-content\/uploads\/2026\/01\/hell-1-200x128.png 200w, https:\/\/humanrights-online.org\/wp-content\/uploads\/2026\/01\/hell-1-312x200.png 312w, https:\/\/humanrights-online.org\/wp-content\/uploads\/2026\/01\/hell-1.png 317w\" alt=\"Hell\" width=\"330\" height=\"211\" aria-describedby=\"caption-attachment-73807\" \/><\/a>Noch am 23. Februar 2022, einen Tag vor Kriegsbeginn, schien f\u00fcr die Meisten von uns ein Vollangriff auf die Ukraine undenkbar:<\/p>\n<p><em> \u201eEin Einmarsch in die Ukraine, ein Land von der Gr\u00f6\u00dfe Frankreichs mit 44 Millionen Men<\/em><em>schen, die sicher nicht mit flatternden russischen F\u00e4hnchen winkend Spalier stehen werden, w\u00fcrde Bilder in die Welt setzen, die niemand nur anzudenken vermag und den Falschspieler als Kriegsverbrecher f\u00fcr den Rest seiner Tage hinter Gitter bringen k\u00f6nnen\u2026\u201c<\/em>, so in unserem damaligen IGFM-Bericht \u201eIm Osten ist der Teufel los\u201c<\/p>\n<p>&nbsp;<\/p>\n<p><strong>Gr\u00f6\u00dfte Fl\u00fcchtlingsbewegung seit dem Zweiten Weltkrieg<\/strong><\/p>\n<p>Putins Gro\u00dfangriff hatte \u00fcber Nacht mit etwa 14 Millionen Menschen die \u201egr\u00f6\u00dfte Fl\u00fcchtlingsbewegung seit dem Zweiten Weltkrieg\u201c ausgel\u00f6st. 44 Millionen Menschen wurden inmitten Europas in den fr\u00fchen Morgenstunden aus ihren Betten herausbombardiert und vor die Unfassbarkeit eines Krieges im 21. Jahrhundert gestellt.<\/p>\n<\/div><div class=\"fusion-text fusion-text-3\"><p><strong>IGFM\/KHPG Projekt Stimmen des Krieges<\/strong><\/p>\n<div id=\"attachment_73823\" style=\"width: 340px\" class=\"wp-caption alignleft\"><a class=\"fusion-no-lightbox\" href=\"https:\/\/www.igfm.de\/laender\/ukraine\/ukraine-stimmen-des-krieges-2023\/\"><img decoding=\"async\" aria-describedby=\"caption-attachment-73823\" class=\"wp-image-73823\" src=\"https:\/\/humanrights-online.org\/wp-content\/uploads\/2026\/01\/stimmen-des-krieges-1.png\" sizes=\"(max-width: 249px) 100vw, 249px\" srcset=\"https:\/\/humanrights-online.org\/wp-content\/uploads\/2026\/01\/stimmen-des-krieges-1-31x21.png 31w, https:\/\/humanrights-online.org\/wp-content\/uploads\/2026\/01\/stimmen-des-krieges-1-200x132.png 200w, https:\/\/humanrights-online.org\/wp-content\/uploads\/2026\/01\/stimmen-des-krieges-1-302x200.png 302w, https:\/\/humanrights-online.org\/wp-content\/uploads\/2026\/01\/stimmen-des-krieges-1.png 314w\" alt=\"Stimmen des krieges\" width=\"330\" height=\"219\" aria-describedby=\"caption-attachment-73823\" \/><\/a><p id=\"caption-attachment-73823\" class=\"wp-caption-text\">Stimmen des Krieges, die nie vergessen werden d\u00fcrfen<\/p><\/div>\n<p>Es sind mechanische Handlungen die einsetzten, Suche nach den Lieben, Suche nach Nachrichten und Anweisungen, Suche nach sicheren Orten. Packen der wichtigsten Sachen. Abschied von allem Vertrauten, Flucht ins Ungewisse. Wie die Ukrainerinnen und Ukrainer diesen Tag erlebt haben, das hat die IGFM \u00fcber ein Jahr lang stetig in den \u201eStimmen der Krieges\u201c f\u00fcr Sie ins Deutsche \u00fcbersetzt. Denn diese Z\u00e4sur in der Menschheitsgeschichte des Europas im 21. Jahrhundert darf nie vergessen werden. Ein Projekt, das die Charkiwer Menschenrechtsgruppe\/KHPG unter Leitung eines IGFM Mitglieds der Gr\u00fcnderzeiten, <a href=\"https:\/\/www.igfm.de\/memorial-stimmen-des-krieges\/\"><i>Jevhen Sacharow<\/i><\/a>, ins Leben gerufen hatte. Im Juni 2024 wurde die IGFM Partnerorganisation mit dem<i> <a href=\"http:\/\/Ukrainische IGFM-Partnerorganisation erh\u00e4lt Lew-Kopelew Preis\">Lew Kopelew Preis<\/a><\/i> ausgezeichnet.<\/p>\n<\/div><div class=\"fusion-text fusion-text-4\"><p><strong>Russische Kriegsgr\u00e4uel von Anfang an<\/strong><\/p>\n<p>Die zuvor undenkbaren Schreckens-Bilder durchdrangen uns schon gleich zu Beginn des russischen Gro\u00dfangriffs auf die Ukraine. So hie\u00df es auch in der Rede des Altbundespr\u00e4sidenten Joachim Gauck auf unserer 50. Jahreshauptversammlung am 9. April 2022:<\/p>\n<div id=\"attachment_73834\" style=\"width: 340px\" class=\"wp-caption alignleft\"><a class=\"fusion-no-lightbox\" href=\"https:\/\/www.igfm.de\/festvortrag-von-bundespraesident-a-d-joachim-gauck-zu-50-jahren-igfm\/\"><img decoding=\"async\" aria-describedby=\"caption-attachment-73834\" class=\"wp-image-73834\" src=\"https:\/\/humanrights-online.org\/wp-content\/uploads\/2026\/01\/gauck.png\" sizes=\"(max-width: 245px) 100vw, 245px\" srcset=\"https:\/\/humanrights-online.org\/wp-content\/uploads\/2026\/01\/gauck-31x25.png 31w, https:\/\/humanrights-online.org\/wp-content\/uploads\/2026\/01\/gauck-200x163.png 200w, https:\/\/humanrights-online.org\/wp-content\/uploads\/2026\/01\/gauck-246x200.png 246w, https:\/\/humanrights-online.org\/wp-content\/uploads\/2026\/01\/gauck.png 288w\" alt=\"Gauck\" width=\"330\" height=\"268\" aria-describedby=\"caption-attachment-73834\" \/><\/a><p id=\"caption-attachment-73834\" class=\"wp-caption-text\">Altbundespr\u00e4sident Joachim Gauck auf IGFM-JHV 2022<\/p><\/div>\n<p><em>\u201eSeit dem 24. Februar 2022 f\u00fchrt Russland einen m\u00f6rderischen Angriffskrieg gegen einen friedlichen, demokratischen Staat an der Grenze zur Europ\u00e4ischen Union. Seit nun \u00fcber sechs Wochen werden ukrainische St\u00e4dte bombardiert, und zum Teil dem Erdboden gleich <\/em><em>gemacht. Vom ersten Tag an richtete <\/em><em> sich Putins Terror unterschiedslos gegen Frauen und Kinder, Soldaten und Zivilisten, die get\u00f6tet, verwundet, vertrieben und verschleppt werden. Und wenn es noch einen letzten Funken Hoffnung gab, dass es in diesem Krieg zwischen den \u201eBruderv\u00f6lkern\u201c nicht schon wieder zu schrecklichen Verbrechen kommt, dann ist dieser Funken seit dem letzten Wochenende, an dem uns die Bilder aus Butscha und vielen anderen Orten im Norden von Kiew erreicht haben, endg\u00fcltig verloschen. Schon wieder erstarren wir vor dem Anblick von hingerichteten Frauen und M\u00e4nnern, Leiche neben Leiche am Wegesrand, ganze Familien ausgel\u00f6scht und verscharrt.\u201c\u2026<\/em><\/p>\n<p>Leichen \u00fcbers\u00e4ten auch die Stra\u00dfen der ukrainischen Schwarzmeermetropole Mariupol mit fast einem Zehntel der ukrainischen Gesamtbev\u00f6lkerung. Die <i><a href=\"https:\/\/humanrights-online.org\/de\/in-der-hoelle-von-mariupol\/\">\u201eH\u00f6lle von Mariupol\u201c<\/a> <\/i>hat Michael Leh, Journalist und Vorstandsmitglied der IGFM im Interview mit der Sanit\u00e4terin Kateryna Sukhomlynova festgehalten. Mehr als ein Dutzend mobiler russischer Krematorien kamen nicht hinterher die Beweise ihrer Kriegsgr\u00e4uel zu vernichten. Die ganze Stadt wurde dem Erdboden gleichgemacht.<\/p>\n<\/div><div class=\"fusion-text fusion-text-5\"><p><strong>Humanit\u00e4re Ersthilfe der IGFM f\u00fcr \u00fcber eine halbe Million notleidende Kinder, Alte und Kranke<\/strong><\/p>\n<div id=\"attachment_73842\" style=\"width: 340px\" class=\"wp-caption alignleft\"><a class=\"fusion-no-lightbox\" href=\"https:\/\/humanrights-online.org\/de\/die-igfm-ukraine-leistet-hilfe-im-kriegsgebiet\/\"><img decoding=\"async\" aria-describedby=\"caption-attachment-73842\" class=\"wp-image-73842\" src=\"https:\/\/humanrights-online.org\/wp-content\/uploads\/2026\/01\/erste-Nothilfe-scaled.jpg\" sizes=\"(max-width: 255px) 100vw, 255px\" srcset=\"https:\/\/humanrights-online.org\/wp-content\/uploads\/2026\/01\/erste-Nothilfe-31x23.jpg 31w, https:\/\/humanrights-online.org\/wp-content\/uploads\/2026\/01\/erste-Nothilfe-200x150.jpg 200w, https:\/\/humanrights-online.org\/wp-content\/uploads\/2026\/01\/erste-Nothilfe-267x200.jpg 267w, https:\/\/humanrights-online.org\/wp-content\/uploads\/2026\/01\/erste-Nothilfe-400x300.jpg 400w, https:\/\/humanrights-online.org\/wp-content\/uploads\/2026\/01\/erste-Nothilfe-600x450.jpg 600w, https:\/\/humanrights-online.org\/wp-content\/uploads\/2026\/01\/erste-Nothilfe-768x576.jpg 768w, https:\/\/humanrights-online.org\/wp-content\/uploads\/2026\/01\/erste-Nothilfe-800x600.jpg 800w, https:\/\/humanrights-online.org\/wp-content\/uploads\/2026\/01\/erste-Nothilfe-1024x768.jpg 1024w, https:\/\/humanrights-online.org\/wp-content\/uploads\/2026\/01\/erste-Nothilfe-1200x900.jpg 1200w, https:\/\/humanrights-online.org\/wp-content\/uploads\/2026\/01\/erste-Nothilfe-1536x1152.jpg 1536w, https:\/\/humanrights-online.org\/wp-content\/uploads\/2026\/01\/erste-Nothilfe-scaled.jpg 2048w\" alt=\"Erste Nothilfe\" width=\"330\" height=\"248\" aria-describedby=\"caption-attachment-73842\" \/><\/a><p id=\"caption-attachment-73842\" class=\"wp-caption-text\">IGFM-Soforthilfe beginnt in der Nachbarschaft auf dem Land nach der Flucht aus Kyjiw<\/p><\/div>\n<p>Es ist ein ganz au\u00dfergew\u00f6hnliches Ph\u00e4nomen wie sich die Ukrainer dort, wo sie konnten, wo sie nicht von der russischen Armee \u00fcbermannt wurden, in dieser katastrophalen Lage solidarisierten und stabilisierten. Wie sie sofort dort anpackten, wo es ihnen m\u00f6glich war.<\/p>\n<p>Auch das IGFM Team der Sektion Ukraine, das inmitten eines landesweites Projekts zur Unter-st\u00fctzung der EU Mitgliedschaft steckte, wurde in dieser Nacht in alle Richtungen zerrissen. An ihren Fluchtorten gingen sie zu den Nachbarn, brachten Bed\u00fcrftigen etwas zu Essen und Trinkwasser. Binnen zwei Wochen konnten sie mit\u00a0 Hilfe unserer deutschen Spender erste Nothilfe-Pakete in gr\u00f6\u00dferem Rahmen verteilen. In den ersten beiden Monaten bauten sie mit Spenden von \u00fcber 200 000 Euro ein zuverl\u00e4ssiges Verteilungsnetz f\u00fcr Binnenfl\u00fcchtlinge und Menschen in den frontnahen Gebieten auf.\u00a0 Auch viele Hunderte Kriegsfl\u00fcchtlinge in Polen, Litauen und Moldau wurden von unseren dortigen Sektionen mit Notpaketen an den Grenzen und in den L\u00e4ndern versorgt. Zwei Jahre lang ver\u00f6ffentlichten wir w\u00f6chentliche Updates \u00fcber die humanit\u00e4re Hilfe und die Schicksale der Bed\u00fcrftigen. Bilder und Geschichten, die sich in unser Ged\u00e4chtnis eingebrannt haben.<\/p>\n<\/div><div class=\"fusion-text fusion-text-6\"><div id=\"attachment_62564\" style=\"width: 339px\" class=\"wp-caption alignleft\"><a class=\"fusion-no-lightbox\" href=\"https:\/\/humanrights-online.org\/de\/igfm-sektion-ukraine-humanitaere-hilfe-in-der-kriegsregion-weitet-sich-aus\/\"><img decoding=\"async\" aria-describedby=\"caption-attachment-62564\" class=\"wp-image-62564\" src=\"https:\/\/humanrights-online.org\/wp-content\/uploads\/2022\/03\/krieg-oma.jpg\" sizes=\"(max-width: 300px) 100vw, 300px\" srcset=\"https:\/\/humanrights-online.org\/wp-content\/uploads\/2022\/03\/krieg-oma-29x27.jpg 29w, https:\/\/humanrights-online.org\/wp-content\/uploads\/2022\/03\/krieg-oma-200x187.jpg 200w, https:\/\/humanrights-online.org\/wp-content\/uploads\/2022\/03\/krieg-oma-214x200.jpg 214w, https:\/\/humanrights-online.org\/wp-content\/uploads\/2022\/03\/krieg-oma-400x374.jpg 400w, https:\/\/humanrights-online.org\/wp-content\/uploads\/2022\/03\/krieg-oma.jpg 565w\" alt=\"Krieg oma\" width=\"329\" height=\"307\" aria-describedby=\"caption-attachment-62564\" \/><\/a><p id=\"caption-attachment-62564\" class=\"wp-caption-text\">IGFM Hilfe. Unz\u00e4hlige unvergessene Schicksale<\/p><\/div>\n<p>Auch viele Hunderte Kriegsfl\u00fcchtlinge in Polen, Litauen und Moldau wurden von unseren dortigen Sektionen mit Notpaketen an den Grenzen und in den L\u00e4ndern versorgt. Zwei Jahre lang ver\u00f6ffentlichten wir w\u00f6chentliche Updates \u00fcber die humanit\u00e4re Hilfe und die Schicksale der Bed\u00fcrftigen. Unz\u00e4hlige Bilder und Geschichten, die sich in unser Ged\u00e4chtnis eingebrannt haben.<\/p>\n<p>W\u00e4hrend EU-Europa diskutierte \u00fcber Helme, Zeitenwende, Sanktionspakete, die Gefahr der Ausweitung\u00a0des Krieges, stellte sich die ukrainische Gesellschaft in bewundernswerter Weise stark und solidarisch der neuen Kriegsrealit\u00e4t:<\/p>\n<h3 class=\"fusion-responsive-typography-calculated\" data-fontsize=\"16\" data-lineheight=\"24px\"><em>\u201eArbeiten,\u00a0 \u2013\u00a0 \u00a0etwas f\u00fcr die Gesellschaft tun, das ist das Einzige, was uns jetzt hilft, nicht durchzudrehen\u201c<\/em>,<\/h3>\n<p>so das IGFM Team im Kriegsgebiet.<\/p>\n<\/div><div class=\"fusion-text fusion-text-7\"><div id=\"attachment_73851\" style=\"width: 345px\" class=\"wp-caption alignleft\"><a class=\"fusion-no-lightbox\" href=\"https:\/\/www.youtube.com\/watch?v=CbxFwSyBi5I\"><img decoding=\"async\" aria-describedby=\"caption-attachment-73851\" class=\"wp-image-73851\" src=\"https:\/\/humanrights-online.org\/wp-content\/uploads\/2026\/01\/igfm-ukraine-un-partner.png\" sizes=\"(max-width: 300px) 100vw, 300px\" srcset=\"https:\/\/humanrights-online.org\/wp-content\/uploads\/2026\/01\/igfm-ukraine-un-partner-31x27.png 31w, https:\/\/humanrights-online.org\/wp-content\/uploads\/2026\/01\/igfm-ukraine-un-partner-200x168.png 200w, https:\/\/humanrights-online.org\/wp-content\/uploads\/2026\/01\/igfm-ukraine-un-partner-238x200.png 238w, https:\/\/humanrights-online.org\/wp-content\/uploads\/2026\/01\/igfm-ukraine-un-partner.png 247w\" alt=\"Igfm ukraine un partner\" width=\"335\" height=\"282\" aria-describedby=\"caption-attachment-73851\" \/><\/a><p id=\"caption-attachment-73851\" class=\"wp-caption-text\">IGFM-Ukraine-Hilfe als UN Partner unter Leitung von A. Aleksejew, \u00fcbersteigt noch im ersten Kriegsjahr die Millionengrenze<\/p><\/div>\n<p>Dass die IGFM schon nach drei Monaten am 1. Juni als neue Partnerorganisation der humanit\u00e4ren Hilfe der UN (UHF) mit einem Hilfsprojekt im gro\u00dfen Rahmen Hilfe starten konnte, ist einem pausenlosen Einsatz unter enormen Kraftaufwand aller Teammitglieder zu verdanken.<\/p>\n<p>Bis M\u00e4rz 2023 konnten wir alleine mit UN Mitteln von 1,3 Million US- Dollar eine halbe Million besonders Bed\u00fcrftige mit Nothilfepaketen erreichen.<\/p>\n<p>Und ungeachtet des deutlichen Spendenr\u00fcckgangs f\u00fcr die Ukraine k\u00f6nnen wir dank Ihrer Spenden und unserer so engagierten ehrenamtlichen Helfer, <em><a href=\"https:\/\/www.igfm.de\/humanitaere-hilfe\/\">die humanit\u00e4re Hilfe<\/a><\/em> stetig fortf\u00fchren.<\/p>\n<p>Krankenwagen, medizinische Utensilien, Hygieneartikel, Lebensmittel oder Kinderspielzeug werden von unserem Kyjiwer (Kiewer) B\u00fcro vor Ort besorgt.<\/p>\n<\/div><div class=\"fusion-text fusion-text-8\"><div id=\"attachment_73859\" style=\"width: 340px\" class=\"wp-caption alignleft\"><a class=\"fusion-no-lightbox\" href=\"https:\/\/www.igfm.de\/hilfstransport-200-pakete-infusionsbesteck-und-mehr\/\"><img decoding=\"async\" aria-describedby=\"caption-attachment-73859\" class=\"wp-image-73859\" src=\"https:\/\/humanrights-online.org\/wp-content\/uploads\/2026\/01\/Leisenberg-Anton.png\" sizes=\"(max-width: 300px) 100vw, 300px\" srcset=\"https:\/\/humanrights-online.org\/wp-content\/uploads\/2026\/01\/Leisenberg-Anton-29x27.png 29w, https:\/\/humanrights-online.org\/wp-content\/uploads\/2026\/01\/Leisenberg-Anton-200x187.png 200w, https:\/\/humanrights-online.org\/wp-content\/uploads\/2026\/01\/Leisenberg-Anton.png 202w\" alt=\"Leisenberg, Anton\" width=\"330\" height=\"309\" aria-describedby=\"caption-attachment-73859\" \/><\/a><p id=\"caption-attachment-73859\" class=\"wp-caption-text\">l. J. Leisenberg hat mit Hilfe der IGFM- Freunde in Cottbus seit Kriegsbeginn Hilfsmittel im Wert von etwa 1 Million Euro pers\u00f6nlich ins Kriegsgebiet gefahren. Hier bei einer Stippvisite im Kyjiwer IGFM-B\u00fcro im Oktober 2025<\/p><\/div>\n<p>Besonders hervorzuheben sind so unerm\u00fcdliche Mitglieder und Freunde in Cottbus, die bis heute stetig dringende, vor allem medizinische Bedarfe, direkt ins Kriegsgebiet fahren.<\/p>\n<p>Lebensmittelpakete werden auch in der Frankfurter Gesch\u00e4ftsstelle von einer stets agilen 85j\u00e4hrigen ehrenamtlichen Mitarbeiterin gesammelt, verpackt und mit Unterst\u00fctzung der Katastrophenhilfe des Bundes der freien evangelischen Gemeinden, in deren Lager in die Ukraine transferiert.<\/p>\n<p>Die aktivste Arbeitsgruppe der IGFM in Wittlich entsendet monatlich einen gro\u00dfen Hilfstransport in die 3 Lager der IGFM-Sektion in Litauen, wo die Hilfe auch ukrainischen Kriegsfl\u00fcchtlingen zugutekommt sowie ein Teil von dort in die Ukraine gebracht wird.<\/p>\n<p>Detaillierte Informationen zur humanit\u00e4ren Arbeit der IGFM, finden Sie in unseren monatlichen Mitteilungsblatt<i> <a href=\"https:\/\/www.igfm.de\/fuer-die-menschenrechte\/\">\u201eF\u00fcr die Menschenrechte\u201c<\/a><\/i>.<\/p>\n<p>Und auch hier liegt eine weitere Besonderheit der IGFM. Bei uns k\u00f6nnen Sie den Weg Ihrer Spende genau mitverfolgen oder Sie k\u00f6nnen selbst mit anpacken.<\/p>\n<\/div><div class=\"fusion-text fusion-text-9\">\n\t\t<style type=\"text\/css\">\n\t\t\t#gallery-1 {\n\t\t\t\tmargin: auto;\n\t\t\t}\n\t\t\t#gallery-1 .gallery-item {\n\t\t\t\tfloat: left;\n\t\t\t\tmargin-top: 10px;\n\t\t\t\ttext-align: center;\n\t\t\t\twidth: 50%;\n\t\t\t}\n\t\t\t#gallery-1 img {\n\t\t\t\tborder: 2px solid #cfcfcf;\n\t\t\t}\n\t\t\t#gallery-1 .gallery-caption {\n\t\t\t\tmargin-left: 0;\n\t\t\t}\n\t\t\t\/* see gallery_shortcode() in wp-includes\/media.php *\/\n\t\t<\/style>\n\t\t<div id='gallery-1' class='gallery galleryid-73798 gallery-columns-2 gallery-size-large'><dl class='gallery-item'>\n\t\t\t<dt class='gallery-icon landscape'>\n\t\t\t\t<a data-rel=\"iLightbox[postimages]\" data-title=\"Gruppe-Ukraine-1-1800_1\" data-caption=\"\" href='https:\/\/humanrights-online.org\/wp-content\/uploads\/2026\/01\/Gruppe-Ukraine-1-1800_1.jpg'><img decoding=\"async\" width=\"1024\" height=\"725\" src=\"https:\/\/humanrights-online.org\/wp-content\/uploads\/2026\/01\/Gruppe-Ukraine-1-1800_1-1024x725.jpg\" class=\"attachment-large size-large\" alt=\"Gruppe Ukraine 1 1800\" srcset=\"https:\/\/humanrights-online.org\/wp-content\/uploads\/2026\/01\/Gruppe-Ukraine-1-1800_1-31x22.jpg 31w, https:\/\/humanrights-online.org\/wp-content\/uploads\/2026\/01\/Gruppe-Ukraine-1-1800_1-200x142.jpg 200w, https:\/\/humanrights-online.org\/wp-content\/uploads\/2026\/01\/Gruppe-Ukraine-1-1800_1-282x200.jpg 282w, https:\/\/humanrights-online.org\/wp-content\/uploads\/2026\/01\/Gruppe-Ukraine-1-1800_1-400x283.jpg 400w, https:\/\/humanrights-online.org\/wp-content\/uploads\/2026\/01\/Gruppe-Ukraine-1-1800_1-600x425.jpg 600w, https:\/\/humanrights-online.org\/wp-content\/uploads\/2026\/01\/Gruppe-Ukraine-1-1800_1-768x544.jpg 768w, https:\/\/humanrights-online.org\/wp-content\/uploads\/2026\/01\/Gruppe-Ukraine-1-1800_1-800x567.jpg 800w, https:\/\/humanrights-online.org\/wp-content\/uploads\/2026\/01\/Gruppe-Ukraine-1-1800_1-1024x725.jpg 1024w, https:\/\/humanrights-online.org\/wp-content\/uploads\/2026\/01\/Gruppe-Ukraine-1-1800_1.jpg 1200w\" sizes=\"(max-width: 1024px) 100vw, 1024px\" \/><\/a>\n\t\t\t<\/dt><\/dl><dl class='gallery-item'>\n\t\t\t<dt class='gallery-icon landscape'>\n\t\t\t\t<a data-rel=\"iLightbox[postimages]\" data-title=\"Gruppe-Ukraine-2-1800_2\" data-caption=\"\" href='https:\/\/humanrights-online.org\/wp-content\/uploads\/2026\/01\/Gruppe-Ukraine-2-1800_2.jpg'><img decoding=\"async\" width=\"1024\" height=\"725\" src=\"https:\/\/humanrights-online.org\/wp-content\/uploads\/2026\/01\/Gruppe-Ukraine-2-1800_2-1024x725.jpg\" class=\"attachment-large size-large\" alt=\"Gruppe Ukraine 2 1800\" srcset=\"https:\/\/humanrights-online.org\/wp-content\/uploads\/2026\/01\/Gruppe-Ukraine-2-1800_2-31x22.jpg 31w, https:\/\/humanrights-online.org\/wp-content\/uploads\/2026\/01\/Gruppe-Ukraine-2-1800_2-200x142.jpg 200w, https:\/\/humanrights-online.org\/wp-content\/uploads\/2026\/01\/Gruppe-Ukraine-2-1800_2-282x200.jpg 282w, https:\/\/humanrights-online.org\/wp-content\/uploads\/2026\/01\/Gruppe-Ukraine-2-1800_2-400x283.jpg 400w, https:\/\/humanrights-online.org\/wp-content\/uploads\/2026\/01\/Gruppe-Ukraine-2-1800_2-600x425.jpg 600w, https:\/\/humanrights-online.org\/wp-content\/uploads\/2026\/01\/Gruppe-Ukraine-2-1800_2-768x544.jpg 768w, https:\/\/humanrights-online.org\/wp-content\/uploads\/2026\/01\/Gruppe-Ukraine-2-1800_2-800x567.jpg 800w, https:\/\/humanrights-online.org\/wp-content\/uploads\/2026\/01\/Gruppe-Ukraine-2-1800_2-1024x725.jpg 1024w, https:\/\/humanrights-online.org\/wp-content\/uploads\/2026\/01\/Gruppe-Ukraine-2-1800_2.jpg 1200w\" sizes=\"(max-width: 1024px) 100vw, 1024px\" \/><\/a>\n\t\t\t<\/dt><\/dl><br style=\"clear: both\" \/>\n\t\t<\/div>\n\n<\/div><div class=\"fusion-text fusion-text-10\"><p><i>Die IGFM ist wie eine gro\u00dfe Familie. Ohne die Spenden unserer Mitglieder und Freunde, von Interessierten, ohne die wunderbare Leistung all der ehrenamtlichen Helfer, w\u00e4re unsere Arbeit nicht m\u00f6glich.<\/i><\/p>\n<\/div><div class=\"fusion-text fusion-text-11\"><p><strong>20 000 ukrainische Kinder nach Russland zur Russifizierung deportiert<\/strong><\/p>\n<div id=\"attachment_71655\" style=\"width: 340px\" class=\"wp-caption alignleft\"><a class=\"fusion-no-lightbox\" href=\"https:\/\/humanrights-online.org\/de\/internationale-gesellschaft-fuer-menschenrechte-20-000-verschleppte-ukrainische-kinder-duerfen-nicht-zur-verhandlungsmasse-zwischen-trump-und-putin-werden\/\"><img decoding=\"async\" aria-describedby=\"caption-attachment-71655\" class=\"wp-image-71655\" src=\"https:\/\/humanrights-online.org\/wp-content\/uploads\/2025\/03\/Putin-Trunp.jpg\" sizes=\"(max-width: 300px) 100vw, 300px\" srcset=\"https:\/\/humanrights-online.org\/wp-content\/uploads\/2025\/03\/Putin-Trunp-31x18.jpg 31w, https:\/\/humanrights-online.org\/wp-content\/uploads\/2025\/03\/Putin-Trunp-200x114.jpg 200w, https:\/\/humanrights-online.org\/wp-content\/uploads\/2025\/03\/Putin-Trunp-350x200.jpg 350w, https:\/\/humanrights-online.org\/wp-content\/uploads\/2025\/03\/Putin-Trunp-400x228.jpg 400w, https:\/\/humanrights-online.org\/wp-content\/uploads\/2025\/03\/Putin-Trunp-600x343.jpg 600w, https:\/\/humanrights-online.org\/wp-content\/uploads\/2025\/03\/Putin-Trunp-768x439.jpg 768w, https:\/\/humanrights-online.org\/wp-content\/uploads\/2025\/03\/Putin-Trunp-800x457.jpg 800w, https:\/\/humanrights-online.org\/wp-content\/uploads\/2025\/03\/Putin-Trunp-1024x585.jpg 1024w, https:\/\/humanrights-online.org\/wp-content\/uploads\/2025\/03\/Putin-Trunp-1200x685.jpg 1200w, https:\/\/humanrights-online.org\/wp-content\/uploads\/2025\/03\/Putin-Trunp.jpg 1280w\" alt=\"Putin trump\" width=\"330\" height=\"189\" aria-describedby=\"caption-attachment-71655\" \/><\/a><p id=\"caption-attachment-71655\" class=\"wp-caption-text\">20.000 von Russland deportierte ukrainische Kinder d\u00fcrfen nicht zur Verhandlungsmasse werden<\/p><\/div>\n<p>Zu den ersten russischen Kriegsverbrechen gegen die Menschlichkeit, ist auch ein ganz eigener Bereich hervorzuheben. Vor allem aus den Wirren der Kampfgebiete in den heute tempor\u00e4r russisch besetzten Gebieten im Osten der Ukraine, wurden ukrainische Kinder nach Russland deportiert. Es ist das Kriegsverbrechen, dessen der russische Pr\u00e4sident Vladimir Putin am 17. M\u00e4rz 2023 wegen begr\u00fcndeten Verdachts vom Internationalen Strafgerichtshof als mutma\u00dflicher Kriegsverbrecher pers\u00f6nlich angeklagt wurde und seither ein Haftbefehl gegen ihn aussteht. \u00dcber den Verbleib dieser etwa 20 000 Kinder erteilt Russland bis heute keine Auskunft.<\/p>\n<p>Neue russische P\u00e4sse und rigide Russifizierung dieser Kinder erschweren deren Auffindbarkeit. Dem Programm der amerikanischen Yale Universit\u00e4t, das mit modernster Satellitentechnik die Aufenthaltsorte dieser Kinder identifizierte und die Daten hierzu verarbeitete, wurden letztes Jahr im M\u00e4rz 2025 alle Mittel gestrichen.<\/p>\n<\/div><div class=\"fusion-text fusion-text-12\"><p><strong>16 000 verschleppte ukrainische Zivilisten <\/strong><\/p>\n<div id=\"attachment_74118\" style=\"width: 340px\" class=\"wp-caption alignleft\"><img decoding=\"async\" aria-describedby=\"caption-attachment-74118\" class=\" wp-image-74118\" src=\"https:\/\/humanrights-online.org\/wp-content\/uploads\/2026\/01\/feldmaier-400x267.jpg\" alt=\"Feldmaier\" width=\"330\" height=\"220\" srcset=\"https:\/\/humanrights-online.org\/wp-content\/uploads\/2026\/01\/feldmaier-31x21.jpg 31w, https:\/\/humanrights-online.org\/wp-content\/uploads\/2026\/01\/feldmaier-200x133.jpg 200w, https:\/\/humanrights-online.org\/wp-content\/uploads\/2026\/01\/feldmaier-300x200.jpg 300w, https:\/\/humanrights-online.org\/wp-content\/uploads\/2026\/01\/feldmaier-400x267.jpg 400w, https:\/\/humanrights-online.org\/wp-content\/uploads\/2026\/01\/feldmaier-600x400.jpg 600w, https:\/\/humanrights-online.org\/wp-content\/uploads\/2026\/01\/feldmaier-768x512.jpg 768w, https:\/\/humanrights-online.org\/wp-content\/uploads\/2026\/01\/feldmaier-800x533.jpg 800w, https:\/\/humanrights-online.org\/wp-content\/uploads\/2026\/01\/feldmaier.jpg 900w\" sizes=\"(max-width: 330px) 100vw, 330px\" \/><p id=\"caption-attachment-74118\" class=\"wp-caption-text\"><em>M. Feldmayer, MdL, Die GR\u00dcNEN, \u00fcbernimmt erste IGFM-Patenschaft f\u00fcr ukrainischen verschleppten Zivilisten<\/em><\/p><\/div>\n<p>In unserer Frankfurter Gesch\u00e4ftsstelle entwickelte sich alsbald ein weiteres Themenfeld der russischen Kriegsverbrechen in der Ukraine: Verschleppte Zivilisten. Die Schwester des 30j\u00e4hrigen promovierten technischen Ingenieurs Kostyantyn Litvinov hatte sich hilfesuchend an uns gewendet. Ihr Bruder, der Zivilist und nicht im Milit\u00e4rdienst sei, sei von russischen Soldaten gleich zu Kriegsbeginn festgenommen worden und seither habe man keinerlei Nachricht von ihm. Mit ihm schlossen wir in unser <a href=\"https:\/\/www.igfm.de\/politische-patenschaften\/\" target=\"_blank\" rel=\"noopener noreferrer\"><i>IGFM-Patenschaftsprogramm<\/i><\/a> f\u00fcr politische Gefangene erstmals einen verschleppten Zivilisten ein. Die hessische Landtagsabgeordnete Martina Feldmayer \u00fcbernahm seine Patenschaft und appellierte hartn\u00e4ckig f\u00fcr seine Freilassung, unter anderem mit Schreiben an die russische Regierung oder die russische Menschenrechtsbeauftragte.<\/p>\n<p>Als Kostyantyn dann \u2013nach fast zwei Jahren in russischer Gefangenschaft- tats\u00e4chlich als einer der wenigen Zivilisten Anfang Januar 2024 innerhalb eines Gefangenaustauschs -der in der Regel nur f\u00fcr Soldaten gilt- freikam, war die Freude unbeschreiblich.<\/p>\n<\/div><div class=\"fusion-text fusion-text-13\"><div id=\"attachment_73893\" style=\"width: 339px\" class=\"wp-caption alignleft\"><a class=\"fusion-no-lightbox\" href=\"https:\/\/www.igfm.de\/verschleppter-ukrainischer-ingenieur-endlich-frei\/\"><img decoding=\"async\" aria-describedby=\"caption-attachment-73893\" class=\"wp-image-73893\" src=\"https:\/\/humanrights-online.org\/wp-content\/uploads\/2026\/01\/litvinov-frei.png\" sizes=\"(max-width: 300px) 100vw, 300px\" srcset=\"https:\/\/humanrights-online.org\/wp-content\/uploads\/2026\/01\/litvinov-frei-31x18.png 31w, https:\/\/humanrights-online.org\/wp-content\/uploads\/2026\/01\/litvinov-frei-200x118.png 200w, https:\/\/humanrights-online.org\/wp-content\/uploads\/2026\/01\/litvinov-frei-338x200.png 338w, https:\/\/humanrights-online.org\/wp-content\/uploads\/2026\/01\/litvinov-frei.png 357w\" alt=\"Litvinov frei\" width=\"329\" height=\"194\" aria-describedby=\"caption-attachment-73893\" \/><\/a><p id=\"caption-attachment-73893\" class=\"wp-caption-text\">Von Russland verschleppte Zivilisten sind in der Regel nicht Teil der Gefangenen-Austausche<\/p><\/div>\n<p id=\"caption-attachment-73893\" class=\"wp-caption-text\">Doch erst danach offenbarte sich f\u00fcr die IGFM das katastrophale Ausma\u00df dieses Ph\u00e4nomens. Unser Erfolg hatte sich unter den Betroffenen, deren Angeh\u00f6rige ebenfalls von der russischen Armee verschleppt wurden, wie ein Lauffeuer herumgesprochen und wir erhielten eine Flut von herzzerrei\u00dfenden Schicksalsberichten der Angeh\u00f6rigen. \u00dcber Hundert dieser Berichte haben wir f\u00fcr Sie auf Deutsch \u00fcbersetzt: <a href=\"https:\/\/www.igfm.de\/verschleppte-ukrainische-zivilisten\/\"><i>Verschleppte ukrainische Zivilisten.<\/i><\/a>\u00a0Sie stehen f\u00fcr die Schicksale von etwa 16 000 von der russischen Armee verschleppten Zivilisten, \u00fcber die Russland zum Gro\u00dfteil keinerlei Auskunft gibt und die selbst nach offiziellen Aussagen der UN unmenschlichen Bedingungen unterliegen und systematisch gefoltert werden. Auch alle Untersuchungen der IGFM best\u00e4tigen das.<\/p>\n<\/div><div class=\"fusion-text fusion-text-14\"><div id=\"attachment_73923\" style=\"width: 342px\" class=\"wp-caption alignleft\"><a class=\"fusion-no-lightbox\" href=\"https:\/\/www.igfm.de\/ukraine-mehr-als-14-000-zivilisten-in-russischer-gefangenschaft\/\"><img decoding=\"async\" aria-describedby=\"caption-attachment-73923\" class=\"wp-image-73923\" src=\"https:\/\/humanrights-online.org\/wp-content\/uploads\/2026\/01\/IMG_2204-scaled-3.jpeg\" sizes=\"(max-width: 301px) 100vw, 301px\" srcset=\"https:\/\/humanrights-online.org\/wp-content\/uploads\/2026\/01\/IMG_2204-scaled-3-31x23.jpeg 31w, https:\/\/humanrights-online.org\/wp-content\/uploads\/2026\/01\/IMG_2204-scaled-3-200x150.jpeg 200w, https:\/\/humanrights-online.org\/wp-content\/uploads\/2026\/01\/IMG_2204-scaled-3-267x200.jpeg 267w, https:\/\/humanrights-online.org\/wp-content\/uploads\/2026\/01\/IMG_2204-scaled-3-400x300.jpeg 400w, https:\/\/humanrights-online.org\/wp-content\/uploads\/2026\/01\/IMG_2204-scaled-3-600x450.jpeg 600w, https:\/\/humanrights-online.org\/wp-content\/uploads\/2026\/01\/IMG_2204-scaled-3-768x576.jpeg 768w, https:\/\/humanrights-online.org\/wp-content\/uploads\/2026\/01\/IMG_2204-scaled-3-800x600.jpeg 800w, https:\/\/humanrights-online.org\/wp-content\/uploads\/2026\/01\/IMG_2204-scaled-3-1024x768.jpeg 1024w, https:\/\/humanrights-online.org\/wp-content\/uploads\/2026\/01\/IMG_2204-scaled-3-1200x900.jpeg 1200w, https:\/\/humanrights-online.org\/wp-content\/uploads\/2026\/01\/IMG_2204-scaled-3-1536x1152.jpeg 1536w, https:\/\/humanrights-online.org\/wp-content\/uploads\/2026\/01\/IMG_2204-scaled-3.jpeg 2048w\" alt=\"IMG 2204 scaled\" width=\"332\" height=\"249\" aria-describedby=\"caption-attachment-73923\" \/><\/a><p id=\"caption-attachment-73923\" class=\"wp-caption-text\">IGFM-PK gemeinsam mit \u00abZivilisten in Gefangenschaft\u00bb erzeugte breite Medienresonanz<\/p><\/div>\n<p>Wie unbekannt dieses russische Kriegsverbrechen \u00fcber deren Grenzen hinaus ist, zeigte sich an der IGFM-Pressekonferenz, die wir Anfang September 2024 gemeinsam mit dem ukrainischen Verein \u201eZivilisten in Gefangenschaft\u201c (\u0413\u041e \u201e\u0426\u0438\u0432\u0456\u043b\u044c\u043d\u0456 \u0432 \u043f\u043e\u043b\u043e\u043d\u0456\u201c) in Frankfurt abhielten. Die Nachricht \u00fcber diese gro\u00dfe Anzahl an verschleppten Zivilisten wurde von zahlreichen gro\u00dfen Medien aufgenommen und erreichte so Dutzende Million Menschen in Deutschland.<\/p>\n<p>Selbst unter Ukraine-Kennern war vielen das Thema in diesem Ausma\u00df nicht bekannt, unser Pitch dazu (2025) mit Liusiena Zinkovina, der jungen Ehefrau des verschleppten Zivilisten Kostyantyn Zinovkin, auf dem j\u00e4hrlichen Ukraine- Mega-Event der Konrad-Adenauer-Stiftung <i><a href=\"https:\/\/www.igfm.de\/die-ukraine-kaempft-fuer-uns-das-duerfen-wir-nie-vergessen-cafe-kyiv-2024\/\">\u201eCafe Kyiv\u201c<\/a><\/i> in Berlin, stie\u00df auf gro\u00dfes Interesse. Ihr Schicksalsbericht hat auch an der Jahreshauptversammlung der IGFM 2025 alle Teilnehmer sehr ber\u00fchrt, der Abgeordnete des Europ\u00e4ische Parlaments und IGFM Mitglied Michael Gahler, erkl\u00e4rte sich unmittelbar daraufhin zur \u00dcbernahme der IGFM-Patenschaft bereit. Kurze Zeit sp\u00e4ter appellierte er in seiner Rede vor dem Europ\u00e4ischen Parlament an Putin:<\/p>\n<\/div><div class=\"fusion-text fusion-text-15\"><div id=\"attachment_72424\" style=\"width: 341px\" class=\"wp-caption alignleft\"><a class=\"fusion-no-lightbox\" href=\"https:\/\/humanrights-online.org\/ru\/deputat-majkl-galer-v-evroparlamente-sudba-ukraincev-nahodyashchihsya-pod-kontrolem-rossii-uzhasaet\/\"><img decoding=\"async\" aria-describedby=\"caption-attachment-72424\" class=\"wp-image-72424\" src=\"https:\/\/humanrights-online.org\/wp-content\/uploads\/2025\/06\/galer_zinovkin.jpg\" sizes=\"(max-width: 299px) 100vw, 299px\" srcset=\"https:\/\/humanrights-online.org\/wp-content\/uploads\/2025\/06\/galer_zinovkin-31x21.jpg 31w, https:\/\/humanrights-online.org\/wp-content\/uploads\/2025\/06\/galer_zinovkin-200x133.jpg 200w, https:\/\/humanrights-online.org\/wp-content\/uploads\/2025\/06\/galer_zinovkin-300x200.jpg 300w, https:\/\/humanrights-online.org\/wp-content\/uploads\/2025\/06\/galer_zinovkin-400x267.jpg 400w, https:\/\/humanrights-online.org\/wp-content\/uploads\/2025\/06\/galer_zinovkin-600x400.jpg 600w, https:\/\/humanrights-online.org\/wp-content\/uploads\/2025\/06\/galer_zinovkin-768x512.jpg 768w, https:\/\/humanrights-online.org\/wp-content\/uploads\/2025\/06\/galer_zinovkin-800x533.jpg 800w, https:\/\/humanrights-online.org\/wp-content\/uploads\/2025\/06\/galer_zinovkin.jpg 900w\" alt=\"Galer zinovkin\" width=\"331\" height=\"220\" aria-describedby=\"caption-attachment-72424\" \/><\/a><p id=\"caption-attachment-72424\" class=\"wp-caption-text\">Michael Gahler, MdEP, wendet sich im EU-Parlament direkt an Putin<\/p><\/div>\n<p><em>\u201eNoch weniger Aufmerksamkeit gilt den willk\u00fcrlich verhafteten Zivilisten in der russisch besetzten Zone der Ukraine. Am besten macht man das an einem Beispiel deutlich. Ich er<\/em><em>w\u00e4hne hier das Schicksal von Konstantin Sinowkin aus Melitopol, der am 12. Mai 2023 unter dem Vorwand der Verletzung der Ausgangssperre verhaftet wurde. Am 04. Juni 2023 wurde der Familie mitgeteilt, er habe gestanden, einen Mann in die Luft sprengen zu wollen. Am 29. Oktober 2023 wurde er im russischen Fernsehen vorgef\u00fchrt. Mehrere Gerichtsverhandlungen fanden in diesem Fr\u00fchjahr in Rostow statt. Er muss, weil er unschuldig ist, wie Tausende andere, freigelassen werden.<\/em><\/p>\n<p><em>Lassen Sie diese Menschen frei, Herr Putin!&#8220;<\/em><\/p>\n<\/div><div class=\"fusion-text fusion-text-16\"><p><strong>IGFM aktiv an der Seite der Opfer<\/strong><\/p>\n<div id=\"attachment_73932\" style=\"width: 344px\" class=\"wp-caption alignleft\"><a class=\"fusion-no-lightbox\" href=\"https:\/\/www.igfm.de\/schreib-workshop-5-12\/\"><img decoding=\"async\" aria-describedby=\"caption-attachment-73932\" class=\"wp-image-73932\" src=\"https:\/\/humanrights-online.org\/wp-content\/uploads\/2026\/01\/schrreibworkshop.png\" sizes=\"(max-width: 300px) 100vw, 300px\" srcset=\"https:\/\/humanrights-online.org\/wp-content\/uploads\/2026\/01\/schrreibworkshop-31x23.png 31w, https:\/\/humanrights-online.org\/wp-content\/uploads\/2026\/01\/schrreibworkshop-200x150.png 200w, https:\/\/humanrights-online.org\/wp-content\/uploads\/2026\/01\/schrreibworkshop-266x200.png 266w, https:\/\/humanrights-online.org\/wp-content\/uploads\/2026\/01\/schrreibworkshop-400x301.png 400w, https:\/\/humanrights-online.org\/wp-content\/uploads\/2026\/01\/schrreibworkshop.png 535w\" alt=\"Schrreibworkshop\" width=\"334\" height=\"251\" aria-describedby=\"caption-attachment-73932\" \/><\/a><p id=\"caption-attachment-73932\" class=\"wp-caption-text\">IGFM-Schreibworkshop in der Frankfurter Gesch\u00e4ftsstelle gemeinsam mit Libereco<\/p><\/div>\n<p>Doch die IGFM w\u00e4re nicht die IGFM, wenn sie es bei dieser Arbeit an \u201eoberster Stelle\u201c belassen w\u00fcrde, die IGFM ist immer auch ein Ansprechpartner und humanit\u00e4rer Helfer f\u00fcr die Opfer diktatorischer Gewalt.<\/p>\n<p>So f\u00fchren wir bspw. gemeinsam mit der renommierten NGO \u201eLibereco\u201c Schreibworkshops f\u00fcr Postkartenaktionen an verschleppte ukrainische Zivilisten, deren Haftort bekannt ist, durch. Denn tats\u00e4chlich erreichen einige Postkarten die Gefangenen und geben ihnen ein Licht in der Dunkelheit.<\/p>\n<\/div><div class=\"fusion-text fusion-text-17\"><div id=\"attachment_71899\" style=\"width: 340px\" class=\"wp-caption alignleft\"><a class=\"fusion-no-lightbox\" href=\"https:\/\/www.igfm.de\/idps-in-ukraine-supporting-women-media-actors\/\"><img decoding=\"async\" aria-describedby=\"caption-attachment-71899\" class=\"wp-image-71899\" src=\"https:\/\/humanrights-online.org\/wp-content\/uploads\/2025\/04\/media_1.jpg\" sizes=\"(max-width: 300px) 100vw, 300px\" srcset=\"https:\/\/humanrights-online.org\/wp-content\/uploads\/2025\/04\/media_1-31x17.jpg 31w, https:\/\/humanrights-online.org\/wp-content\/uploads\/2025\/04\/media_1-200x112.jpg 200w, https:\/\/humanrights-online.org\/wp-content\/uploads\/2025\/04\/media_1-356x200.jpg 356w, https:\/\/humanrights-online.org\/wp-content\/uploads\/2025\/04\/media_1-400x225.jpg 400w, https:\/\/humanrights-online.org\/wp-content\/uploads\/2025\/04\/media_1-600x337.jpg 600w, https:\/\/humanrights-online.org\/wp-content\/uploads\/2025\/04\/media_1-768x431.jpg 768w, https:\/\/humanrights-online.org\/wp-content\/uploads\/2025\/04\/media_1-800x449.jpg 800w, https:\/\/humanrights-online.org\/wp-content\/uploads\/2025\/04\/media_1-1024x575.jpg 1024w, https:\/\/humanrights-online.org\/wp-content\/uploads\/2025\/04\/media_1.jpg 1200w\" alt=\"Media\" width=\"330\" height=\"186\" aria-describedby=\"caption-attachment-71899\" \/><\/a><p id=\"caption-attachment-71899\" class=\"wp-caption-text\">IGFM-Projekt f\u00fcr Binnenvertriebene, unterst\u00fctzt vom Ausw\u00e4rtigen Amt<\/p><\/div>\n<p>Licht in die Dunkelheit konnten wir 2024 ebenso in das Leben von weiblichen Binnenfl\u00fcchtlingen in der Ukraine bringen.<\/p>\n<p>Gemeinsam mit unserer Sektion in der Ukraine und Unterst\u00fctzung des deutschen Ausw\u00e4rtigen Amtes f\u00fchrten wir ein Projekt zur Medienakteurinnen-Fortbildung durch. Eine Kandidatin konnten wir in unser Frankfurter Praktikanten-Programm der PR-Arbeit aufnehmen.<\/p>\n<\/div><div class=\"fusion-text fusion-text-18\"><div id=\"attachment_73940\" style=\"width: 340px\" class=\"wp-caption alignleft\"><img decoding=\"async\" aria-describedby=\"caption-attachment-73940\" class=\"wp-image-73940\" src=\"https:\/\/humanrights-online.org\/wp-content\/uploads\/2026\/01\/ffm-kundgebung-2025-scaled.jpeg\" sizes=\"(max-width: 301px) 100vw, 301px\" srcset=\"https:\/\/humanrights-online.org\/wp-content\/uploads\/2026\/01\/ffm-kundgebung-2025-31x23.jpeg 31w, https:\/\/humanrights-online.org\/wp-content\/uploads\/2026\/01\/ffm-kundgebung-2025-200x150.jpeg 200w, https:\/\/humanrights-online.org\/wp-content\/uploads\/2026\/01\/ffm-kundgebung-2025-267x200.jpeg 267w, https:\/\/humanrights-online.org\/wp-content\/uploads\/2026\/01\/ffm-kundgebung-2025-400x300.jpeg 400w, https:\/\/humanrights-online.org\/wp-content\/uploads\/2026\/01\/ffm-kundgebung-2025-600x450.jpeg 600w, https:\/\/humanrights-online.org\/wp-content\/uploads\/2026\/01\/ffm-kundgebung-2025-768x576.jpeg 768w, https:\/\/humanrights-online.org\/wp-content\/uploads\/2026\/01\/ffm-kundgebung-2025-800x600.jpeg 800w, https:\/\/humanrights-online.org\/wp-content\/uploads\/2026\/01\/ffm-kundgebung-2025-1024x768.jpeg 1024w, https:\/\/humanrights-online.org\/wp-content\/uploads\/2026\/01\/ffm-kundgebung-2025-1200x900.jpeg 1200w, https:\/\/humanrights-online.org\/wp-content\/uploads\/2026\/01\/ffm-kundgebung-2025-1536x1152.jpeg 1536w, https:\/\/humanrights-online.org\/wp-content\/uploads\/2026\/01\/ffm-kundgebung-2025-scaled.jpeg 2048w\" alt=\"Ffm kundgebung\" width=\"330\" height=\"248\" aria-describedby=\"caption-attachment-73940\" \/><p id=\"caption-attachment-73940\" class=\"wp-caption-text\">IGFM als Podiumssprecher auf der Gro\u00dfveranstaltung des UCC<\/p><\/div>\n<p>Aktiv beteiligt sich das ganze IGFM Team der deutschen Gesch\u00e4ftsstelle stets an Anti-Kriegskundgebungen und Veranstaltungen, so auch an der beeindruckenden Gro\u00dfkundgebung des ukrainischen Koordinationszentrums\/UCC anl\u00e4sslich des dritten Kriegsjahres auf dem Frankfurter R\u00f6mer, auf dem wir als Podiumssprecher den Tausenden ukrainischen Kriegsfl\u00fcchtlingen Zuspruch geben konnten.<\/p>\n<\/div><div class=\"fusion-text fusion-text-19\"><p><strong>IGFM als fundierter Informationsvermittler<\/strong><\/p>\n<div id=\"attachment_73956\" style=\"width: 339px\" class=\"wp-caption alignleft\"><a class=\"fusion-no-lightbox\" href=\"https:\/\/www.igfm.de\/pressekonferenz-okkupierte-gebiete-in-der-ukraine\/\"><img decoding=\"async\" aria-describedby=\"caption-attachment-73956\" class=\"wp-image-73956\" src=\"https:\/\/humanrights-online.org\/wp-content\/uploads\/2026\/01\/pk-okkupierte-gebiete-1.png\" sizes=\"(max-width: 300px) 100vw, 300px\" srcset=\"https:\/\/humanrights-online.org\/wp-content\/uploads\/2026\/01\/pk-okkupierte-gebiete-1-31x18.png 31w, https:\/\/humanrights-online.org\/wp-content\/uploads\/2026\/01\/pk-okkupierte-gebiete-1-200x115.png 200w, https:\/\/humanrights-online.org\/wp-content\/uploads\/2026\/01\/pk-okkupierte-gebiete-1-346x200.png 346w, https:\/\/humanrights-online.org\/wp-content\/uploads\/2026\/01\/pk-okkupierte-gebiete-1-400x231.png 400w, https:\/\/humanrights-online.org\/wp-content\/uploads\/2026\/01\/pk-okkupierte-gebiete-1.png 485w\" alt=\"Pk okkupierte gebiete\" width=\"329\" height=\"190\" aria-describedby=\"caption-attachment-73956\" \/><\/a><p id=\"caption-attachment-73956\" class=\"wp-caption-text\">IGFM-Launch-PK mit Osteuropa-Experten M. Sapper und A. Umland<\/p><\/div>\n<p>Eine weitere S\u00e4ule unserer Arbeit ist die Untersuchung von Menschenrechtsverletzungen, die Erstellung und Verbreitung von fundierten Dokumentationen. Mit der Ver\u00f6ffentlichung unserer dreisprachigen Dokumentation zur Menschenrechtslage in der Blackbox der russisch besetzten Gebiete in der Ukraine, konnten wir im September 2025 einen bedeutenden Beitrag zur Aufkl\u00e4rung \u00fcber die unz\u00e4hligen systematischen Kriegsverbrechen des russischen Terror-Regimes leisten. Bei der Launch-PK unterst\u00fctzten uns u.a. Dr. Manfred Sapper, Chefredakteur von \u00abosteuropa\u00bb sowie der Ukraine-Experte Dr. Andreas Umland.<\/p>\n<\/div><div class=\"fusion-text fusion-text-20\"><div id=\"attachment_73972\" style=\"width: 340px\" class=\"wp-caption alignleft\"><a class=\"fusion-no-lightbox\" href=\"https:\/\/humanrights-online.org\/de\/uzhas-v-moem-dome-ukrainskie-territorii-okkupirovannye-rossijskoj-federaciej\/\"><img decoding=\"async\" aria-describedby=\"caption-attachment-73972\" class=\"wp-image-73972\" src=\"https:\/\/humanrights-online.org\/wp-content\/uploads\/2026\/01\/das-grauen-1.png\" sizes=\"(max-width: 301px) 100vw, 301px\" srcset=\"https:\/\/humanrights-online.org\/wp-content\/uploads\/2026\/01\/das-grauen-1-31x20.png 31w, https:\/\/humanrights-online.org\/wp-content\/uploads\/2026\/01\/das-grauen-1-200x127.png 200w, https:\/\/humanrights-online.org\/wp-content\/uploads\/2026\/01\/das-grauen-1-314x200.png 314w, https:\/\/humanrights-online.org\/wp-content\/uploads\/2026\/01\/das-grauen-1-320x202.png 320w, https:\/\/humanrights-online.org\/wp-content\/uploads\/2026\/01\/das-grauen-1-400x255.png 400w, https:\/\/humanrights-online.org\/wp-content\/uploads\/2026\/01\/das-grauen-1-600x382.png 600w, https:\/\/humanrights-online.org\/wp-content\/uploads\/2026\/01\/das-grauen-1.png 638w\" alt=\"Das Grauen in meinem Haus\" width=\"330\" height=\"210\" aria-describedby=\"caption-attachment-73972\" \/><\/a><p id=\"caption-attachment-73972\" class=\"wp-caption-text\">IGFM-Doku \u201eDas Grauen in meinem Haus \u2013 die russisch besetzten Gebiete in der Ukraine\u201c<\/p><\/div>\n<p>Die Dokumentation war ebenso ein Fokus auf unserem Stand an der f\u00fcnft\u00e4gigen Frankfurter Buchmesse im Folgemonat mit weit \u00fcber 200.000 Besuchern.<\/p>\n<p><em>\u201e\u2026 in den russisch besetzten Gebieten, wo kein russisches Dauerbombardement stattfindet, er\u00f6ffnet sich ein klarer Einblick in die faschistoide Diktatur, der die genozidale Ukrainepolitik der Russischen F\u00f6deration beschreibt\u201c.<\/em><\/p>\n<\/div><div class=\"fusion-text fusion-text-21\"><div id=\"attachment_73989\" style=\"width: 340px\" class=\"wp-caption alignleft\"><a class=\"fusion-no-lightbox\" href=\"https:\/\/www.igfm.de\/igfm-auf-buchmesse-frankfurt\/\"><img decoding=\"async\" aria-describedby=\"caption-attachment-73989\" class=\"wp-image-73989\" src=\"https:\/\/humanrights-online.org\/wp-content\/uploads\/2026\/01\/buchmesse-nouripour.png\" sizes=\"(max-width: 308px) 100vw, 308px\" srcset=\"https:\/\/humanrights-online.org\/wp-content\/uploads\/2026\/01\/buchmesse-nouripour-31x14.png 31w, https:\/\/humanrights-online.org\/wp-content\/uploads\/2026\/01\/buchmesse-nouripour-200x91.png 200w, https:\/\/humanrights-online.org\/wp-content\/uploads\/2026\/01\/buchmesse-nouripour-400x181.png 400w, https:\/\/humanrights-online.org\/wp-content\/uploads\/2026\/01\/buchmesse-nouripour-405x184.png 405w, https:\/\/humanrights-online.org\/wp-content\/uploads\/2026\/01\/buchmesse-nouripour-600x272.png 600w, https:\/\/humanrights-online.org\/wp-content\/uploads\/2026\/01\/buchmesse-nouripour.png 697w\" alt=\"Buchmesse nouripour\" width=\"330\" height=\"150\" aria-describedby=\"caption-attachment-73989\" \/><\/a><p id=\"caption-attachment-73989\" class=\"wp-caption-text\">Omid Nouripour, Vizepr\u00e4sident des Bundestages, Die GR\u00dcNEN, besucht IGFM-Stand auf der Buchmesse<\/p><\/div>\n<p>Omid Nouripour, Vizepr\u00e4sident des Bundestages und langj\u00e4hriger Teilnehmer des IGFM-Patenschaftsprogramms f\u00fcr politische Gefangene, nahm sich f\u00fcr eine pers\u00f6nliche Stippvisite am IGFM-Stand Zeit und erkl\u00e4rte die Bereitschaft eine neue Patenschaft f\u00fcr einen ukrainischen verschleppten Zivilisten zu \u00fcbernehmen.<\/p>\n<\/div><div class=\"fusion-text fusion-text-22\"><div id=\"attachment_73578\" style=\"width: 340px\" class=\"wp-caption alignleft\"><a class=\"fusion-no-lightbox\" href=\"https:\/\/ishr.org\/partnership-for-the-protection-of-human-rights\/\"><img decoding=\"async\" aria-describedby=\"caption-attachment-73578\" class=\"wp-image-73578\" src=\"https:\/\/humanrights-online.org\/wp-content\/uploads\/2025\/12\/human_ukr-scaled.jpg\" sizes=\"(max-width: 300px) 100vw, 300px\" srcset=\"https:\/\/humanrights-online.org\/wp-content\/uploads\/2025\/12\/human_ukr-31x21.jpg 31w, https:\/\/humanrights-online.org\/wp-content\/uploads\/2025\/12\/human_ukr-200x133.jpg 200w, https:\/\/humanrights-online.org\/wp-content\/uploads\/2025\/12\/human_ukr-300x200.jpg 300w, https:\/\/humanrights-online.org\/wp-content\/uploads\/2025\/12\/human_ukr-400x267.jpg 400w, https:\/\/humanrights-online.org\/wp-content\/uploads\/2025\/12\/human_ukr-600x400.jpg 600w, https:\/\/humanrights-online.org\/wp-content\/uploads\/2025\/12\/human_ukr-768x512.jpg 768w, https:\/\/humanrights-online.org\/wp-content\/uploads\/2025\/12\/human_ukr-800x533.jpg 800w, https:\/\/humanrights-online.org\/wp-content\/uploads\/2025\/12\/human_ukr-1024x683.jpg 1024w, https:\/\/humanrights-online.org\/wp-content\/uploads\/2025\/12\/human_ukr-1200x800.jpg 1200w, https:\/\/humanrights-online.org\/wp-content\/uploads\/2025\/12\/human_ukr-1536x1024.jpg 1536w, https:\/\/humanrights-online.org\/wp-content\/uploads\/2025\/12\/human_ukr-scaled.jpg 2560w\" alt=\"Human ukr\" width=\"330\" height=\"220\" aria-describedby=\"caption-attachment-73578\" \/><\/a><p id=\"caption-attachment-73578\" class=\"wp-caption-text\">r. Dymytro Lubinez, Ombudsmann der Ukraine und Anton Aleksejew, Sektionsleiter IGFM-Ukraine unterzeichnen gemeinsames Memorandum<\/p><\/div>\n<p>Umgekehrt ist in der Ukraine m\u00f6glich, was in Russland undenkbar w\u00e4re: Unser Team kann gro\u00dfrahmig an der rechtsstaatlichen St\u00e4rkung des Landes und damit der Unterst\u00fctzung eines zuk\u00fcnftigen EU Beitritts teilnehmen. Mit Unterst\u00fctzung des Bundesministeriums f\u00fcr wirtschaftliche Zusammenarbeit\/BMZ, konnten wir im November 2025 ein \u201eFair-Trial-Monitoring\u201c Projekt vor dem Obersten Antikorruptionsgericht starten. \u201eFair-Trial-Monitoring\u201c bedeutet Gerichtsverfahren auf die Einhaltung rechtsstaatlicher Prinzipien nach EU Rechtsstandard zu beobachten. In dieses Projekt sind drei gro\u00dfe Kyjiwer (Kiewer) Universit\u00e4ten mit 250 Jura-Studierenden eingebunden. Insgesamt werden 120 Gerichtsverfahren im Obersten Antikorruptionsgericht begleitet und fachlich ausgewertet.<\/p>\n<p>Diese professionelle Arbeit unseres ukrainischen Experten-Teams, fand schnell auch die Anerkennung des Menschenrechtsbeauftragten der Ukraine, Dymytro Lubinez, der im Dezember 2024 ein Memorandum mit der IGFM Ukraine zur Fair-Trial- Monitoring Ausbildung seines Personals in den Regionen abschloss.<\/p>\n<p>Zu den Zust\u00e4ndigkeiten von Lubinez, der seit Sommer 2022 im Amt ist, geh\u00f6ren auch die Verhandlungsf\u00fchrungen mit Russland f\u00fcr ukrainische Kriegsgefangene und Verschleppte. Als erfolgreicher Verhandlungsf\u00fchrer im Hintergrund hat er sich gro\u00dfe Anerkennung erarbeitet. In der Ukraine gilt er als <em>\u201eder Mann, der die Ukrainer nach Hause holt\u201c<\/em>.<\/p>\n<\/div><div class=\"fusion-text fusion-text-23\"><p><strong>Kommende IGFM-Jahreshauptversammlung am 11. April 2026<\/strong><\/p>\n<div id=\"attachment_73998\" style=\"width: 340px\" class=\"wp-caption alignleft\"><img decoding=\"async\" aria-describedby=\"caption-attachment-73998\" class=\"wp-image-73998\" src=\"https:\/\/humanrights-online.org\/wp-content\/uploads\/2026\/01\/kiesewetter-selensky.png\" sizes=\"(max-width: 301px) 100vw, 301px\" srcset=\"https:\/\/humanrights-online.org\/wp-content\/uploads\/2026\/01\/kiesewetter-selensky-31x19.png 31w, https:\/\/humanrights-online.org\/wp-content\/uploads\/2026\/01\/kiesewetter-selensky-200x123.png 200w, https:\/\/humanrights-online.org\/wp-content\/uploads\/2026\/01\/kiesewetter-selensky-325x200.png 325w, https:\/\/humanrights-online.org\/wp-content\/uploads\/2026\/01\/kiesewetter-selensky.png 348w\" alt=\"Kiesewetter selensky\" width=\"330\" height=\"203\" aria-describedby=\"caption-attachment-73998\" \/><p id=\"caption-attachment-73998\" class=\"wp-caption-text\">l. Roderich Kiesewetter, MdB in Delegation mit (heutigem) Bundeskanzler Friedrich Merz zu Besuch bei Pr\u00e4sident Selensky, Mai 2022<\/p><\/div>\n<p>Vor diesem Hintergrund liegt ein Fokus unserer IGFM Arbeit seit Kriegsbeginn auf der Ukraine, was sich ebenso in den letzten 4 <em><a href=\"https:\/\/www.igfm.de\/53-igfm-jahreshauptversammlung-2025\/\">Jahreshauptversammlungen<\/a><\/em> widerspiegelt. So freuen wir uns in diesem Jahr am 11. April 2026 auf den deutschen Gastredner zum Thema Ukraine: den Bundestagsabgeordneten und dem IGFM-Mitglied Roderich Kiesewetter. Der erfahrene Au\u00dfen- und Sicherheitspolitiker ist Obmann des Ausw\u00e4rtigen Ausschusses des Deutsches Bundesrats und Sprecher der Beirats der Bundesakademie f\u00fcr deutsche Sicherheitspolitik. Schon im Mai 2022 stattete er mit dem heutigen Bundeskanzler Friedrich Merz einen Delegationsbesuch in der Ukraine ab. Seit Kriegsbeginn steht Kiesewetter MdB CDU\/CSU wie kein anderer deutscher Au\u00dfenpolitiker mit klarer und konsequenter Haltung zur Ukraine.<\/p>\n<h2 class=\"\" style=\"text-align: center;\" data-fontsize=\"18\" data-lineheight=\"27px\">Mehr zur Arbeit der IGFM unter<\/h2>\n<h2 class=\"\" style=\"text-align: center;\" data-fontsize=\"18\" data-lineheight=\"27px\"><a href=\"https:\/\/www.igfm.de\/\">menschenrechte.de<\/a><\/h2>\n<\/div><\/div><\/div><\/div><\/div><\/p>\n","protected":false},"excerpt":{"rendered":"","protected":false},"author":119,"featured_media":74034,"comment_status":"open","ping_status":"closed","sticky":false,"template":"","format":"standard","meta":{"slim_seo":{"title":"4 Jahre russischer Angriffskrieg in der UKRAINE - Menschenrechte Osteuropa - News &amp; Konflikte","description":"4 Jahre russischer Angriffskrieg in der Ukraine EU muss sich auf dem eigenen Kontinent dem \u201eEnde der wertebasierten Weltordnung\u201c viel energischer entgegenstelle"},"footnotes":""},"categories":[30,1241,477,76],"tags":[],"class_list":["post-73798","post","type-post","status-publish","format-standard","has-post-thumbnail","hentry","category-blog-news","category-country-ukraine-de","category-country-ukraine-2","category-ukraine-cat"],"_links":{"self":[{"href":"https:\/\/humanrights-online.org\/de\/wp-json\/wp\/v2\/posts\/73798","targetHints":{"allow":["GET"]}}],"collection":[{"href":"https:\/\/humanrights-online.org\/de\/wp-json\/wp\/v2\/posts"}],"about":[{"href":"https:\/\/humanrights-online.org\/de\/wp-json\/wp\/v2\/types\/post"}],"author":[{"embeddable":true,"href":"https:\/\/humanrights-online.org\/de\/wp-json\/wp\/v2\/users\/119"}],"replies":[{"embeddable":true,"href":"https:\/\/humanrights-online.org\/de\/wp-json\/wp\/v2\/comments?post=73798"}],"version-history":[{"count":93,"href":"https:\/\/humanrights-online.org\/de\/wp-json\/wp\/v2\/posts\/73798\/revisions"}],"predecessor-version":[{"id":74187,"href":"https:\/\/humanrights-online.org\/de\/wp-json\/wp\/v2\/posts\/73798\/revisions\/74187"}],"wp:featuredmedia":[{"embeddable":true,"href":"https:\/\/humanrights-online.org\/de\/wp-json\/wp\/v2\/media\/74034"}],"wp:attachment":[{"href":"https:\/\/humanrights-online.org\/de\/wp-json\/wp\/v2\/media?parent=73798"}],"wp:term":[{"taxonomy":"category","embeddable":true,"href":"https:\/\/humanrights-online.org\/de\/wp-json\/wp\/v2\/categories?post=73798"},{"taxonomy":"post_tag","embeddable":true,"href":"https:\/\/humanrights-online.org\/de\/wp-json\/wp\/v2\/tags?post=73798"}],"curies":[{"name":"wp","href":"https:\/\/api.w.org\/{rel}","templated":true}]}}