{"id":72736,"date":"2025-09-09T15:23:45","date_gmt":"2025-09-09T13:23:45","guid":{"rendered":"https:\/\/humanrights-online.org\/politzaklyuchennyj-andrej-podnebennyj-umer-ot-udushya-v-belorusskoj-tyurme\/"},"modified":"2025-09-09T15:34:56","modified_gmt":"2025-09-09T13:34:56","slug":"der-politische-gefangene-andrei-podnebny-starb-in-einem-belarussischen-gefaengnis-an-erstickung","status":"publish","type":"post","link":"https:\/\/humanrights-online.org\/de\/der-politische-gefangene-andrei-podnebny-starb-in-einem-belarussischen-gefaengnis-an-erstickung\/","title":{"rendered":"Der politische Gefangene Andrei Podnebny starb in einem belarussischen Gef\u00e4ngnis an Erstickung"},"content":{"rendered":"<h1>\u00dcber den Tod des 36-j\u00e4hrigen Andrei Podnebenny berichtete gestern seine Mutter in dem sozialen Netzwerk Facebook.<\/h1>\n<p><img decoding=\"async\" class=\"alignnone size-full wp-image-72726\" src=\"https:\/\/humanrights-online.org\/wp-content\/uploads\/2025\/09\/padniabienny-0301-2.jpg.webp\" alt=\"Padniabienny 0301 2.jpg\" width=\"1250\" height=\"635\" srcset=\"https:\/\/humanrights-online.org\/wp-content\/uploads\/2025\/09\/padniabienny-0301-2.jpg-31x16.webp 31w, https:\/\/humanrights-online.org\/wp-content\/uploads\/2025\/09\/padniabienny-0301-2.jpg-200x102.webp 200w, https:\/\/humanrights-online.org\/wp-content\/uploads\/2025\/09\/padniabienny-0301-2.jpg-394x200.webp 394w, https:\/\/humanrights-online.org\/wp-content\/uploads\/2025\/09\/padniabienny-0301-2.jpg-400x203.webp 400w, https:\/\/humanrights-online.org\/wp-content\/uploads\/2025\/09\/padniabienny-0301-2.jpg-600x305.webp 600w, https:\/\/humanrights-online.org\/wp-content\/uploads\/2025\/09\/padniabienny-0301-2.jpg-768x390.webp 768w, https:\/\/humanrights-online.org\/wp-content\/uploads\/2025\/09\/padniabienny-0301-2.jpg-800x406.webp 800w, https:\/\/humanrights-online.org\/wp-content\/uploads\/2025\/09\/padniabienny-0301-2.jpg-1024x520.webp 1024w, https:\/\/humanrights-online.org\/wp-content\/uploads\/2025\/09\/padniabienny-0301-2.jpg-1200x610.webp 1200w, https:\/\/humanrights-online.org\/wp-content\/uploads\/2025\/09\/padniabienny-0301-2.jpg.webp 1250w\" sizes=\"(max-width: 1250px) 100vw, 1250px\" \/><\/p>\n<p>Die Todesursache des politischen Gefangenen Andrei Podnebennyy in der Mahiliou-Kolonie Nr. 15 war Ersticken, berichtet &#8222;Radio Svaboda&#8220; unter Berufung auf seine eigene Quelle.<\/p>\n<p>Die weiteren Umst\u00e4nde des Todes des politischen Gefangenen sind noch unbekannt. Offizielle Quellen bei den Sicherheitskr\u00e4ften haben sich nicht zu dem Vorfall ge\u00e4u\u00dfert.<\/p>\n<p>Der Tod des 36-j\u00e4hrigen Andrei Podnebennyi wurde gestern von seiner Mutter in dem sozialen Netzwerk Facebook bekannt gegeben.<\/p>\n<p>Wie sie schrieb, ist er am 3. September gestorben. Andrei Podnebenny, der die russische Staatsb\u00fcrgerschaft besa\u00df, aber seit sechs Jahren in Belarus lebte und eine Aufenthaltsgenehmigung hatte, wurde im November 2021 festgenommen. Ihm wurde vorgeworfen, das Auto des Leiters der Strafvollzugsbeh\u00f6rde in Brand gesetzt, die R\u00e4der von 39 Oberleitungsbussen aufgeschlitzt sowie einen Telegram-Kanal und einen Telegram-Chat eingerichtet und verwaltet zu haben, die als extremistische Gruppierungen anerkannt sind. In einem geschlossenen Verfahren wurde er zu 15 Jahren Haft in einer verst\u00e4rkten Regimekolonie verurteilt. Sp\u00e4ter wurde dem politischen Gefangenen erneut der Prozess gemacht &#8211; die Gesamtstrafe betrug 16 Jahre und 8 Monate.<\/p>\n<p>&nbsp;<\/p>\n<p>&nbsp;<\/p>\n<p>&nbsp;<\/p>\n","protected":false},"excerpt":{"rendered":"<p>\u00dcber den Tod des 36-j\u00e4hrigen Andrei Podnebenny berichtete gestern seine Mutter in dem sozialen Netzwerk Facebook. Die Todesursache des politischen Gefangenen Andrei Podnebennyy in der Mahiliou-Kolonie Nr. 15 war Ersticken, berichtet &#8222;Radio Svaboda&#8220; unter Berufung auf seine eigene Quelle. Die weiteren Umst\u00e4nde des Todes des politischen Gefangenen sind noch unbekannt. Offizielle Quellen bei den Sicherheitskr\u00e4ften haben sich nicht zu dem Vorfall ge\u00e4u\u00dfert. Der Tod des 36-j\u00e4hrigen Andrei Podnebennyi wurde gestern von seiner Mutter in dem sozialen Netzwerk Facebook bekannt gegeben. Wie sie <a href=\"https:\/\/humanrights-online.org\/de\/der-politische-gefangene-andrei-podnebny-starb-in-einem-belarussischen-gefaengnis-an-erstickung\/\"> [&#8230;]<\/a><\/p>\n","protected":false},"author":113,"featured_media":72732,"comment_status":"open","ping_status":"closed","sticky":false,"template":"","format":"standard","meta":{"slim_seo":{"title":"Der politische Gefangene Andrei Podnebny starb in einem belarussischen Gef\u00e4ngnis an Erstickung - Menschenrechte Osteuropa - News &amp; Konflikte","description":"\u00dcber den Tod des 36-j\u00e4hrigen Andrei Podnebenny berichtete gestern seine Mutter in dem sozialen Netzwerk Facebook. Die Todesursache des politischen Gefangenen An"},"footnotes":""},"categories":[73,484,30,551],"tags":[],"class_list":["post-72736","post","type-post","status-publish","format-standard","has-post-thumbnail","hentry","category-belarus-cat","category-belaeus-cat-en-2","category-blog-news","category-country-belarus-ru-2"],"_links":{"self":[{"href":"https:\/\/humanrights-online.org\/de\/wp-json\/wp\/v2\/posts\/72736","targetHints":{"allow":["GET"]}}],"collection":[{"href":"https:\/\/humanrights-online.org\/de\/wp-json\/wp\/v2\/posts"}],"about":[{"href":"https:\/\/humanrights-online.org\/de\/wp-json\/wp\/v2\/types\/post"}],"author":[{"embeddable":true,"href":"https:\/\/humanrights-online.org\/de\/wp-json\/wp\/v2\/users\/113"}],"replies":[{"embeddable":true,"href":"https:\/\/humanrights-online.org\/de\/wp-json\/wp\/v2\/comments?post=72736"}],"version-history":[{"count":3,"href":"https:\/\/humanrights-online.org\/de\/wp-json\/wp\/v2\/posts\/72736\/revisions"}],"predecessor-version":[{"id":72742,"href":"https:\/\/humanrights-online.org\/de\/wp-json\/wp\/v2\/posts\/72736\/revisions\/72742"}],"wp:featuredmedia":[{"embeddable":true,"href":"https:\/\/humanrights-online.org\/de\/wp-json\/wp\/v2\/media\/72732"}],"wp:attachment":[{"href":"https:\/\/humanrights-online.org\/de\/wp-json\/wp\/v2\/media?parent=72736"}],"wp:term":[{"taxonomy":"category","embeddable":true,"href":"https:\/\/humanrights-online.org\/de\/wp-json\/wp\/v2\/categories?post=72736"},{"taxonomy":"post_tag","embeddable":true,"href":"https:\/\/humanrights-online.org\/de\/wp-json\/wp\/v2\/tags?post=72736"}],"curies":[{"name":"wp","href":"https:\/\/api.w.org\/{rel}","templated":true}]}}