{"id":72168,"date":"2025-05-14T12:28:26","date_gmt":"2025-05-14T10:28:26","guid":{"rendered":"https:\/\/humanrights-online.org\/?p=72168"},"modified":"2025-05-14T13:57:57","modified_gmt":"2025-05-14T11:57:57","slug":"die-ukraine-wird-selbst-entscheiden-die-mutige-politische-gefangene-daria-kosyrewa","status":"publish","type":"post","link":"https:\/\/humanrights-online.org\/de\/die-ukraine-wird-selbst-entscheiden-die-mutige-politische-gefangene-daria-kosyrewa\/","title":{"rendered":"\u201eDie Ukraine wird selbst entscheiden\u201c \u2013 Die mutige politische Gefangene Daria Kosyrewa"},"content":{"rendered":"<h1><img decoding=\"async\" src=\"https:\/\/www.igfm.de\/wp-content\/uploads\/2025\/05\/Russische-Gefangene-Header.png\" \/><\/h1>\n<h1>Am 24. Februar 2024 wurde die 19-j\u00e4hrige Studentin und Antikriegsaktivistin Daria Kosyrewa in Sankt Petersburg festgenommen.<\/h1>\n<div style=\"width: 407px\" class=\"wp-caption alignleft\"><img decoding=\"async\" class=\"\" src=\"https:\/\/www.igfm.de\/wp-content\/uploads\/2025\/05\/photo_2025-05-12_15-11-49-1200x900.jpg\" alt=\"\" width=\"397\" height=\"298\" \/><p class=\"wp-caption-text\">Daria h\u00e4lt die Hand ihrer Mutter w\u00e4hrend der Verlesung des Urteils durch den Richter. Foto: Sota Vision<\/p><\/div>\n<p>Am 24. Februar 2024 wurde die 19-j\u00e4hrige Studentin und Antikriegsaktivistin Daria Kosyrewa in Sankt Petersburg festgenommen. Der Vorwurf: Sie hatte einen Ausdruck des Gedichts \u201eTestament\u201c von Taras Schewtschenko auf dessen Denkmal angebracht. Die zitierten Zeilen lauteten:<\/p>\n<blockquote data-start=\"496\" data-end=\"619\">\n<p class=\"\" data-start=\"498\" data-end=\"619\"><em>\u201eBegrabt mich, steht dann auf,<\/em><br data-start=\"528\" data-end=\"531\" \/><em>Zerrei\u00dft die Ketten,<\/em><br data-start=\"553\" data-end=\"556\" \/><em>Und mit dem feindlich b\u00f6sen Blut<\/em><br data-start=\"590\" data-end=\"593\" \/><em>Besprengt die Freiheit!\u201c<\/em><\/p>\n<\/blockquote>\n<p class=\"\" data-start=\"621\" data-end=\"881\">Wegen dieser friedlichen Aktion wurde sie der \u201ewiederholten Diskreditierung der russischen Streitkr\u00e4fte\u201c beschuldigt. Im Mai 2025, nach monatelanger Untersuchungshaft und Gerichtsverhandlungen, wurde Daria zu zwei Jahren und acht Monaten Straflager verurteilt.<\/p>\n<p>&nbsp;<\/p>\n<h3>Eine junge Stimme des Widerstands<\/h3>\n<div id=\"attachment_67007\" style=\"width: 412px\" class=\"wp-caption alignleft\"><img decoding=\"async\" aria-describedby=\"caption-attachment-67007\" class=\"img-responsive lazyloaded wp-image-67007\" title=\"Daria Kosyrewa\" src=\"https:\/\/www.igfm.de\/wp-content\/uploads\/2025\/05\/photo_2025-05-12_15-11-42.jpg\" sizes=\"(max-width: 640px) 100vw, 800px\" srcset=\"https:\/\/www.igfm.de\/wp-content\/uploads\/2025\/05\/photo_2025-05-12_15-11-42-200x150.jpg 200w, https:\/\/www.igfm.de\/wp-content\/uploads\/2025\/05\/photo_2025-05-12_15-11-42-400x300.jpg 400w, https:\/\/www.igfm.de\/wp-content\/uploads\/2025\/05\/photo_2025-05-12_15-11-42-600x450.jpg 600w, https:\/\/www.igfm.de\/wp-content\/uploads\/2025\/05\/photo_2025-05-12_15-11-42-800x600.jpg 800w, https:\/\/www.igfm.de\/wp-content\/uploads\/2025\/05\/photo_2025-05-12_15-11-42-1200x900.jpg 1200w, https:\/\/www.igfm.de\/wp-content\/uploads\/2025\/05\/photo_2025-05-12_15-11-42.jpg 1280w\" alt=\"Daria Kosyrewa\" width=\"402\" height=\"302\" data-src=\"https:\/\/www.igfm.de\/wp-content\/uploads\/2025\/05\/photo_2025-05-12_15-11-42.jpg\" data-srcset=\"https:\/\/www.igfm.de\/wp-content\/uploads\/2025\/05\/photo_2025-05-12_15-11-42-200x150.jpg 200w, https:\/\/www.igfm.de\/wp-content\/uploads\/2025\/05\/photo_2025-05-12_15-11-42-400x300.jpg 400w, https:\/\/www.igfm.de\/wp-content\/uploads\/2025\/05\/photo_2025-05-12_15-11-42-600x450.jpg 600w, https:\/\/www.igfm.de\/wp-content\/uploads\/2025\/05\/photo_2025-05-12_15-11-42-800x600.jpg 800w, https:\/\/www.igfm.de\/wp-content\/uploads\/2025\/05\/photo_2025-05-12_15-11-42-1200x900.jpg 1200w, https:\/\/www.igfm.de\/wp-content\/uploads\/2025\/05\/photo_2025-05-12_15-11-42.jpg 1280w\" data-sizes=\"(max-width: 640px) 100vw, 800px\" \/><p id=\"caption-attachment-67007\" class=\"wp-caption-text\">Daria w\u00e4hrend ihrer Schlussworte. Foto von SOTAvison<\/p><\/div>\n<p>Darias Engagement begann nicht erst mit diesem Fall. Bereits 2022, mit nur 17 Jahren, wurde sie strafrechtlich verfolgt, weil sie auf einer Installation zur angeblichen<\/p>\n<p class=\"\" data-start=\"922\" data-end=\"1352\">\u201eHilfe f\u00fcr Mariupol\u201c in der Petersburger Innenstadt die Worte schrieb: \u201eM\u00f6rder, ihr habt ihn bombardiert. Judas.\u201c Im Januar 2024 wurde sie von der Universit\u00e4t Sankt Petersburg exmatrikuliert \u2013 wegen kritischer Beitr\u00e4ge \u00fcber Zensurgesetze in sozialen Netzwerken.<\/p>\n<p class=\"\" data-start=\"1354\" data-end=\"1733\">Im Gerichtssaal trat Daria entschlossen auf. Sie nannte das Verfahren \u201eabsurd\u201c und verglich es mit der Verfolgung von Taras Schewtschenko durch das zaristische Regime. Trotz Druck und Einsch\u00fcchterung weigerte sie sich, ihre \u00dcberzeugungen zu widerrufen oder Reue zu zeigen. Ihre Reden vor Gericht wurden zu politischen Manifesten \u2013 voller Emotion, Geschichte und Widerstandskraft.<\/p>\n<h3 class=\"fusion-responsive-typography-calculated\" data-start=\"1735\" data-end=\"1767\" data-fontsize=\"21.72\" data-lineheight=\"28.2333px\">Ihr letztes Wort vor Gericht<\/h3>\n<p class=\"\" data-start=\"1769\" data-end=\"2187\">Nachfolgend ver\u00f6ffentlichen wir Daria Kosyrewas letztes Wort vor dem Gericht. Es ist nicht nur ein pers\u00f6nliches Statement \u2013 es ist eine historische Analyse, eine moralische Anklage und ein leidenschaftliches Pl\u00e4doyer f\u00fcr die Souver\u00e4nit\u00e4t der Ukraine. Obwohl sie vom Richter mehrfach unterbrochen wurde, sprach Daria weiter, zitierte Schewtschenko und Mazepa und reflektierte \u00fcber Jahrhunderte imperialer Unterdr\u00fcckung.<\/p>\n<p><iframe  id=\"_ytid_79562\"  width=\"1760\" height=\"990\"  data-origwidth=\"1760\" data-origheight=\"990\"  data-relstop=\"1\" src=\"https:\/\/www.youtube.com\/embed\/XeePy23qqLA?enablejsapi=1&#038;autoplay=0&#038;cc_load_policy=0&#038;cc_lang_pref=&#038;iv_load_policy=1&#038;loop=0&#038;rel=0&#038;fs=1&#038;playsinline=0&#038;autohide=2&#038;theme=dark&#038;color=red&#038;controls=1&#038;disablekb=0&#038;\" class=\"__youtube_prefs__  epyt-is-override  no-lazyload\" title=\"YouTube player\"  allow=\"fullscreen; accelerometer; autoplay; clipboard-write; encrypted-media; gyroscope; picture-in-picture; web-share\" referrerpolicy=\"strict-origin-when-cross-origin\" allowfullscreen data-no-lazy=\"1\" data-skipgform_ajax_framebjll=\"\"><\/iframe><\/p>\n<div class=\"fusion-separator fusion-full-width-sep\"><\/div>\n<div class=\"fusion-text fusion-text-7\">\n<blockquote><p><strong><em>Daria (rezitiert ein Gedicht von Schewtschenko auf Ukrainisch):<\/em><\/strong><\/p>\n<p>Lach nur, grausamer Feind!<\/p>\n<p>Doch nicht zu sehr, denn alles vergeht \u2014<\/p>\n<p>Nur der Ruhm vergeht nicht;<\/p>\n<p>Er vergeht nicht, sondern wird erz\u00e4hlen,<\/p>\n<p>Was in der Welt geschah.<\/p>\n<p><strong><em>Richter (unterbricht):<\/em><\/strong> Auf Russisch bitte, das Verfahren l\u00e4uft auf Russisch. K\u00f6nnen Sie auf Russisch sprechen? Wenn ich es richtig verstehe, ist das ein Gedicht?<\/p>\n<p><strong><em>Daria:<\/em><\/strong> Ja.<\/p>\n<p><strong><em>Richter:<\/em><\/strong> Dann bitte auf Russisch. Weil das Verfahren bei uns in russischer Sprache gef\u00fchrt wird.<\/p>\n<p><strong><em>Daria (f\u00e4hrt auf Russisch fort): <\/em><\/strong>Wessen Wahrheit, wessen L\u00fcge, wessen Kinder sind wir? Unser Gedanken, unser Lied wird nicht sterben, nicht vergehen. Hier sind die Menschen, unser Ruhm. Ruhm der Ukraine!<\/p>\n<p>Wenn Taras Hryhorowytsch zuf\u00e4llig in unsere Zeit geraten w\u00e4re \u2014 hier erwartet man wohl von mir zu sagen, dass er sehr erstaunt gewesen w\u00e4re. Nein, er h\u00e4tte sich \u00fcberhaupt nicht gewundert. Zu vertraut w\u00e4re ihm das Bild erschienen. Moskowien dr\u00e4ngt wieder. Nat\u00fcrlich begann der Krieg nicht 2022. Und nicht einmal 2014, wenn man es eng betrachtet, obwohl 2014 ein Ausgangspunkt war. 2014 begannen es dieselben Russen, die f\u00fcr jeden Tropfen vergossenen Blutes verantwortlich sind. Im weiteren Sinne aber tobt dieser Krieg seit Jahrhunderten.<\/p>\n<p>Ein erstaunliches Merkmal der russischen Geschichte: Ganz gleich, welches Regime an der Macht ist \u2013 es ist, als w\u00fcrde eine Religion diesem Regime verbieten, die Ukraine einfach in Ruhe zu lassen. Zaren und Kommunisten unterschieden sich in dieser Hinsicht nicht. Egal, in welche Kleider sie sich h\u00fcllten, unter ihnen versteckte sich immer wieder derselbe Moskauer Ansturm. Man sollte meinen, nach so vielen Jahrhunderten h\u00e4tten sie es begriffen. Lasst ab \u2013 einfach lasst ab!<\/p>\n<p>Ja, Moskau hat oft gesiegt, viele Male. Aber einen endg\u00fcltigen Sieg hat es nie errungen. Und wird ihn auch nie erringen. Das ukrainische Volk wird es nicht zulassen. Es hat genug. Aber die Besatzer verstehen das einfach nicht. Besonders klug sind sie nicht, sonst h\u00e4tten sie es l\u00e4ngst verstanden. Niemand hat ihnen das Recht gegeben, \u00fcber die Vergangenheit oder Zukunft der Ukraine zu entscheiden. Sie begreifen nicht, dass die Ukrainer keinen gro\u00dfen Bruder brauchen \u2013 schon gar nicht einen \u201edreieinigen russischen Volksk\u00f6rper\u201c. Die Ukraine ist ein freies Land, eine freie Nation.<\/p>\n<p>Und sie allein wird \u00fcber ihr Schicksal entscheiden. Wenn jemand die Narrative des Besatzers verbreitet, wird das ukrainische Volk ihn hassen. Und man soll hier nicht von ukrainischen Nationalisten sprechen. Ihr habt es selbst dazu gebracht. Wenn jemand in die Ukraine eindringt \u2013 dann wird er bek\u00e4mpft. Und vielleicht sogar schmerzhaft. Ich w\u00fcnsche den Russen von Herzen, sich diese grundlegenden Wahrheiten endlich zu merken. Die Ukraine ist, ich wiederhole es, eine freie Nation. Sie allein wird entscheiden, welchen Weg sie geht. Sie allein wird entscheiden, wen sie Freund oder Feind nennt. Sie allein wird bestimmen, wie sie mit ihrer Geschichte umgeht. Und erst recht \u2013 in welcher Sprache sie spricht.<\/p>\n<p>Ich sage das alles, als w\u00e4re es selbstverst\u00e4ndlich. Aber selbstverst\u00e4ndlich ist es leider nicht. Klar ist nur: Putin begreift nicht, dass die Ukraine eine souver\u00e4ne Nation ist. In seinem Kopf hat ohnehin vieles keinen Platz. Menschenrechte, demokratische Prinzipien \u2013 Dinge wie diese. Aber selbst viele, die eigentlich gegen Putins Regime sind, verstehen es nicht immer. Verstehen nicht, dass die Ukraine, die mit Blut f\u00fcr ihre Souver\u00e4nit\u00e4t bezahlt hat, allein entscheiden wird, wie sie leben will. Ich will hoffen, dass sich diese Haltung mit der Zeit \u00e4ndern wird \u2013 mit der R\u00fcckkehr der Demokratie. Ich will glauben an eine Zukunft, in der Russland jeglichem Imperialismus entsagt \u2013 dem blutd\u00fcrstigen wie dem schleichenden, der sich in den K\u00f6pfen der Menschen verbirgt.<\/p>\n<p>Gott gebe es, einfach Gott gebe es. Ein paar Petschenegen und Polowzer \u2013 wie k\u00f6nnte es ohne sie sein. Ich beanspruche keineswegs, hier einen historischen Vortrag zu halten. Was jetzt folgt, ist eher ein emotionaler Kommentar zu historischen Ereignissen. Ein ausf\u00fchrlicher Bericht w\u00e4re im Format dieser Anh\u00f6rung unpassend. Die Anwesenden w\u00fcrden sich zu Tode langweilen.<\/p>\n<p>Bohdan Chmelnyzkyj war nat\u00fcrlich ein gro\u00dfer Hetman. Aber auch gro\u00dfe M\u00e4nner k\u00f6nnen gro\u00dfe Fehler machen. Er konnte wohl nicht ahnen, welche tragischen Folgen die Rada von Perejaslaw haben w\u00fcrde. Er hatte lediglich auf ein milit\u00e4risches B\u00fcndnis gegen Polen gehofft. Nicht im Traum h\u00e4tte er sich vorgestellt, dass die Ukraine in diesem B\u00fcndnis nach und nach all ihre Freiheit verlieren w\u00fcrde.<\/p>\n<p><strong><em>Richter (unterbricht):<\/em><\/strong> Die Ermittler bitten Sie, sich n\u00e4her am Thema des Verfahrens zu halten. Ich habe das Recht, Sie zu unterbrechen, wenn Sie sich zu weit vom Fall entfernen. Ich habe das Recht, Sie aufzufordern, beim Thema unseres Strafverfahrens zu bleiben \u2013 und nicht bei Ereignissen, die hunderte Jahre zur\u00fcckliegen. Verstanden?<\/p>\n<p><strong><em>Daria f\u00e4hrt fort:<\/em><\/strong> Ja, ich wollte gerade ein Gedicht von Taras Schewtschenko zitieren. Leider nicht in Versform \u2013 ich erinnere mich nicht mehr an die \u00dcbersetzung auswendig. Aber in diesem Verfahren wurde ja auch die Frage aufgeworfen, ob Taras ein Nationalist war.<\/p>\n<p>Deshalb, meiner Meinung nach, ist es sehr passend.<\/p>\n<p>\u201eHerrschte\u2026 Oh, Bohdan, unverst\u00e4ndiger Sohn. Schau nun auf deine Mutter, deine Ukraine. Was sie in den Schlaf sang \u2013 von ihrem schweren Schicksal. Was sie in den Schlaf weinte \u2013 suchte das Leid. Oh Bohdan, Bohdantschyk. H\u00e4tte sie es gewusst \u2013 sie h\u00e4tte dich in der Wiege erstickt, unter dem Herzen zum Schlafen gebracht.\u201c<\/p>\n<p><strong><em>Daria (\u00fcber ihre spontane \u00dcbersetzung):<\/em><\/strong> Mein Gott, wie furchtbar. Naja, es ist eben so gefordert.<\/p>\n<p><strong><em>Daria (f\u00e4hrt fort):<\/em><\/strong> Wenn Taras kein Nationalist gewesen w\u00e4re \u2013 wieso h\u00e4tte er dann Bohdan so hassen sollen? In seinem Werk finden sich noch deutlich h\u00e4rtere Ausdr\u00fccke. Aber gerade dieses Gedicht, irgendwo in einer dunklen Ecke, gef\u00e4llt mir sehr. Den Fehler Bohdans versuchte schon der n\u00e4chste Hetman zu korrigieren \u2013 Iwan Wyhowskyj. In der Ukraine ist sein gl\u00e4nzender Sieg bei Konotop sehr bekannt, wo er das Moskauer Heer vernichtend schlug. Leider erlitt er sp\u00e4ter eine Niederlage. Ebenso wie Petro Doroschenko danach. Einen gro\u00dfen Einfluss hatte auch das Wirken von Iwan Masepa. In Russland h\u00f6rt man aus jedem B\u00fcgeleisen, was f\u00fcr ein Verr\u00e4ter er gewesen sei. Aus Sicht der Petrinischen Imperiumsbef\u00fcrworter mag das stimmen. Doch f\u00fcr die Ukrainer war er ein echter Patriot, der im B\u00fcndnis mit den Schweden f\u00fcr die Unabh\u00e4ngigkeit seines Landes k\u00e4mpfte.<\/p>\n<p>\u201eF\u00fcr den Glauben sollt ihr sterben, f\u00fcr die Freiheit k\u00e4mpfen! Ewig sei der Ruhm \u2013 denn dank dem S\u00e4bel haben wir Rechte.\u201c \u2013 So schrieb Masepa selbst.<\/p>\n<p><strong><em>Richter (unterbricht):<\/em><\/strong> Zum zweiten Mal: Wir machen Sie darauf aufmerksam \u2013 das Verfahren l\u00e4uft auf Russisch. Wenn Sie etwas sagen m\u00f6chten, bitte auf Russisch.<\/p>\n<p><strong><em>Daria (f\u00e4hrt fort):<\/em><\/strong> \u201e\u2026Dank dem S\u00e4bel haben wir Rechte\u201c \u2013 so schrieb Masepa selbst. In der Geschichte des Krieges mit dem Hetman Masepa fehlte nat\u00fcrlich nicht das Lieblingshobby aller Kolonisatoren \u2013 das Massaker. Bei der Einnahme von Baturyn, der Hetman-Hauptstadt, wurde die Stadt gepl\u00fcndert und niedergebrannt. Alle, die nicht rechtzeitig fliehen konnten, wurden niedergemetzelt.<\/p>\n<p>Man verschonte dabei weder Frauen noch Kinder. Diese Ereignisse gingen als \u201eTrag\u00f6die von Baturyn\u201c in die Geschichte ein. Taras Schewtschenko beschrieb sie \u00fcbrigens sehr eindringlich in seinem Gedicht <em>Der gro\u00dfe Keller<\/em>. Masepas Bestrebungen waren nicht von Erfolg gekr\u00f6nt. Leider. Umso tragischer, wenn man bedenkt, dass Peter danach die Autonomie der Hetmanate vollst\u00e4ndig aufhob. Obwohl \u2013 zugegeben \u2013 nicht vollst\u00e4ndig.<\/p>\n<p>Den Rest erledigte sp\u00e4ter Katharina II. Ich erw\u00e4hnte bereits in meiner Verteidigungsrede, wie unpassend es w\u00e4re, heute von Ketten im Zusammenhang mit der Ukraine zu sprechen. Die Ukrainer lassen sich nie wieder in Ketten legen. Und auch jetzt haben sie es nicht zugelassen. Zu Zeiten von Taras jedoch waren diese Ketten brutale Realit\u00e4t. Daher findet man in seinen Werken keine k\u00e4mpferischen Aufrufe, die Moskauer zu schlagen. Nicht die Zeit, nicht die Hoffnung. Sein patriotisches Schaffen ist ein Wehklagen. Eine Klage \u00fcber das bittere Los der Ukraine. \u00dcber den vergessenen Ruhm der Kosaken. \u00dcber die Fehler und Niederlagen, die die Ukraine ihre Freiheit gekostet haben. Er glaubte nat\u00fcrlich, dass der Ruhm eines Tages zur\u00fcckkehrt. Dass die Geister der gro\u00dfen Hetmane aus den Jahrhunderten auferstehen. Dass die Ukraine ihre feindlichen Ketten abwerfen wird. Wann genau das geschehen sollte, konnte er nicht wissen. Dass in kaum f\u00fcnfzig Jahren auf der Landkarte eine Ukrainische Volksrepublik entstehen w\u00fcrde \u2013 das konnte er nicht wissen. Dass eben jene ukrainischen Bauern, einst rechtlos und stumm, endlich die Nationalflagge erheben, zu den Waffen greifen und gegen Bolschewiken und Wei\u00dfe Armee ziehen w\u00fcrden, unter dem Kommando von Ataman Petljura.<\/p>\n<p>Leider siegten die Bolschewiken. Und zwar nicht nur zum Leid der Ukrainer. Auch vieler anderer V\u00f6lker. Und die Ukraine geriet in die H\u00e4nde eines grausamen Henkers \u2013 f\u00fcr weitere 70 Jahre.<\/p>\n<p><strong><em>Richter (unterbricht):<\/em><\/strong> Wir m\u00fcssen Sie erneut unterbrechen. Bitte zur\u00fcck zum Thema. Es geht hier um einen konkreten Tatbestand, nicht um Geschichtsunterricht.<\/p>\n<p><strong><em>Daria (f\u00e4hrt fort):<\/em><\/strong> Jetzt zur Gegenwart. Heute sind die Ketten l\u00e4ngst gefallen. Niemand wird sie der Ukraine je wieder anlegen. Das Volk hat Jahrhunderte lang Blut f\u00fcr seine Freiheit vergossen. Es wird sie nie wieder hergeben. Die Ukrainer erinnern sich. Erinnern sich gut daran, wie einst ihre Vorfahren k\u00e4mpften. Und ich will nur eine Frage stellen:<\/p>\n<p>Erinnert sich auch der \u00f6stliche Nachbar? Kommunisten gibt es zum Gl\u00fcck nicht mehr. Zaren erst recht nicht. Aber die imperialen Traditionen \u2013 die scheinen geblieben zu sein. Wie gesagt: Putin begreift offenbar nicht, was ukrainische Souver\u00e4nit\u00e4t bedeutet. Ihm w\u00e4re es wohl am liebsten: eine gef\u00fcgige, stumme Kleinrussland-Provinz. Eine, die keinen eigenen Willen hat. Die jedem seiner Worte gehorcht. Die in fremder Sprache spricht \u2013 und ihre eigene langsam vergisst. Irgendwo wurde ein Fehler gemacht. Putin konnte einfach nicht glauben, dass es mit Kleinrussland vorbei ist. Dass die Ukrainer ihre Heimat nicht wieder dazu machen lassen.<\/p>\n<p>Putin versuchte es, mit aller Kraft. 2014 annektierte er die Krim.<\/p>\n<p>Er entfachte den Krieg im Donbass aus denselben Motiven.<\/p>\n<p>2022 dachte er offenbar, es sei an der Zeit, das Ganze zu Ende zu bringen. Ein guter Plan. Blitzkrieg. Kiew in drei Tagen.<\/p>\n<p>Kein Wunder, dass ihm nicht mal drei Jahre reichten. Auch drei Jahrzehnte w\u00fcrden nicht reichen. Der Feind wurde schnell aus dem Raum Kiew vertrieben. Sp\u00e4ter aus der Gegend von Charkiw. \u00dcber den Dnipro aus Cherson. Die Besatzer kamen nicht nur nicht bis zur Hauptstadt \u2013 sie kontrollieren nicht einmal vollst\u00e4ndig die \u201ebesonderen Gebiete\u201c im Donbass.<\/p>\n<p>Ein Teil ukrainischen Territoriums, ja, ist noch besetzt. Und wird es wom\u00f6glich lange bleiben. Es ist traurig, das zuzugeben \u2013 aber so ist es.<\/p>\n<p>Doch Moskau konnte die Ukraine nicht bezwingen. Das heldenhafte ukrainische Volk erhob sich zum Schutz des Vaterlandes. Und verteidigte seine Heimat mit vielen, vielen Opfern. Die Nationalflagge weht \u00fcber Kiew. Und wird es f\u00fcr immer tun. Bereits als sie von der Hauptstadt zur\u00fcckgeschlagen wurden, Anfang 2022, standen die Besatzer mit leeren H\u00e4nden da.<\/p>\n<p>Ich tr\u00e4ume nat\u00fcrlich davon, dass die Ukraine jeden Zentimeter ihres Landes zur\u00fcckholt. Auch den Donbass. Auch die Krim.<\/p>\n<p>Ich glaube daran, dass mein Traum eines Tages Wirklichkeit wird.<\/p>\n<p>Eines Tages wird die Geschichte alles gerecht beurteilen.<\/p>\n<p>Aber die Ukraine hat bereits gesiegt.<\/p>\n<p>Sie hat bereits gesiegt.<\/p>\n<p>Das war alles.<\/p><\/blockquote>\n<\/div>\n<div class=\"fusion-separator fusion-full-width-sep\"><\/div>\n<div class=\"fusion-image-element \">\n<div class=\"awb-image-frame awb-image-frame-4 imageframe-liftup\"><span class=\" fusion-imageframe imageframe-dropshadow imageframe-4\"><img decoding=\"async\" class=\"img-responsive wp-image-67016 lazyloaded\" title=\"Daria Kosyrewa\" src=\"https:\/\/www.igfm.de\/wp-content\/uploads\/2025\/05\/photo_2025-05-12_15-11-33.jpg\" sizes=\"(max-width: 640px) 100vw, 800px\" srcset=\"https:\/\/www.igfm.de\/wp-content\/uploads\/2025\/05\/photo_2025-05-12_15-11-33-200x150.jpg 200w, https:\/\/www.igfm.de\/wp-content\/uploads\/2025\/05\/photo_2025-05-12_15-11-33-400x300.jpg 400w, https:\/\/www.igfm.de\/wp-content\/uploads\/2025\/05\/photo_2025-05-12_15-11-33-600x450.jpg 600w, https:\/\/www.igfm.de\/wp-content\/uploads\/2025\/05\/photo_2025-05-12_15-11-33-800x600.jpg 800w, https:\/\/www.igfm.de\/wp-content\/uploads\/2025\/05\/photo_2025-05-12_15-11-33-1200x900.jpg 1200w, https:\/\/www.igfm.de\/wp-content\/uploads\/2025\/05\/photo_2025-05-12_15-11-33.jpg 1280w\" alt=\"Daria Kosyrewa\" width=\"1280\" height=\"960\" data-src=\"https:\/\/www.igfm.de\/wp-content\/uploads\/2025\/05\/photo_2025-05-12_15-11-33.jpg\" data-srcset=\"https:\/\/www.igfm.de\/wp-content\/uploads\/2025\/05\/photo_2025-05-12_15-11-33-200x150.jpg 200w, https:\/\/www.igfm.de\/wp-content\/uploads\/2025\/05\/photo_2025-05-12_15-11-33-400x300.jpg 400w, https:\/\/www.igfm.de\/wp-content\/uploads\/2025\/05\/photo_2025-05-12_15-11-33-600x450.jpg 600w, https:\/\/www.igfm.de\/wp-content\/uploads\/2025\/05\/photo_2025-05-12_15-11-33-800x600.jpg 800w, https:\/\/www.igfm.de\/wp-content\/uploads\/2025\/05\/photo_2025-05-12_15-11-33-1200x900.jpg 1200w, https:\/\/www.igfm.de\/wp-content\/uploads\/2025\/05\/photo_2025-05-12_15-11-33.jpg 1280w\" data-sizes=\"(max-width: 640px) 100vw, 800px\" \/><\/span><\/div>\n<\/div>\n<div class=\"fusion-separator fusion-full-width-sep\"><\/div>\n<div class=\"fusion-text fusion-text-8\">\n<p><em>Daria kurz vor ihrem Schlusswort. Foto: SOTAvision<\/em><\/p>\n<\/div>\n","protected":false},"excerpt":{"rendered":"<p>Am 24. Februar 2024 wurde die 19-j\u00e4hrige Studentin und Antikriegsaktivistin Daria Kosyrewa in Sankt Petersburg festgenommen. Am 24. Februar 2024 wurde die 19-j\u00e4hrige Studentin und Antikriegsaktivistin Daria Kosyrewa in Sankt Petersburg festgenommen. Der Vorwurf: Sie hatte einen Ausdruck des Gedichts \u201eTestament\u201c von Taras Schewtschenko auf dessen Denkmal angebracht. Die zitierten Zeilen lauteten: \u201eBegrabt mich, steht dann auf,Zerrei\u00dft die Ketten,Und mit dem feindlich b\u00f6sen BlutBesprengt die Freiheit!\u201c Wegen dieser friedlichen Aktion wurde sie der \u201ewiederholten Diskreditierung der russischen Streitkr\u00e4fte\u201c beschuldigt. Im Mai 2025, <a href=\"https:\/\/humanrights-online.org\/de\/die-ukraine-wird-selbst-entscheiden-die-mutige-politische-gefangene-daria-kosyrewa\/\"> [&#8230;]<\/a><\/p>\n","protected":false},"author":113,"featured_media":72172,"comment_status":"open","ping_status":"closed","sticky":false,"template":"","format":"standard","meta":{"slim_seo":{"title":"\u201eDie Ukraine wird selbst entscheiden\u201c \u2013 Die mutige politische Gefangene Daria Kosyrewa - Menschenrechte Osteuropa - News &amp; Konflikte","description":"Am 24. Februar 2024 wurde die 19-j\u00e4hrige Studentin und Antikriegsaktivistin Daria Kosyrewa in Sankt Petersburg festgenommen. Daria h\u00e4lt die Hand ihrer Mutter w\u00e4"},"footnotes":""},"categories":[30,478,542,72],"tags":[],"class_list":["post-72168","post","type-post","status-publish","format-standard","has-post-thumbnail","hentry","category-blog-news","category-country-russia-2","category-country-russia-3","category-russland-cat"],"_links":{"self":[{"href":"https:\/\/humanrights-online.org\/de\/wp-json\/wp\/v2\/posts\/72168","targetHints":{"allow":["GET"]}}],"collection":[{"href":"https:\/\/humanrights-online.org\/de\/wp-json\/wp\/v2\/posts"}],"about":[{"href":"https:\/\/humanrights-online.org\/de\/wp-json\/wp\/v2\/types\/post"}],"author":[{"embeddable":true,"href":"https:\/\/humanrights-online.org\/de\/wp-json\/wp\/v2\/users\/113"}],"replies":[{"embeddable":true,"href":"https:\/\/humanrights-online.org\/de\/wp-json\/wp\/v2\/comments?post=72168"}],"version-history":[{"count":10,"href":"https:\/\/humanrights-online.org\/de\/wp-json\/wp\/v2\/posts\/72168\/revisions"}],"predecessor-version":[{"id":72186,"href":"https:\/\/humanrights-online.org\/de\/wp-json\/wp\/v2\/posts\/72168\/revisions\/72186"}],"wp:featuredmedia":[{"embeddable":true,"href":"https:\/\/humanrights-online.org\/de\/wp-json\/wp\/v2\/media\/72172"}],"wp:attachment":[{"href":"https:\/\/humanrights-online.org\/de\/wp-json\/wp\/v2\/media?parent=72168"}],"wp:term":[{"taxonomy":"category","embeddable":true,"href":"https:\/\/humanrights-online.org\/de\/wp-json\/wp\/v2\/categories?post=72168"},{"taxonomy":"post_tag","embeddable":true,"href":"https:\/\/humanrights-online.org\/de\/wp-json\/wp\/v2\/tags?post=72168"}],"curies":[{"name":"wp","href":"https:\/\/api.w.org\/{rel}","templated":true}]}}