{"id":6702,"date":"2016-11-10T15:21:16","date_gmt":"2016-11-10T14:21:16","guid":{"rendered":"http:\/\/humanrights-online.org\/?p=6702"},"modified":"2021-11-26T10:52:41","modified_gmt":"2021-11-26T09:52:41","slug":"keine-traene-wert","status":"publish","type":"post","link":"https:\/\/humanrights-online.org\/de\/keine-traene-wert\/","title":{"rendered":"Keine Tr\u00e4ne wert? Donald Trump wird Pr\u00e4sident der USA"},"content":{"rendered":"<div class=\"fusion-fullwidth fullwidth-box fusion-builder-row-1 nonhundred-percent-fullwidth non-hundred-percent-height-scrolling\" style=\"--awb-background-position:left top;--awb-border-radius-top-left:0px;--awb-border-radius-top-right:0px;--awb-border-radius-bottom-right:0px;--awb-border-radius-bottom-left:0px;--awb-padding-top:20px;--awb-padding-bottom:20px;--awb-border-sizes-top:0px;--awb-border-sizes-bottom:0px;--awb-flex-wrap:wrap;\" ><div class=\"fusion-builder-row fusion-row\"><div class=\"fusion-layout-column fusion_builder_column fusion-builder-column-0 fusion_builder_column_1_1 1_1 fusion-one-full fusion-column-first fusion-column-last fusion-column-no-min-height\" style=\"--awb-bg-size:cover;--awb-margin-bottom:0px;\"><div class=\"fusion-column-wrapper fusion-flex-column-wrapper-legacy\"><div class=\"fusion-title title fusion-title-1 fusion-sep-none fusion-title-text fusion-title-size-one\" style=\"--awb-margin-top-small:10px;--awb-margin-right-small:0px;--awb-margin-bottom-small:10px;--awb-margin-left-small:0px;\"><h1 class=\"fusion-title-heading title-heading-left\" style=\"margin:0;\">Keine Tr\u00e4ne wert?<\/h1><\/div><div class=\"fusion-clearfix\"><\/div><\/div><\/div><div class=\"fusion-layout-column fusion_builder_column fusion-builder-column-1 fusion_builder_column_1_2 1_2 fusion-one-half fusion-column-first\" style=\"--awb-bg-size:cover;width:48%; margin-right: 4%;\"><div class=\"fusion-column-wrapper fusion-flex-column-wrapper-legacy\"><div class=\"fusion-text fusion-text-1\"><p style=\"text-align: justify;\">Wir sind schockiert \u00fcber die Wahl Donalds Trumps zum Pr\u00e4sidenten von den Vereinigten Staaten von Amerika. Wir analysieren: Was hat er denn eigentlich alles genau gesagt? Wie hat er es gesagt? Wie ernst meint er es? Bilder schwirren im Kopf, 1945 die Amerikaner in ihren tollen Jeeps wie sie Kaugummis an deutsche Kinder verteilen, als die \u201eBefreier\u201c kamen und uns nicht bestraften, sondern erzogen. Eine Art Schock Therapie. Hier schaut sie euch an, eure KZs, eure Gaskammern, eure Leichenberge. Daf\u00fcr seid ihr verantwortlich, weil ihr euch nicht an grundlegende Rechte und Werte gehalten habt, weil ihr kein R\u00fcckgrat gezeigt habt. Sie lehrten uns Demokratie. Wir lernten zu diskutieren, zuzuh\u00f6ren, den anderen seine Meinung sagen zu lassen, die eigene Meinung zu \u00e4\u00fc\u00dfern, sie zu begr\u00fcnden. Wir lernten wie wichtig die Gewaltenteilung f\u00fcr einen Rechtsstaat ist und warum es universelle Grundrechte geben muss. Danke daf\u00fcr Amerika! Auf dieser Basis diskutieren wir jetzt: Die Mauer zu Mexiko, die Ausgrenzung von Muslimen, die Wiedereinf\u00fchrung von Waterboarding, sein Einsatz f\u00fcr die Todesstrafe auch bei Minderj\u00e4hrigen, seine Bewunderung f\u00fcr Putin als Autokraten, seine Einstufung unserer Kanzlerin als geisteskrank, seine Einstellung zu Vergewaltigung in der Ehe, zu Arbeitnehmerrechten, die Bestrafung von Abtreibung und und und. Wir sind schockiert, wir diskutieren und analysieren um die Wette. Wir relativieren. Wir warten erst einmal ab\u2026<\/p>\n<\/div><div class=\"fusion-clearfix\"><\/div><\/div><\/div><div class=\"fusion-layout-column fusion_builder_column fusion-builder-column-2 fusion_builder_column_1_2 1_2 fusion-one-half fusion-column-last\" style=\"--awb-bg-size:cover;width:48%;\"><div class=\"fusion-column-wrapper fusion-flex-column-wrapper-legacy\"><div class=\"fusion-image-element in-legacy-container\" style=\"--awb-caption-title-font-family:var(--h2_typography-font-family);--awb-caption-title-font-weight:var(--h2_typography-font-weight);--awb-caption-title-font-style:var(--h2_typography-font-style);--awb-caption-title-size:var(--h2_typography-font-size);--awb-caption-title-transform:var(--h2_typography-text-transform);--awb-caption-title-line-height:var(--h2_typography-line-height);--awb-caption-title-letter-spacing:var(--h2_typography-letter-spacing);\"><span class=\" fusion-imageframe imageframe-none imageframe-1 hover-type-none\"><img decoding=\"async\" src=\"http:\/\/humanrights-online.org\/wp-content\/uploads\/2016\/11\/TortureWaterboarding.jpg\" alt class=\"img-responsive\"\/><\/span><\/div><div class=\"fusion-text fusion-text-2\"><h5>Source: <a href=\"http:\/\/tales-of-iraq-war.blogspot.com\/2008\/01\/its-not-torture-when-us-forces-are.html\" target=\"_blank\" rel=\"noopener noreferrer\">Carlos Latuff<\/a> via Wikimedia Commons<\/h5>\n<\/div><div class=\"fusion-text fusion-text-3\"><p style=\"text-align: justify;\">Ich bin schockiert, ich analysiere, versuche zu relativieren, gar Chancen f\u00fcr Europa herauszukristallisieren\u2026<br \/>\nIch komme ins B\u00fcro, seit Kurzen haben wir eine neue Mitarbeiterin, eine junge Deutsch-Amerikanerin. Ihr h\u00fcbsches Gesicht ist rot und verweint. Sie schaut mich an und weint.<br \/>\nBilder aus meiner Jugend steigen in mir hoch, Erinnerungen an meine hei\u00dfen Tr\u00e4nen beim Anblick der Verbrechen meiner Eltern und Gro\u00dfeltern. Meines Landes.<br \/>\nUnd pl\u00f6tzlich rinnen sie auch mir wieder, die Tr\u00e4nen.<\/p>\n<\/div><div class=\"fusion-clearfix\"><\/div><\/div><\/div><\/div><\/div>\n","protected":false},"excerpt":{"rendered":"","protected":false},"author":119,"featured_media":6705,"comment_status":"closed","ping_status":"closed","sticky":false,"template":"","format":"standard","meta":{"slim_seo":{"title":"Keine Tr\u00e4ne wert? Donald Trump wird Pr\u00e4sident der USA - Menschenrechte Osteuropa - News &amp; Konflikte","description":"Keine Tr\u00e4ne wert? Wir sind schockiert \u00fcber die Wahl Donalds Trumps zum Pr\u00e4sidenten von den Vereinigten Staaten von Amerika. Wir analysieren: Was hat er denn eig"},"footnotes":""},"categories":[30,216],"tags":[331,327,329,328,330],"class_list":["post-6702","post","type-post","status-publish","format-standard","has-post-thumbnail","hentry","category-blog-news","category-standard","tag-death-penalty","tag-donald-trump","tag-election","tag-torture","tag-waterboarding"],"_links":{"self":[{"href":"https:\/\/humanrights-online.org\/de\/wp-json\/wp\/v2\/posts\/6702","targetHints":{"allow":["GET"]}}],"collection":[{"href":"https:\/\/humanrights-online.org\/de\/wp-json\/wp\/v2\/posts"}],"about":[{"href":"https:\/\/humanrights-online.org\/de\/wp-json\/wp\/v2\/types\/post"}],"author":[{"embeddable":true,"href":"https:\/\/humanrights-online.org\/de\/wp-json\/wp\/v2\/users\/119"}],"replies":[{"embeddable":true,"href":"https:\/\/humanrights-online.org\/de\/wp-json\/wp\/v2\/comments?post=6702"}],"version-history":[{"count":6,"href":"https:\/\/humanrights-online.org\/de\/wp-json\/wp\/v2\/posts\/6702\/revisions"}],"predecessor-version":[{"id":31146,"href":"https:\/\/humanrights-online.org\/de\/wp-json\/wp\/v2\/posts\/6702\/revisions\/31146"}],"wp:featuredmedia":[{"embeddable":true,"href":"https:\/\/humanrights-online.org\/de\/wp-json\/wp\/v2\/media\/6705"}],"wp:attachment":[{"href":"https:\/\/humanrights-online.org\/de\/wp-json\/wp\/v2\/media?parent=6702"}],"wp:term":[{"taxonomy":"category","embeddable":true,"href":"https:\/\/humanrights-online.org\/de\/wp-json\/wp\/v2\/categories?post=6702"},{"taxonomy":"post_tag","embeddable":true,"href":"https:\/\/humanrights-online.org\/de\/wp-json\/wp\/v2\/tags?post=6702"}],"curies":[{"name":"wp","href":"https:\/\/api.w.org\/{rel}","templated":true}]}}