{"id":41694,"date":"2025-02-20T15:11:17","date_gmt":"2025-02-20T14:11:17","guid":{"rendered":"https:\/\/humanrights-online.org\/de\/3-years-of-war-in-ukraine\/"},"modified":"2025-02-21T13:58:39","modified_gmt":"2025-02-21T12:58:39","slug":"3-jahre-krieg-in-ukraine","status":"publish","type":"post","link":"https:\/\/humanrights-online.org\/de\/3-jahre-krieg-in-ukraine\/","title":{"rendered":"3 Jahre Krieg in Ukraine"},"content":{"rendered":"<h1><strong>3 Jahre Krieg in Ukraine. <\/strong><\/h1>\n<h1><strong>Menschenrechte d\u00fcrfen nicht zur Lachnummer aus der europ\u00e4ischen Provinz werden. <\/strong><\/h1>\n<h1><strong>Europa muss jetzt dringend str\u00e4fliche Vers\u00e4umnisse nachholen und h\u00e4rtere Bandagen anlegen<\/strong><\/h1>\n<p><img decoding=\"async\" class=\"alignnone size-full wp-image-41691\" src=\"https:\/\/humanrights-online.org\/wp-content\/uploads\/2025\/02\/trump_putin_1.jpg\" alt=\"Trump Putin 1\" width=\"1344\" height=\"768\" srcset=\"https:\/\/humanrights-online.org\/wp-content\/uploads\/2025\/02\/trump_putin_1-31x18.jpg 31w, https:\/\/humanrights-online.org\/wp-content\/uploads\/2025\/02\/trump_putin_1-200x114.jpg 200w, https:\/\/humanrights-online.org\/wp-content\/uploads\/2025\/02\/trump_putin_1-350x200.jpg 350w, https:\/\/humanrights-online.org\/wp-content\/uploads\/2025\/02\/trump_putin_1-400x229.jpg 400w, https:\/\/humanrights-online.org\/wp-content\/uploads\/2025\/02\/trump_putin_1-600x343.jpg 600w, https:\/\/humanrights-online.org\/wp-content\/uploads\/2025\/02\/trump_putin_1-768x439.jpg 768w, https:\/\/humanrights-online.org\/wp-content\/uploads\/2025\/02\/trump_putin_1-800x457.jpg 800w, https:\/\/humanrights-online.org\/wp-content\/uploads\/2025\/02\/trump_putin_1-1024x585.jpg 1024w, https:\/\/humanrights-online.org\/wp-content\/uploads\/2025\/02\/trump_putin_1-1200x686.jpg 1200w, https:\/\/humanrights-online.org\/wp-content\/uploads\/2025\/02\/trump_putin_1.jpg 1344w\" sizes=\"(max-width: 1344px) 100vw, 1344px\" \/><\/p>\n<p>Das Bild wurde mit Hilfe k\u00fcnstlicher Intelligenz erzeugt.<\/p>\n<p>&nbsp;<\/p>\n<h3><\/h3>\n<h3><strong>Diese Zahlen<a href=\"#_ftn1\" name=\"_ftnref1\">[1]<\/a> muss sich Europa heute vor Augen f\u00fchren<\/strong><\/h3>\n<p>Die Ukraine war vor drei Jahren das gr\u00f6\u00dfte Land inmitten geographisch Europas, mit einer friedlichen, nach Demokratie strebenden Bev\u00f6lkerung von 40 Millionen Menschen.<\/p>\n<p>Der russische Angriffskrieg seit dem fr\u00fchen Morgen des 24. Februar 2022, hatte die gr\u00f6\u00dfte Fl\u00fcchtlingskrise in Europa seit dem Zweiten Weltkrieg ausgel\u00f6st.<\/p>\n<p>Weit \u00fcber 10 Millionen B\u00fcrger aus dem Schlaf gebombt und in die panische Flucht ums blanke \u00dcberleben getrieben.<\/p>\n<p>Seit Kriegsbeginn gibt es f\u00fcr die Bev\u00f6lkerung der Ukraine keinen Tag mehr ohne Bombardierungen, -alleine Artilleriegranaten bis zu 60 000 t\u00e4glich.<\/p>\n<p>Bombardiert werden Infrastruktur, Schulen und Krankenh\u00e4user. Kein Strom, keine Heizung, kein Schulunterricht, keine medizinische Hilfe, &#8211; all das geh\u00f6rt seit 3 Jahren zum ukrainischen Alltag. Heute sind etwa 13 Millionen ukrainische B\u00fcrger im t\u00e4glichen \u00dcberlebenskampf auf humanit\u00e4re Hilfe angewiesen und z\u00e4hlt die Ukraine zu den am st\u00e4rksten verminten L\u00e4ndern der Welt.<\/p>\n<p>Mindestens 45 000 ukrainische Soldaten und 12 654 Zivilisten wurden get\u00f6tet, darunter Frauen, zur H\u00e4lfte alte Menschen und 673 Kinder.<\/p>\n<p>Mindestens 370 000 Soldaten der ukrainischen Verteidigungsarmee wurden schwer verwundet sowie 27 000 Zivilisten, darunter mindestens 670 Kinder.<\/p>\n<p>Etwa 20 000 ukrainische Kinder wurden nach Russland verschleppt und dort zur Adoption freigegeben oder in Kinderheimen zu patriotischen Russen erzogen. Russland gibt keine Auskunft \u00fcber sie.<\/p>\n<p>Weitere 30 000 ukrainische Zivilisten gelten als vermisst, darunter 14 000 m\u00e4nnliche Zivilisten, die sich in russischer Gefangenschaft befinden. Russland gibt keine Auskunft \u00fcber sie. 95 Prozent der R\u00fcckkehrer aus den Gefangenen-Austauschen berichten von schwerer Folter in russischer Gefangenschaft.<\/p>\n<h3><a href=\"#_ftnref1\" name=\"_ftn1\"><\/a>M<a href=\"#_ftnref1\" name=\"_ftn1\"><\/a><strong>enschenrechte \u2013 Errungenschaft der Zivilisation nach dem Zweiten Weltkrieg<\/strong><\/h3>\n<p>Der Zweite Weltkrieg hatte bis zu gesch\u00e4tzten 80 Millionen Menschen das Leben gekostet und mit seinen Gr\u00e4ueltaten tiefste Abgr\u00fcnde der Menschheit nach oben gekehrt. Aus diesem Schrecken heraus konnte sich die Menschheit im Jahr 1948 auf Grundwerte einer zuk\u00fcnftigen Zivilisation, die \u201eAllgemeine Erkl\u00e4rung der Menschenrechte\u201c einigen, unter diesen sich eine solche H\u00f6lle nicht wiederholen sollte.<\/p>\n<p>Gerade die Ukraine hatte in ihrer Lage zwischen Hitler und Stalin als \u201eBlutland\u201c (Timothy Snyder) die meisten Todesopfer des Zweiten Weltkrieges zu verzeichnen. Vor 3 Jahren, 74 Jahre danach oder knapp drei Generationen sp\u00e4ter, stecken diese damaligen Kriegs-Schrecken nicht mehr in den eigenen Gliedern und selbst 3 Jahre nach Beginn des russischen Angriffskriegs, ist der laute Aufschrei der internationalen Wertegemeinschaft zu einem eher wimmernden Diskurs verhallt.<\/p>\n<h3><strong>Kriegsverbrecher Putin<\/strong><\/h3>\n<p>Dabei gibt es keinerlei Grund f\u00fcr Gezetere und Gewimmere. Faktisch ganz klar hat der russische Pr\u00e4sident mit seinem Angriffsbefehl am 24.2.2022 und der dreij\u00e4hrigen Kriegsf\u00fchrung alle schweren und schwersten Verbrechen gegen die Menschenrechte ausgel\u00f6st und wieder das Recht des St\u00e4rkeren durchgesetzt.<\/p>\n<h3><strong>Dealmaker Trump<\/strong><\/h3>\n<p>Auf dieser Ebene der Starken trifft er sich nun mit dem \u201eneuen Sheriff in der Stadt\u201c, dem Pr\u00e4sidenten der Weltmacht, die wie kein anderes Land f\u00fcr die Einhaltung der Menschenrechte, -f\u00fcr Demokratie und Freiheit stand.<\/p>\n<h3><strong>Demaskierte europ\u00e4ische Wertepolitik<\/strong><\/h3>\n<p>Unter dem Kreuz der Ukraine handeln die beiden starken M\u00e4nner nun einen \u201eFrieden\u201c aus, in dem die Schwachen auf die Warte-, gar auf die Anklagebank verwiesen werden. Br\u00fcskiert-lobend, hektisch-langsam, stark-schwach, gemeinsam-uneins rutscht Europa nun auf der Bank hin und her.<\/p>\n<p>Nicht zuletzt gar entbl\u00f6\u00dft und demaskiert, denn wie oft hatte es in den letzten Jahren auf Dienstreisen ins Ausland seine werteorientierte Politik au\u00dfen vorgelassen und die Gesch\u00e4fte an erste Stelle ger\u00fcckt? Wie sehr hat es sich damit unglaubw\u00fcrdig, gar l\u00e4cherlich gemacht und damit den Aufmarsch der Diktatoren in der Welt befl\u00fcgelt?<\/p>\n<p>So stellte der aserbaidschanische Bruder-Pr\u00e4sident der T\u00fcrkei Ende 2023 f\u00fcr die neue Drehscheibe des Welthandels im s\u00fcdkaukasisch-kaspischen Raum (Russland, China, Iran, T\u00fcrkei u.v.a.) ganz unverhohlen fest, dass man sich entweder an deren Art des Gesch\u00e4ftemachens (ohne Einmischung westlicher Wertepolitik) halten k\u00f6nne oder ansonsten \u201eraus aus dem Spiel\u201c sei. Kurze Zeit sp\u00e4ter formuliert er es im Geiste der gro\u00dfen Diktatoren der Region noch einmal ganz klar: Gr\u00f6\u00dfere Staaten m\u00fcssten selbst f\u00fcr ihr internationales Recht sorgen\u2026 Jeder m\u00fcsse sich um sein eigenes Gesch\u00e4ft k\u00fcmmern. Das sei der beste Weg der Zusammenarbeit, die \u201eMasken sind l\u00e4ngst gefallen\u201c.<\/p>\n<h3><strong>Europa muss jetzt dringend h\u00e4rtere Bandagen anlegen<\/strong><\/h3>\n<p>Sitzt Europa also zu Recht auf der Strafbank f\u00fcr seine Ignoranz dieser Entwicklungen? Und hat es gar eine Mitschuld an dem russischen Angriffskrieg? An der H\u00f6lle, durch die 40 Millionen Ukrainerinnen und Ukrainer seit drei Jahren gehen? Das sind Fragen, die zurecht untersucht werden k\u00f6nnten.<\/p>\n<p>Wohingegen die wichtigste Frage, die \u00fcber allem steht, keinerlei Untersuchung auf ihren Wahrheitsgehalt und Strafbestand ben\u00f6tigt. Der russische Pr\u00e4sident hat vor genau drei Jahren einen v\u00f6lkerrechtswidrigen Angriffskrieg auf 40 Millionen Ukrainerinnen und Ukrainer inmitten Europas befohlen.<\/p>\n<p>In einer zivilisierten Welt gibt es f\u00fcr dieses Verbrechen eindeutige internationale Rechtsvorlagen, die nicht umsonst nach dem Zweiten Weltkrieg zum Schutz der Menschheit vor sich selbst in Stein gemei\u00dfelt wurden:<\/p>\n<p>Untersuchung der Kriegsverbrechen, Ahndung und Verurteilung der T\u00e4ter, Freilassung aller Gefangener und Deportierter, Reparationszahlungen, Sorgetragung f\u00fcr Nichtwiederholung.<\/p>\n<p>Menschenrechte sind Grundpfeiler einer zivilisierten Gesellschaft und Europa hat die dringende Pflicht daraus keine provinzielle Lachnummer f\u00fcr die neuen Sheriffs, Dealmaker und Kriegsverbrecher dieser Welt zu machen. Dazu muss es nicht zuletzt aufgrund eigener str\u00e4flicher Vers\u00e4umnisse heute dringend h\u00e4rtere Bandagen anlegen.<\/p>\n<p>&nbsp;<\/p>\n<p><strong><a href=\"#_ftn1\" name=\"_ftnref1\">[1] <\/a><\/strong>Quellen: Offizielle Angaben entsprechender Abteilungen der UN, ukrainische Beh\u00f6rden. Mindestangaben, die tats\u00e4chlichen Zahlen werden weitaus h\u00f6her gesch\u00e4tzt.<\/p>\n<h3 style=\"text-align: right;\">Carmen Krusch-Gruen<\/h3>\n<p>&nbsp;<\/p>\n<p>&nbsp;<\/p>\n<p>&nbsp;<\/p>\n","protected":false},"excerpt":{"rendered":"<p>3 Jahre Krieg in Ukraine. Menschenrechte d\u00fcrfen nicht zur Lachnummer aus der europ\u00e4ischen Provinz werden. Europa muss jetzt dringend str\u00e4fliche Vers\u00e4umnisse nachholen und h\u00e4rtere Bandagen anlegen Das Bild wurde mit Hilfe k\u00fcnstlicher Intelligenz erzeugt. &nbsp; Diese Zahlen[1] muss sich Europa heute vor Augen f\u00fchren Die Ukraine war vor drei Jahren das gr\u00f6\u00dfte Land inmitten geographisch Europas, mit einer friedlichen, nach Demokratie strebenden Bev\u00f6lkerung von 40 Millionen Menschen. Der russische Angriffskrieg seit dem fr\u00fchen Morgen des 24. Februar 2022, hatte die gr\u00f6\u00dfte Fl\u00fcchtlingskrise <a href=\"https:\/\/humanrights-online.org\/de\/3-jahre-krieg-in-ukraine\/\"> [&#8230;]<\/a><\/p>\n","protected":false},"author":113,"featured_media":41691,"comment_status":"open","ping_status":"closed","sticky":false,"template":"","format":"standard","meta":{"slim_seo":{"title":"3 Jahre Krieg in Ukraine - Menschenrechte Osteuropa - News &amp; Konflikte","description":"3 Jahre Krieg in Ukraine. Menschenrechte d\u00fcrfen nicht zur Lachnummer aus der europ\u00e4ischen Provinz werden. Europa muss jetzt dringend str\u00e4fliche Vers\u00e4umnisse nac"},"footnotes":""},"categories":[30,218,482,541,542,478,487,477,1240,1241],"tags":[],"class_list":["post-41694","post","type-post","status-publish","format-standard","has-post-thumbnail","hentry","category-blog-news","category-bl-en","category-country-russia-2-en","category-country-russia-en","category-country-russia-3","category-country-russia-2","category-country-ukraine-2-en","category-country-ukraine-2","category-country-ukraine-3","category-country-ukraine-de"],"_links":{"self":[{"href":"https:\/\/humanrights-online.org\/de\/wp-json\/wp\/v2\/posts\/41694","targetHints":{"allow":["GET"]}}],"collection":[{"href":"https:\/\/humanrights-online.org\/de\/wp-json\/wp\/v2\/posts"}],"about":[{"href":"https:\/\/humanrights-online.org\/de\/wp-json\/wp\/v2\/types\/post"}],"author":[{"embeddable":true,"href":"https:\/\/humanrights-online.org\/de\/wp-json\/wp\/v2\/users\/113"}],"replies":[{"embeddable":true,"href":"https:\/\/humanrights-online.org\/de\/wp-json\/wp\/v2\/comments?post=41694"}],"version-history":[{"count":14,"href":"https:\/\/humanrights-online.org\/de\/wp-json\/wp\/v2\/posts\/41694\/revisions"}],"predecessor-version":[{"id":41730,"href":"https:\/\/humanrights-online.org\/de\/wp-json\/wp\/v2\/posts\/41694\/revisions\/41730"}],"wp:featuredmedia":[{"embeddable":true,"href":"https:\/\/humanrights-online.org\/de\/wp-json\/wp\/v2\/media\/41691"}],"wp:attachment":[{"href":"https:\/\/humanrights-online.org\/de\/wp-json\/wp\/v2\/media?parent=41694"}],"wp:term":[{"taxonomy":"category","embeddable":true,"href":"https:\/\/humanrights-online.org\/de\/wp-json\/wp\/v2\/categories?post=41694"},{"taxonomy":"post_tag","embeddable":true,"href":"https:\/\/humanrights-online.org\/de\/wp-json\/wp\/v2\/tags?post=41694"}],"curies":[{"name":"wp","href":"https:\/\/api.w.org\/{rel}","templated":true}]}}