{"id":41575,"date":"2025-01-15T14:31:28","date_gmt":"2025-01-15T13:31:28","guid":{"rendered":"https:\/\/humanrights-online.org\/de\/?p=41575"},"modified":"2025-01-15T14:31:28","modified_gmt":"2025-01-15T13:31:28","slug":"aufruf-zur-demonstration-waehlt-die-ukraine-24-februar-brandenburger-tor","status":"publish","type":"post","link":"https:\/\/humanrights-online.org\/de\/aufruf-zur-demonstration-waehlt-die-ukraine-24-februar-brandenburger-tor\/","title":{"rendered":"Aufruf zur Demonstration \u201eW\u00e4hlt die Ukraine\u201c \u2013 24. Februar, Brandenburger Tor"},"content":{"rendered":"<h1>Aufruf zur Demonstration \u201eW\u00e4hlt die Ukraine\u201c \u2013 24. Februar, Brandenburger Tor<\/h1>\n<p><img decoding=\"async\" class=\"alignnone size-full wp-image-41576\" src=\"https:\/\/humanrights-online.org\/wp-content\/uploads\/2025\/01\/website-demo-eng-1.png\" alt=\"Website Demo Eng 1\" width=\"2160\" height=\"1422\" srcset=\"https:\/\/humanrights-online.org\/wp-content\/uploads\/2025\/01\/website-demo-eng-1-31x20.png 31w, https:\/\/humanrights-online.org\/wp-content\/uploads\/2025\/01\/website-demo-eng-1-200x132.png 200w, https:\/\/humanrights-online.org\/wp-content\/uploads\/2025\/01\/website-demo-eng-1-304x200.png 304w, https:\/\/humanrights-online.org\/wp-content\/uploads\/2025\/01\/website-demo-eng-1-400x263.png 400w, https:\/\/humanrights-online.org\/wp-content\/uploads\/2025\/01\/website-demo-eng-1-600x395.png 600w, https:\/\/humanrights-online.org\/wp-content\/uploads\/2025\/01\/website-demo-eng-1-768x506.png 768w, https:\/\/humanrights-online.org\/wp-content\/uploads\/2025\/01\/website-demo-eng-1-800x527.png 800w, https:\/\/humanrights-online.org\/wp-content\/uploads\/2025\/01\/website-demo-eng-1-1024x674.png 1024w, https:\/\/humanrights-online.org\/wp-content\/uploads\/2025\/01\/website-demo-eng-1-1200x790.png 1200w, https:\/\/humanrights-online.org\/wp-content\/uploads\/2025\/01\/website-demo-eng-1-1536x1011.png 1536w, https:\/\/humanrights-online.org\/wp-content\/uploads\/2025\/01\/website-demo-eng-1.png 2160w\" sizes=\"(max-width: 2160px) 100vw, 2160px\" \/><\/p>\n<p>Seit fast 11 Jahren f\u00fchrt russland Krieg gegen die Ukraine, und vor drei Jahren eskalierte dieser Krieg in einer brutalen Vollinvasion. Jeden Tag verliert die Ukraine Territorium \u2013 Orte, an denen Menschen leben. russische Raketen und Gleitbomben zerst\u00f6ren D\u00f6rfer und St\u00e4dte, Drohnenangriffe terrorisieren die Bev\u00f6lkerung und treffen gezielt zivile Infrastruktur. Mitten im Winter soll die Strom- und W\u00e4rmeversorgung zerst\u00f6rt werden.<\/p>\n<p>Es ist naiv zu glauben und t\u00f6richt zu fordern, dass die Ukraine und ihre Unterst\u00fctzer*innen nun in Verhandlungen mit russland Eingest\u00e4ndnisse machen m\u00fcssen \u2013 nach drei Jahren brutaler Vollinvasion, Tausenden von Kriegsverbrechen, zerst\u00f6rten St\u00e4dten und Millionen Menschen, die in Angst, Folter und Unterdr\u00fcckung leben. russland hat es auf mehr als die Ukraine abgesehen und bedroht auch bei uns Freiheit, Demokratie und das Recht auf ein sicheres Leben. Es wird nicht von alleine aufh\u00f6ren, sondern muss entschieden gestoppt werden.<\/p>\n<p>Es ist klar: Appeasement gegen\u00fcber dem Aggressor russland f\u00fchrt nicht zu Frieden, sondern gibt ihm die M\u00f6glichkeit, Kr\u00e4fte zu sammeln. Verhandlungen ohne robuste Sicherheitsgarantien und Gerechtigkeit f\u00fcr die Opfer sind kein Weg zu einem nachhaltigen Frieden. russland versteht Zugest\u00e4ndnisse als Schw\u00e4che und nutzt diese aus.<\/p>\n<p>Mit den bevorstehenden Bundestagswahlen und dem Erstarken populistischer und rechtsextremer Kr\u00e4fte m\u00fcssen wir uns klarmachen: Wollen wir f\u00fcr Demokratie, Frieden und Freiheit einstehen \u2013 oder zulassen, dass Tyrannei und Unterdr\u00fcckung gewinnen?<\/p>\n<p><strong>Am 24. Februar, <\/strong>dem Jahrestag der russischen Vollinvasion, laden wir Sie herzlich ein, gemeinsam mit uns ein klares Zeichen zu setzen.<\/p>\n<p>Wir w\u00e4hlen Freiheit, Demokratie und Frieden. <strong>Wir w\u00e4hlen die Ukraine!<\/strong><\/p>\n<p>\ud83d\udccd <strong>Wo:<\/strong> Brandenburger Tor, Berlin<br \/>\n\ud83d\udcc5 <strong>Wann:<\/strong> 24. Februar, 19:00<\/p>\n<p>Unsere Demo braucht auch finanzielle Unterst\u00fctzung, um Wirkung zu zeigen. Jeder Beitrag hilft.<\/p>\n<h3><strong>Werden Sie Partner*in und unterst\u00fctzen Sie die Demonstration!<\/strong><\/h3>\n<p>Wir arbeiten derzeit intensiv an der Planung der Solidarit\u00e4tsdemonstration und freuen uns \u00fcber Ihre Unterst\u00fctzung, Kooperation und Zusammenarbeit, um diese Veranstaltung so kraftvoll und effektvoll wie m\u00f6glich zu gestalten. Es gibt verschiedene Wege, wie Sie sich einbringen k\u00f6nnen:<\/p>\n<ol>\n<li><strong>Zeichnen Sie den Aufruf zur Demonstration mit.<\/strong><strong><br \/>\n<\/strong>Wenn Sie als Einzelperson oder Organisation diesen Aufruf zur Demonstration mitzeichnen m\u00f6chten, geben Sie uns Bescheid und senden Sie uns ein Logo Ihrer Institution oder Organisation sowie Ihren vollst\u00e4ndigen Namen und Ihre Position, falls Sie individuell auftreten.<br \/>\n\ud83d\udce7 Kontakt: <a href=\"https:\/\/e.mail.ru\/compose\/?mailto=mailto%3ainfo@vitsche.org\">info@vitsche.org<\/a><\/li>\n<li><strong>Leisten Sie finanzielle Unterst\u00fctzung.<\/strong><strong><br \/>\n<\/strong>Die Organisation einer Demonstration erfordert finanzielle Ressourcen. Unterst\u00fctzen Sie uns, indem Sie als Partner*in zur Finanzierung beitragen und so die technische Umsetzung dieser wichtigen Veranstaltung erm\u00f6glichen.<br \/>\n\ud83d\udce7 Kontakt: <a href=\"https:\/\/e.mail.ru\/compose\/?mailto=mailto%3avladyslava.vorobiova@vitsche.org\">vladyslava.vorobiova@vitsche.org<\/a><\/li>\n<li><strong>Treten Sie als konzeptionelle*r Partner*in auf.<\/strong><strong><br \/>\n<\/strong>Haben Sie Ideen hinsichtlich eines Konzepts, Performances, Musik- oder Redebeitrags? Vielleicht planen Sie Partnerdemonstrationen in anderen St\u00e4dten, um die Reichweite zu vergr\u00f6\u00dfern? Gemeinsam k\u00f6nnen wir mehr erreichen und die Bekanntheit der Veranstaltung erh\u00f6hen.<br \/>\n\ud83d\udce7 Kontakt: <a href=\"https:\/\/e.mail.ru\/compose\/?mailto=mailto%3avladyslava.vorobiova@vitsche.org\">vladyslava.vorobiova@vitsche.org<\/a><\/li>\n<li><strong>Werden Sie Medienpartner*in.<\/strong><strong><br \/>\n<\/strong>Unterst\u00fctzen Sie uns, eine breite \u00d6ffentlichkeit zu erreichen, indem Sie Medienpartner*in werden. Verbreiten Sie unsere Pressemitteilungen, teilen Sie unsere Social-Media-Kampagnen und sorgen Sie mit uns daf\u00fcr, dass die Demonstration sichtbar wird.<br \/>\n\ud83d\udce7 Kontakt: <a href=\"https:\/\/e.mail.ru\/compose\/?mailto=mailto%3apress@vitsche.org\">press@vitsche.org<\/a><\/li>\n<\/ol>\n<p>Please support our work:<\/p>\n<p><a href=\"https:\/\/click.actionnetwork.org\/ss\/c\/u001.XaF8mXqsA6b2dSPmhsleMUroeTH7FVyUYmWof9hrco4svScAi87p4LTOVF7umStoQaa1Q9SQEsPsL2kaZEt9tmL6sfexNKs1uZouJ3IGjnbdOzeoRLiwVrnrMwQi9oPGWQDT7djrVWSZjvN2AZxP6cnFKZkYV3l1r3yhzKnSHUYKqGMtBqr5ym0tPlfIkTIwU0eWV8YImSuo9Xi0FgOQIPCWaPf4xTpuCrCGvhMcIPIX85FiFPyq1CH03KwMbfS0M6OviugJPuAVn7Ixv0TzPhygFEdo2VSP5XwNK956zeMf0ktIcyAb1g580zbNWBb6xn3eINY-i8iPDSMfxMqHdaayvLUImzl1R6HURVy3TVfUvH-jW4ffyDopyJpRyiZP39gSgqlBxLl8NGAYG3kz3sbtbgLWMo03F7uNfhBc-pmon3DatWEJ7meOvyY4LtoA\/4d4\/C2QlytREQsuFfsdmHQ72Wg\/h3\/h001.ap4zbLDaQqjKgXtPsCzF229ol55DjVi_e8avmuBiGEY\" target=\"_blank\" rel=\"noopener noreferrer\">Paypal<\/a> |<a href=\"https:\/\/click.actionnetwork.org\/ss\/c\/u001.jTd4CJP2oHMhBHdrjS9uupfRMrI0nPrj5QRUrHULLV_yB5cMwhyHpuxnK2fIoXDt13p1AKILW7F9iEP5ny1qKBN1DsnXpZ1yMTZn5qizKhAYGwuIsmo-MjT2sR1EQyC-haW-Fjp_1wq-jqZpQvQyVJjnv6bY01Plydl-UhUBnjosohoGv_IvCNnrP1nRhkJ9PsWpa1Fkgk_hHG7oaJbma4dyL0QRFSrlLXh9d2YEcC66eju6ZS0y3ZBta54HBgZjyXtfDf64e2ph7JvYGDelLsxFl9Giqgd1K8tfyWezRQKM-SJaCbrVYTpDoNyMJKal_scpE0UT_weNK8md2m68p_grQxfDRLIzdRXVX-RNXQ4ANKrgSRPEw8j1OVm6LAKzJnUKh7aQso4fN-8gjcUycw\/4d4\/C2QlytREQsuFfsdmHQ72Wg\/h4\/h001.-x8tShI2BrdCls2_4K_ln8ZDQzcpaJ5wiBSZBJX-JDY\" target=\"_blank\" rel=\"noopener noreferrer\"> BuyMeACoffee<\/a><\/p>\n<p>Bank account:<\/p>\n<p>Account holder: Vitsche e.V.<\/p>\n<p>IBAN: DE72430609671282233501<\/p>\n<p>BIC: GENODEM1GLS<\/p>\n<p>&nbsp;<\/p>\n<p>Quelle: <a href=\"https:\/\/vitsche.org\/events\/call-to-demonstration-choose-ukraine-february-24-brandenburg-gate\/\" target=\"_blank\" rel=\"nofollow noopener\">vitsche.org<\/a><\/p>\n","protected":false},"excerpt":{"rendered":"<p>Aufruf zur Demonstration \u201eW\u00e4hlt die Ukraine\u201c \u2013 24. Februar, Brandenburger Tor Seit fast 11 Jahren f\u00fchrt russland Krieg gegen die Ukraine, und vor drei Jahren eskalierte dieser Krieg in einer brutalen Vollinvasion. Jeden Tag verliert die Ukraine Territorium \u2013 Orte, an denen Menschen leben. russische Raketen und Gleitbomben zerst\u00f6ren D\u00f6rfer und St\u00e4dte, Drohnenangriffe terrorisieren die Bev\u00f6lkerung und treffen gezielt zivile Infrastruktur. Mitten im Winter soll die Strom- und W\u00e4rmeversorgung zerst\u00f6rt werden. Es ist naiv zu glauben und t\u00f6richt zu fordern, dass die <a href=\"https:\/\/humanrights-online.org\/de\/aufruf-zur-demonstration-waehlt-die-ukraine-24-februar-brandenburger-tor\/\"> [&#8230;]<\/a><\/p>\n","protected":false},"author":113,"featured_media":41576,"comment_status":"open","ping_status":"closed","sticky":false,"template":"","format":"standard","meta":{"slim_seo":{"title":"Aufruf zur Demonstration \u201eW\u00e4hlt die Ukraine\u201c \u2013 24. Februar, Brandenburger Tor - Menschenrechte Osteuropa - News &amp; Konflikte","description":"Aufruf zur Demonstration \u201eW\u00e4hlt die Ukraine\u201c \u2013 24. Februar, Brandenburger Tor Seit fast 11 Jahren f\u00fchrt russland Krieg gegen die Ukraine, und vor drei Jahren es"},"footnotes":""},"categories":[30,477,1241],"tags":[],"class_list":["post-41575","post","type-post","status-publish","format-standard","has-post-thumbnail","hentry","category-blog-news","category-country-ukraine-2","category-country-ukraine-de"],"_links":{"self":[{"href":"https:\/\/humanrights-online.org\/de\/wp-json\/wp\/v2\/posts\/41575","targetHints":{"allow":["GET"]}}],"collection":[{"href":"https:\/\/humanrights-online.org\/de\/wp-json\/wp\/v2\/posts"}],"about":[{"href":"https:\/\/humanrights-online.org\/de\/wp-json\/wp\/v2\/types\/post"}],"author":[{"embeddable":true,"href":"https:\/\/humanrights-online.org\/de\/wp-json\/wp\/v2\/users\/113"}],"replies":[{"embeddable":true,"href":"https:\/\/humanrights-online.org\/de\/wp-json\/wp\/v2\/comments?post=41575"}],"version-history":[{"count":1,"href":"https:\/\/humanrights-online.org\/de\/wp-json\/wp\/v2\/posts\/41575\/revisions"}],"predecessor-version":[{"id":41577,"href":"https:\/\/humanrights-online.org\/de\/wp-json\/wp\/v2\/posts\/41575\/revisions\/41577"}],"wp:featuredmedia":[{"embeddable":true,"href":"https:\/\/humanrights-online.org\/de\/wp-json\/wp\/v2\/media\/41576"}],"wp:attachment":[{"href":"https:\/\/humanrights-online.org\/de\/wp-json\/wp\/v2\/media?parent=41575"}],"wp:term":[{"taxonomy":"category","embeddable":true,"href":"https:\/\/humanrights-online.org\/de\/wp-json\/wp\/v2\/categories?post=41575"},{"taxonomy":"post_tag","embeddable":true,"href":"https:\/\/humanrights-online.org\/de\/wp-json\/wp\/v2\/tags?post=41575"}],"curies":[{"name":"wp","href":"https:\/\/api.w.org\/{rel}","templated":true}]}}