{"id":41202,"date":"2024-12-05T14:47:05","date_gmt":"2024-12-05T13:47:05","guid":{"rendered":"https:\/\/humanrights-online.org\/de\/a-berlin-break-during-my-internship\/"},"modified":"2025-01-20T15:44:14","modified_gmt":"2025-01-20T14:44:14","slug":"eine-berlin-reise-waehrend-meines-praktikums","status":"publish","type":"post","link":"https:\/\/humanrights-online.org\/de\/eine-berlin-reise-waehrend-meines-praktikums\/","title":{"rendered":"Eine Berlin Reise w\u00e4hrend meines Praktikums"},"content":{"rendered":"<div id=\"attachment_41162\" style=\"width: 467px\" class=\"wp-caption alignleft\"><img decoding=\"async\" aria-describedby=\"caption-attachment-41162\" class=\"wp-image-41162 \" src=\"https:\/\/humanrights-online.org\/wp-content\/uploads\/2024\/12\/2.png\" alt=\"Rima Vadarnjan\" width=\"457\" height=\"294\" srcset=\"https:\/\/humanrights-online.org\/wp-content\/uploads\/2024\/12\/2-31x20.png 31w, https:\/\/humanrights-online.org\/wp-content\/uploads\/2024\/12\/2-200x129.png 200w, https:\/\/humanrights-online.org\/wp-content\/uploads\/2024\/12\/2-311x200.png 311w, https:\/\/humanrights-online.org\/wp-content\/uploads\/2024\/12\/2-400x257.png 400w, https:\/\/humanrights-online.org\/wp-content\/uploads\/2024\/12\/2-460x295.png 460w, https:\/\/humanrights-online.org\/wp-content\/uploads\/2024\/12\/2-600x386.png 600w, https:\/\/humanrights-online.org\/wp-content\/uploads\/2024\/12\/2.png 700w\" sizes=\"(max-width: 457px) 100vw, 457px\" \/><p id=\"caption-attachment-41162\" class=\"wp-caption-text\">Rima Vardanyan w\u00e4hrend ihres Praktikums bei der IGFM in Deutschland<\/p><\/div>\n<h2>Eine Berlin Reise w\u00e4hrend meines Praktikums<\/h2>\n<p>Hallo! Wie Sie bereits wissen, bin ich Rima aus Armenien und mache mein Praktikum bei IGFM. Vom 26. bis 29. November hatte ich im Rahmen meines Praktikumsprogramms die Gelegenheit, Berlin zu besuchen. W\u00e4hrend dieser Reise trafen wir uns mit mehreren NGOs, Mitgliedern des Bundestags und nahmen aktiv an einer Presse-Konferenz teil. Das waren wirklich bemerkenswerte Tage \u2013 sowohl sehr informativ als auch aufregend. Neben unserer Praktikums-Aufgaben erkundeten wir Berlins pulsierende Stadtlandschaft. Trotz des kalten Wetters und der f\u00fcr Berlin typischen K\u00e4lte blieben unsere Geister warm und gehoben.<\/p>\n<p>Der erste Tag, der 26. November, begann entspannt. Nach unserer Ankunft in Berlin richteten wir uns in unserem Hotel ein und genossen unseren ersten Abend in einem mexikanischen Restaurant. Es war der perfekte Einstieg in eine ereignisreiche Reise.<\/p>\n<p>Der n\u00e4chste Tag, der 27. November, stand ganz im Zeichen unserer Praktikums-Aufgaben. Unser erstes Treffen war mit Vitsche, einer in Berlin ans\u00e4ssigen NGO, die sich darauf konzentriert, ukrainischen Stimmen mehr Geh\u00f6r zu verschaffen und ukrainische Handlungsf\u00e4higkeit in Europa zu f\u00f6rdern. Sie erz\u00e4hlten uns, wie sie sich mit innovativen Strategien und Kulturdiplomatie f\u00fcr die Freiheit und Entwicklung der Ukraine einsetzen. Die interaktive Sitzung gab uns wertvolle Einblicke in ihre Arbeit, darunter die Unterst\u00fctzung von Landsleuten, die Organisation wirkungsvoller Kampagnen und die F\u00f6rderung des kulturellen Dialogs.<\/p>\n<p>Wir trafen auch Vertreter der NGO Civilians in Captivity und Liusiena Zinovkina, die Frau eines politischen Gefangenen. Liusiena erz\u00e4hlte uns ihre Geschichte und ihre unerm\u00fcdlichen Bem\u00fchungen, auf die Notlage ihres Mannes aufmerksam zu machen. Ihre Belastbarkeit und ihr Engagement waren zutiefst bewegend. Wir beendeten den Tag mit einem Abendessen in einem italienischen Restaurant und dachten \u00fcber die bedeutsamen Kontakte nach, die wir gekn\u00fcpft hatten.<\/p>\n<div id=\"attachment_41165\" style=\"width: 494px\" class=\"wp-caption alignleft\"><img decoding=\"async\" aria-describedby=\"caption-attachment-41165\" class=\"wp-image-41165 \" src=\"https:\/\/humanrights-online.org\/wp-content\/uploads\/2024\/12\/4-1.png\" alt=\"Rima Vardanjan\" width=\"484\" height=\"311\" srcset=\"https:\/\/humanrights-online.org\/wp-content\/uploads\/2024\/12\/4-1-31x20.png 31w, https:\/\/humanrights-online.org\/wp-content\/uploads\/2024\/12\/4-1-200x129.png 200w, https:\/\/humanrights-online.org\/wp-content\/uploads\/2024\/12\/4-1-311x200.png 311w, https:\/\/humanrights-online.org\/wp-content\/uploads\/2024\/12\/4-1-400x257.png 400w, https:\/\/humanrights-online.org\/wp-content\/uploads\/2024\/12\/4-1-460x295.png 460w, https:\/\/humanrights-online.org\/wp-content\/uploads\/2024\/12\/4-1-600x386.png 600w, https:\/\/humanrights-online.org\/wp-content\/uploads\/2024\/12\/4-1.png 700w\" sizes=\"(max-width: 484px) 100vw, 484px\" \/><p id=\"caption-attachment-41165\" class=\"wp-caption-text\">Rima Vardanyan, armenische \u00d6PR Praktikantin im deutschen Bundestag<\/p><\/div>\n<p>Am 28. November besuchten wir den Bundestag, wo wir das Privileg hatten, Nico Tippelt, Mitglied des deutschen Parlaments, zu treffen. W\u00e4hrend unserer Diskussion erkundeten wir verschiedene Themen, darunter Armenien, die Ukraine, die Zukunft der armenisch-deutschen Beziehungen und die Situation ukrainischer politischer Gefangener.<\/p>\n<p>Sp\u00e4ter am selben Tag trafen wir Mikael Minasyan, den Pr\u00e4sidenten der Vereinigung europ\u00e4ischer und armenischer Experten und professionellen \u00dcbersetzer. Er erz\u00e4hlte von ihren wirkungsvollen Initiativen, wie der Organisation armenisch-apostolischer Liturgien in Ostberlin und der Bereitstellung von IT-Schulungen f\u00fcr verwundete Soldaten und Vertriebene aus Berg-Karabach.<\/p>\n<p>Diese Treffen erweiterten unseren Horizont und brachten uns mit bemerkenswerten Menschen zusammen, die sich daf\u00fcr einsetzen, etwas zu bewegen. Sie lieferten eine F\u00fclle an Inspiration und legten den Grundstein f\u00fcr zuk\u00fcnftige Kooperationen. Neben den beruflichen H\u00f6hepunkten hatten wir auch die Gelegenheit, Berlin zu erkunden \u2013 eine Stadt reich an Geschichte und Kultur. Trotz des rauen Wetters machten die Herzlichkeit der Menschen, die wir trafen, und die bedeutungsvollen Gespr\u00e4che, die wir f\u00fchrten, das Erlebnis unvergesslich. Insgesamt war diese Reise eine unglaubliche Gelegenheit, sowohl pers\u00f6nlich als auch beruflich zu wachsen und gleichzeitig Verbindungen zu st\u00e4rken, die in Zukunft zu wirkungsvollen Projekten f\u00fchren k\u00f6nnten. Vielen Dank, dass Sie uns auf dieser Reise begleitet haben!<\/p>\n<p>Rima Vardanyan<\/p>\n<p><a href=\"https:\/\/civilsocietycooperation.net\/\">#CivilSocietyCooperation<\/a><\/p>\n<p><img decoding=\"async\" class=\"alignnone wp-image-41160\" src=\"https:\/\/humanrights-online.org\/wp-content\/uploads\/2024\/12\/thumbnail_logo_opr_amt-2-323x200.png\" alt=\"Thumbnail Logo Opr Amt\" width=\"300\" height=\"186\" srcset=\"https:\/\/humanrights-online.org\/wp-content\/uploads\/2024\/12\/thumbnail_logo_opr_amt-2-31x19.png 31w, https:\/\/humanrights-online.org\/wp-content\/uploads\/2024\/12\/thumbnail_logo_opr_amt-2-200x124.png 200w, https:\/\/humanrights-online.org\/wp-content\/uploads\/2024\/12\/thumbnail_logo_opr_amt-2-323x200.png 323w, https:\/\/humanrights-online.org\/wp-content\/uploads\/2024\/12\/thumbnail_logo_opr_amt-2-400x248.png 400w, https:\/\/humanrights-online.org\/wp-content\/uploads\/2024\/12\/thumbnail_logo_opr_amt-2-600x372.png 600w, https:\/\/humanrights-online.org\/wp-content\/uploads\/2024\/12\/thumbnail_logo_opr_amt-2-768x476.png 768w, https:\/\/humanrights-online.org\/wp-content\/uploads\/2024\/12\/thumbnail_logo_opr_amt-2.png 800w\" sizes=\"(max-width: 300px) 100vw, 300px\" \/><\/p>\n<p>&nbsp;<\/p>\n<p><a href=\"https:\/\/humanrights-online.org\/praktikantka-v-berline\/\">\u041f\u0440\u0430\u043a\u0442\u0438\u043a\u0430\u043d\u0442\u043a\u0430 \u0432 \u0411\u0435\u0440\u043b\u0438\u043d\u0435 \u2013 Menschenrechte Osteuropa \u2013 News &amp; Konflikte<\/a><\/p>\n<p><a href=\"https:\/\/www.igfm.de\/igfm-delegation-in-berlin\/\">IGFM-Delegation in Berlin<\/a><\/p>\n","protected":false},"excerpt":{"rendered":"<p>Eine Berlin Reise w\u00e4hrend meines Praktikums Hallo! Wie Sie bereits wissen, bin ich Rima aus Armenien und mache mein Praktikum bei IGFM. Vom 26. bis 29. November hatte ich im Rahmen meines Praktikumsprogramms die Gelegenheit, Berlin zu besuchen. W\u00e4hrend dieser Reise trafen wir uns mit mehreren NGOs, Mitgliedern des Bundestags und nahmen aktiv an einer Presse-Konferenz teil. Das waren wirklich bemerkenswerte Tage \u2013 sowohl sehr informativ als auch aufregend. Neben unserer Praktikums-Aufgaben erkundeten wir Berlins pulsierende Stadtlandschaft. Trotz des kalten Wetters und <a href=\"https:\/\/humanrights-online.org\/de\/eine-berlin-reise-waehrend-meines-praktikums\/\"> [&#8230;]<\/a><\/p>\n","protected":false},"author":123,"featured_media":41163,"comment_status":"open","ping_status":"closed","sticky":false,"template":"","format":"standard","meta":{"slim_seo":{"title":"Eine Berlin Reise w\u00e4hrend meines Praktikums - Menschenrechte Osteuropa - News &amp; Konflikte","description":"Rima Vardanyan w\u00e4hrend ihres Praktikums bei der IGFM in Deutschland Eine Berlin Reise w\u00e4hrend meines Praktikums Hallo! Wie Sie bereits wissen, bin ich Rima aus"},"footnotes":""},"categories":[220,74,1337,30,218,471,472,477,1336,76],"tags":[823,852],"class_list":["post-41202","post","type-post","status-publish","format-standard","has-post-thumbnail","hentry","category-armenia","category-armenien-cat","category-ausbildung-von-medienakteuren","category-blog-news","category-bl-en","category-country-armenia-en-2","category-country-armenia-3","category-country-ukraine-2","category-training-of-media-actors","category-ukraine-cat","tag-civilsocietycooperation","tag-civilsocietycooperation-de"],"_links":{"self":[{"href":"https:\/\/humanrights-online.org\/de\/wp-json\/wp\/v2\/posts\/41202","targetHints":{"allow":["GET"]}}],"collection":[{"href":"https:\/\/humanrights-online.org\/de\/wp-json\/wp\/v2\/posts"}],"about":[{"href":"https:\/\/humanrights-online.org\/de\/wp-json\/wp\/v2\/types\/post"}],"author":[{"embeddable":true,"href":"https:\/\/humanrights-online.org\/de\/wp-json\/wp\/v2\/users\/123"}],"replies":[{"embeddable":true,"href":"https:\/\/humanrights-online.org\/de\/wp-json\/wp\/v2\/comments?post=41202"}],"version-history":[{"count":4,"href":"https:\/\/humanrights-online.org\/de\/wp-json\/wp\/v2\/posts\/41202\/revisions"}],"predecessor-version":[{"id":41241,"href":"https:\/\/humanrights-online.org\/de\/wp-json\/wp\/v2\/posts\/41202\/revisions\/41241"}],"wp:featuredmedia":[{"embeddable":true,"href":"https:\/\/humanrights-online.org\/de\/wp-json\/wp\/v2\/media\/41163"}],"wp:attachment":[{"href":"https:\/\/humanrights-online.org\/de\/wp-json\/wp\/v2\/media?parent=41202"}],"wp:term":[{"taxonomy":"category","embeddable":true,"href":"https:\/\/humanrights-online.org\/de\/wp-json\/wp\/v2\/categories?post=41202"},{"taxonomy":"post_tag","embeddable":true,"href":"https:\/\/humanrights-online.org\/de\/wp-json\/wp\/v2\/tags?post=41202"}],"curies":[{"name":"wp","href":"https:\/\/api.w.org\/{rel}","templated":true}]}}