{"id":40450,"date":"2024-05-22T19:56:11","date_gmt":"2024-05-22T17:56:11","guid":{"rendered":"https:\/\/humanrights-online.org\/de\/politzaklyuchyonnogo-ilyu-yashina-opyat-posadili-v-shizo\/"},"modified":"2024-05-22T19:57:43","modified_gmt":"2024-05-22T17:57:43","slug":"politzaklyuchyonnogo-ilyu-yashina-opyat-posadili-v-shizo","status":"publish","type":"post","link":"https:\/\/humanrights-online.org\/de\/politzaklyuchyonnogo-ilyu-yashina-opyat-posadili-v-shizo\/","title":{"rendered":"Der politische Gefangene Ilya Yashin ist erneut in einem russischen Gef\u00e4ngnis inhaftiert"},"content":{"rendered":"<h1>Wie Jaschin \u00fcber seinen Telegrammkanal mitteilte, war der formale Grund f\u00fcr die Bestrafung, dass er angeblich drei Minuten nach dem Befehl &#8222;Aufstehen&#8220; aus seinem Bett in der Kaserne aufgestanden war.<\/h1>\n<p><img decoding=\"async\" class=\"wp-image-40447 aligncenter\" src=\"https:\/\/humanrights-online.org\/wp-content\/uploads\/2024\/05\/iashin.jpg\" alt=\"\" width=\"726\" height=\"408\" srcset=\"https:\/\/humanrights-online.org\/wp-content\/uploads\/2024\/05\/iashin-31x17.jpg 31w, https:\/\/humanrights-online.org\/wp-content\/uploads\/2024\/05\/iashin-200x113.jpg 200w, https:\/\/humanrights-online.org\/wp-content\/uploads\/2024\/05\/iashin-355x200.jpg 355w, https:\/\/humanrights-online.org\/wp-content\/uploads\/2024\/05\/iashin-400x225.jpg 400w, https:\/\/humanrights-online.org\/wp-content\/uploads\/2024\/05\/iashin-600x338.jpg 600w, https:\/\/humanrights-online.org\/wp-content\/uploads\/2024\/05\/iashin-768x432.jpg 768w, https:\/\/humanrights-online.org\/wp-content\/uploads\/2024\/05\/iashin-800x450.jpg 800w, https:\/\/humanrights-online.org\/wp-content\/uploads\/2024\/05\/iashin.jpg 940w\" sizes=\"(max-width: 726px) 100vw, 726px\" \/><\/p>\n<p>Nun wird der Politiker 15 Tage &#8222;in der bekannten Beton-Strafzelle&#8220; verbringen.<\/p>\n<p>Der wahre Grund liegt in der Entscheidung der Verwaltung, das Treffen mit meinen Eltern zu st\u00f6ren, auf das ich rechtlich Anspruch hatte&#8220;, erkl\u00e4rte Jaschin. &#8211; Der dreit\u00e4gige Besuch sollte am Montag beginnen. Doch am Freitag wurde ich in eine Haftanstalt gesperrt, was die Kommunikation mit meiner Familie ausschlie\u00dft.<\/p>\n<p>Au\u00dferdem seien ihm alle B\u00fccher au\u00dfer der Bibel weggenommen worden, &#8222;vierzehn Tage lang geben sie ihm keine Briefe&#8220; sowie st\u00e4ndige Durchsuchungen und die unmotivierte Beschlagnahmung eines Handtuchs, das er im Laden in der Kolonie gekauft hatte.<\/p>\n<p>&nbsp;<\/p>\n","protected":false},"excerpt":{"rendered":"<p>Wie Jaschin \u00fcber seinen Telegrammkanal mitteilte, war der formale Grund f\u00fcr die Bestrafung, dass er angeblich drei Minuten nach dem Befehl &#8222;Aufstehen&#8220; aus seinem Bett in der Kaserne aufgestanden war. Nun wird der Politiker 15 Tage &#8222;in der bekannten Beton-Strafzelle&#8220; verbringen. Der wahre Grund liegt in der Entscheidung der Verwaltung, das Treffen mit meinen Eltern zu st\u00f6ren, auf das ich rechtlich Anspruch hatte&#8220;, erkl\u00e4rte Jaschin. &#8211; Der dreit\u00e4gige Besuch sollte am Montag beginnen. Doch am Freitag wurde ich in eine Haftanstalt gesperrt, <a href=\"https:\/\/humanrights-online.org\/de\/politzaklyuchyonnogo-ilyu-yashina-opyat-posadili-v-shizo\/\"> [&#8230;]<\/a><\/p>\n","protected":false},"author":113,"featured_media":40447,"comment_status":"open","ping_status":"closed","sticky":false,"template":"","format":"standard","meta":{"slim_seo":{"title":"Der politische Gefangene Ilya Yashin ist erneut in einem russischen Gef\u00e4ngnis inhaftiert - Menschenrechte Osteuropa - News &amp; Konflikte","description":"Wie Jaschin \u00fcber seinen Telegrammkanal mitteilte, war der formale Grund f\u00fcr die Bestrafung, dass er angeblich drei Minuten nach dem Befehl \"Aufstehen\" aus seine"},"footnotes":""},"categories":[30,233,467,478,483,542],"tags":[],"class_list":["post-40450","post","type-post","status-publish","format-standard","has-post-thumbnail","hentry","category-blog-news","category-blog-news-ru","category-country-russia","category-country-russia-2","category-country-russia-2-ru","category-country-russia-3"],"_links":{"self":[{"href":"https:\/\/humanrights-online.org\/de\/wp-json\/wp\/v2\/posts\/40450","targetHints":{"allow":["GET"]}}],"collection":[{"href":"https:\/\/humanrights-online.org\/de\/wp-json\/wp\/v2\/posts"}],"about":[{"href":"https:\/\/humanrights-online.org\/de\/wp-json\/wp\/v2\/types\/post"}],"author":[{"embeddable":true,"href":"https:\/\/humanrights-online.org\/de\/wp-json\/wp\/v2\/users\/113"}],"replies":[{"embeddable":true,"href":"https:\/\/humanrights-online.org\/de\/wp-json\/wp\/v2\/comments?post=40450"}],"version-history":[{"count":2,"href":"https:\/\/humanrights-online.org\/de\/wp-json\/wp\/v2\/posts\/40450\/revisions"}],"predecessor-version":[{"id":40452,"href":"https:\/\/humanrights-online.org\/de\/wp-json\/wp\/v2\/posts\/40450\/revisions\/40452"}],"wp:featuredmedia":[{"embeddable":true,"href":"https:\/\/humanrights-online.org\/de\/wp-json\/wp\/v2\/media\/40447"}],"wp:attachment":[{"href":"https:\/\/humanrights-online.org\/de\/wp-json\/wp\/v2\/media?parent=40450"}],"wp:term":[{"taxonomy":"category","embeddable":true,"href":"https:\/\/humanrights-online.org\/de\/wp-json\/wp\/v2\/categories?post=40450"},{"taxonomy":"post_tag","embeddable":true,"href":"https:\/\/humanrights-online.org\/de\/wp-json\/wp\/v2\/tags?post=40450"}],"curies":[{"name":"wp","href":"https:\/\/api.w.org\/{rel}","templated":true}]}}