{"id":40010,"date":"2024-02-07T08:35:57","date_gmt":"2024-02-07T07:35:57","guid":{"rendered":"https:\/\/humanrights-online.org\/de\/?p=40010"},"modified":"2024-02-07T08:35:57","modified_gmt":"2024-02-07T07:35:57","slug":"cafe-kyiv-2024-die-zukunft-der-ukraine-in-europa","status":"publish","type":"post","link":"https:\/\/humanrights-online.org\/de\/cafe-kyiv-2024-die-zukunft-der-ukraine-in-europa\/","title":{"rendered":"Cafe Kyiv 2024. Die Zukunft der Ukraine in Europa"},"content":{"rendered":"<h1>Die ukrainischen Freiheitsbewegungen haben deutlich gemacht, dass die Zukunft der Ukraine in Europa liegt.<\/h1>\n<p><img decoding=\"async\" class=\"size-full wp-image-40011 aligncenter\" src=\"https:\/\/humanrights-online.org\/wp-content\/uploads\/2024\/02\/KAS24_CAFE_KYIV24_SavetheDate_.jpg\" alt=\"\" width=\"1920\" height=\"1080\" srcset=\"https:\/\/humanrights-online.org\/wp-content\/uploads\/2024\/02\/KAS24_CAFE_KYIV24_SavetheDate_-31x17.jpg 31w, https:\/\/humanrights-online.org\/wp-content\/uploads\/2024\/02\/KAS24_CAFE_KYIV24_SavetheDate_-200x113.jpg 200w, https:\/\/humanrights-online.org\/wp-content\/uploads\/2024\/02\/KAS24_CAFE_KYIV24_SavetheDate_-356x200.jpg 356w, https:\/\/humanrights-online.org\/wp-content\/uploads\/2024\/02\/KAS24_CAFE_KYIV24_SavetheDate_-400x225.jpg 400w, https:\/\/humanrights-online.org\/wp-content\/uploads\/2024\/02\/KAS24_CAFE_KYIV24_SavetheDate_-600x338.jpg 600w, https:\/\/humanrights-online.org\/wp-content\/uploads\/2024\/02\/KAS24_CAFE_KYIV24_SavetheDate_-768x432.jpg 768w, https:\/\/humanrights-online.org\/wp-content\/uploads\/2024\/02\/KAS24_CAFE_KYIV24_SavetheDate_-800x450.jpg 800w, https:\/\/humanrights-online.org\/wp-content\/uploads\/2024\/02\/KAS24_CAFE_KYIV24_SavetheDate_-1024x576.jpg 1024w, https:\/\/humanrights-online.org\/wp-content\/uploads\/2024\/02\/KAS24_CAFE_KYIV24_SavetheDate_-1200x675.jpg 1200w, https:\/\/humanrights-online.org\/wp-content\/uploads\/2024\/02\/KAS24_CAFE_KYIV24_SavetheDate_-1536x864.jpg 1536w, https:\/\/humanrights-online.org\/wp-content\/uploads\/2024\/02\/KAS24_CAFE_KYIV24_SavetheDate_.jpg 1920w\" sizes=\"(max-width: 1920px) 100vw, 1920px\" \/><\/p>\n<p>Vor diesem Hintergrund plant die Konrad-Adenauer-Stiftung am <b>19. Februar 2024<\/b> eine Neuauflage des \u201eCafe Kyiv\u201c unter dem Titel \u201eDie Zukunft der Ukraine in Europa\u201c. Mit einer Mischung aus Kunst, Geschichte, Filmvorf\u00fchrungen sowie kulinarischen und kreativen Elementen m\u00f6chten wir an den Erfolg des Vorjahres ankn\u00fcpfen. Unser Anliegen bleibt unver\u00e4ndert: Wir stehen weiterhin an der Seite der Ukraine. Und solange die Herausforderung andauert, werden wir sie gemeinsam annehmen.<\/p>\n<p>In diesem Jahr haben wir in Zusammenarbeit mit mehr als 30 Partnerorganisationen und \u00fcber 3.000 Teilnehmenrinnen und Teilnehmer die Veranstaltung \u201e<a href=\"https:\/\/www.kas.de\/de\/veranstaltungsberichte\/detail\/-\/content\/cafe-kyiv\" target=\"_blank\" rel=\"noopener\">Cafe Kyiv \u2013 Wir w\u00e4hlen die Freiheit<\/a>\u201c organisiert. Ein Tag gef\u00fcllt mit Workshops, Diskussionen, Salons und kulturellen Aktivit\u00e4ten, bei dem Themen wie Freiheit, Europa, Sicherheit und Wiederaufbau im Mittelpunkt standen.<\/p>\n<p>Ein Jahr sp\u00e4ter w\u00fctet der russische Angriffskrieg immer noch gegen die Ukraine. Dieser Krieg richtet sich nicht nur gegen die Ukraine, sondern bedroht auch Europa und die liberale Demokratie. Neben der weiterhin essenziellen Unterst\u00fctzung der Ukraine m\u00f6chten wir nun auch die europ\u00e4ische Zukunft des Landes st\u00e4rker in den Vordergrund r\u00fccken. Deshalb laden wir am <strong>19. Februar 2024<\/strong> zur zweiten Ausgabe des \u201eCafe Kyiv\u201c ein. Mit Vertreterinnen und Vertretern aus Politik, Wirtschaft und Kultur wollen wir erneut eine einzigartige Atmosph\u00e4re schaffen, gepr\u00e4gt von einer Mischung aus ganzt\u00e4gigen politischen Diskussionen, k\u00fcnstlerischen Darbietungen, einem Pop-up-Markt und kulinarischen Angeboten.<\/p>\n<p>Zehn Jahre nach der Revolution der W\u00fcrde setzen wir in Berlin mit \u201eCafe Kyiv\u201c im Jahr 2024 ein Zeichen: Die Zukunft der Ukraine liegt in Europa.<\/p>\n<p>&nbsp;<\/p>\n<p>Bitte beachten Sie, dass die Platzanzahl begrenzt ist. Die<strong> Anmeldung<\/strong> erfolgt \u00fcber <a href=\"https:\/\/mailings.kas.de\/f\/64728-235565\">diesen Link<\/a>.<\/p>\n<p>&nbsp;<\/p>\n<p>Alle\u00a0<strong>Programmpunkte<\/strong>\u00a0und Informationen zu unseren<strong>\u00a0Partnern<\/strong>\u00a0finden Sie <a href=\"https:\/\/cafekyiv.kas.de\/\" target=\"_blank\" rel=\"noopener\">hier<\/a>.<\/p>\n<p>&nbsp;<\/p>\n<p>Quelle: <a href=\"https:\/\/www.kas.de\/de\/veranstaltungen\/detail\/-\/content\/cafe-kyiv-2024\" target=\"_blank\" rel=\"nofollow noopener\">kas.de<\/a><\/p>\n","protected":false},"excerpt":{"rendered":"<p>Die ukrainischen Freiheitsbewegungen haben deutlich gemacht, dass die Zukunft der Ukraine in Europa liegt. Vor diesem Hintergrund plant die Konrad-Adenauer-Stiftung am 19. Februar 2024 eine Neuauflage des \u201eCafe Kyiv\u201c unter dem Titel \u201eDie Zukunft der Ukraine in Europa\u201c. Mit einer Mischung aus Kunst, Geschichte, Filmvorf\u00fchrungen sowie kulinarischen und kreativen Elementen m\u00f6chten wir an den Erfolg des Vorjahres ankn\u00fcpfen. Unser Anliegen bleibt unver\u00e4ndert: Wir stehen weiterhin an der Seite der Ukraine. Und solange die Herausforderung andauert, werden wir sie gemeinsam annehmen. In diesem <a href=\"https:\/\/humanrights-online.org\/de\/cafe-kyiv-2024-die-zukunft-der-ukraine-in-europa\/\"> [&#8230;]<\/a><\/p>\n","protected":false},"author":113,"featured_media":40011,"comment_status":"open","ping_status":"closed","sticky":false,"template":"","format":"standard","meta":{"slim_seo":{"title":"Cafe Kyiv 2024. Die Zukunft der Ukraine in Europa - Menschenrechte Osteuropa - News &amp; Konflikte","description":"Die ukrainischen Freiheitsbewegungen haben deutlich gemacht, dass die Zukunft der Ukraine in Europa liegt. Vor diesem Hintergrund plant die Konrad-Adenauer-Stif"},"footnotes":""},"categories":[30],"tags":[],"class_list":["post-40010","post","type-post","status-publish","format-standard","has-post-thumbnail","hentry","category-blog-news"],"_links":{"self":[{"href":"https:\/\/humanrights-online.org\/de\/wp-json\/wp\/v2\/posts\/40010","targetHints":{"allow":["GET"]}}],"collection":[{"href":"https:\/\/humanrights-online.org\/de\/wp-json\/wp\/v2\/posts"}],"about":[{"href":"https:\/\/humanrights-online.org\/de\/wp-json\/wp\/v2\/types\/post"}],"author":[{"embeddable":true,"href":"https:\/\/humanrights-online.org\/de\/wp-json\/wp\/v2\/users\/113"}],"replies":[{"embeddable":true,"href":"https:\/\/humanrights-online.org\/de\/wp-json\/wp\/v2\/comments?post=40010"}],"version-history":[{"count":1,"href":"https:\/\/humanrights-online.org\/de\/wp-json\/wp\/v2\/posts\/40010\/revisions"}],"predecessor-version":[{"id":40012,"href":"https:\/\/humanrights-online.org\/de\/wp-json\/wp\/v2\/posts\/40010\/revisions\/40012"}],"wp:featuredmedia":[{"embeddable":true,"href":"https:\/\/humanrights-online.org\/de\/wp-json\/wp\/v2\/media\/40011"}],"wp:attachment":[{"href":"https:\/\/humanrights-online.org\/de\/wp-json\/wp\/v2\/media?parent=40010"}],"wp:term":[{"taxonomy":"category","embeddable":true,"href":"https:\/\/humanrights-online.org\/de\/wp-json\/wp\/v2\/categories?post=40010"},{"taxonomy":"post_tag","embeddable":true,"href":"https:\/\/humanrights-online.org\/de\/wp-json\/wp\/v2\/tags?post=40010"}],"curies":[{"name":"wp","href":"https:\/\/api.w.org\/{rel}","templated":true}]}}