{"id":40005,"date":"2024-02-06T09:20:12","date_gmt":"2024-02-06T08:20:12","guid":{"rendered":"https:\/\/humanrights-online.org\/de\/situaciya-s-pravami-cheloveka-v-moldove-daleka-ot-ideala\/"},"modified":"2024-02-06T09:52:29","modified_gmt":"2024-02-06T08:52:29","slug":"die-menschenrechtslage-in-der-republik-moldau-ist-alles-andere-als-ideal","status":"publish","type":"post","link":"https:\/\/humanrights-online.org\/de\/die-menschenrechtslage-in-der-republik-moldau-ist-alles-andere-als-ideal\/","title":{"rendered":"Die Menschenrechtslage in der Republik Moldau ist alles andere als ideal"},"content":{"rendered":"<h1>Trotz des pro-europ\u00e4ischen Images der derzeitigen moldauischen Beh\u00f6rden wird die Menschenrechtslage im Land leider immer bedr\u00fcckender<\/h1>\n<div id=\"attachment_40002\" style=\"width: 1930px\" class=\"wp-caption aligncenter\"><img decoding=\"async\" aria-describedby=\"caption-attachment-40002\" class=\"wp-image-40002 size-full\" src=\"https:\/\/humanrights-online.org\/wp-content\/uploads\/2024\/02\/stoianoglo.jpg\" alt=\"\" width=\"1920\" height=\"1080\" srcset=\"https:\/\/humanrights-online.org\/wp-content\/uploads\/2024\/02\/stoianoglo-31x17.jpg 31w, https:\/\/humanrights-online.org\/wp-content\/uploads\/2024\/02\/stoianoglo-200x113.jpg 200w, https:\/\/humanrights-online.org\/wp-content\/uploads\/2024\/02\/stoianoglo-356x200.jpg 356w, https:\/\/humanrights-online.org\/wp-content\/uploads\/2024\/02\/stoianoglo-400x225.jpg 400w, https:\/\/humanrights-online.org\/wp-content\/uploads\/2024\/02\/stoianoglo-600x338.jpg 600w, https:\/\/humanrights-online.org\/wp-content\/uploads\/2024\/02\/stoianoglo-768x432.jpg 768w, https:\/\/humanrights-online.org\/wp-content\/uploads\/2024\/02\/stoianoglo-800x450.jpg 800w, https:\/\/humanrights-online.org\/wp-content\/uploads\/2024\/02\/stoianoglo-1024x576.jpg 1024w, https:\/\/humanrights-online.org\/wp-content\/uploads\/2024\/02\/stoianoglo-1200x675.jpg 1200w, https:\/\/humanrights-online.org\/wp-content\/uploads\/2024\/02\/stoianoglo-1536x864.jpg 1536w, https:\/\/humanrights-online.org\/wp-content\/uploads\/2024\/02\/stoianoglo.jpg 1920w\" sizes=\"(max-width: 1920px) 100vw, 1920px\" \/><p id=\"caption-attachment-40002\" class=\"wp-caption-text\">Zeitpunkt der Verhaftung des moldawischen Generalstaatsanwalts Alexandru Stoianoglo<\/p><\/div>\n<p>Im Wirrwarr der Apparate und Wahlk\u00e4mpfe r\u00fcckt der Bereich der Menschenrechte immer mehr in den Mittelpunkt des \u00f6ffentlichen Interesses. Es ist dieser Bereich, der die gesellschaftspolitischen Beziehungen im Lande durchdringt, der alle &#8222;Reize&#8220; der langwierigen Konfrontation zwischen verschiedenen Kr\u00e4ften und Parteistrukturen zu sp\u00fcren bekommt. Dies hat unmittelbare Auswirkungen auf die Entscheidungen des herrschenden Regimes, seine Macht zu erhalten und seine Kontrolle \u00fcber verschiedene Bereiche des staatlichen Systems auszuweiten.<\/p>\n<p>Vor kurzem hat der Europ\u00e4ische Gerichtshof f\u00fcr Menschenrechte (EGMR) einen <a href=\"https:\/\/www.echr.coe.int\/documents\/d\/echr\/annual-report-2023-eng\" target=\"_blank\" rel=\"nofollow noopener\">Bericht<\/a> \u00fcber die Ergebnisse seiner T\u00e4tigkeit im vergangenen Jahr ver\u00f6ffentlicht, und die darin enthaltenen Indikatoren sind f\u00fcr Moldau entt\u00e4uschend. So wurden statistischen Angaben zufolge im Jahr 2023 1150 Klagen gegen die Republik registriert. Von den 46 Staaten, die das einschl\u00e4gige \u00dcbereinkommen des Europarats unterzeichnet haben, liegt Moldau bei der Zahl der an den EGMR gerichteten Beschwerden an f\u00fcnfter Stelle und geh\u00f6rt auch zu den zehn L\u00e4ndern mit den meisten Menschenrechtsverletzungen.<\/p>\n<p>Von den 24 Urteilen des EGMR aus dem letzten Jahr betrafen die meisten Verletzungen des Rechts auf ein faires Verfahren, des Rechts auf Achtung des Privat- und Familienlebens, des Rechts auf Schutz des Eigentums und der Rechte sowie des Rechts auf Freiheit und Sicherheit. Insgesamt hat der Gerichtshof in den 26 Jahren seit dem Beitritt der Republik Moldau zur Europ\u00e4ischen Menschenrechtskonvention etwa sechshundert Urteile gegen die Republik Moldau erlassen, in deren Folge der Staat den Kl\u00e4gern Schadensersatz in H\u00f6he von mehr als 20 Millionen Euro gezahlt hat.<\/p>\n<p>Vergleicht man die Zahl der Antr\u00e4ge an den EGMR mit der Bev\u00f6lkerungszahl, so ist das Beschwerdeaufkommen schlichtweg kolossal, vor allem, wenn man die \u00fcberh\u00f6hten Zahlen der st\u00e4ndig im Lande lebenden Personen ber\u00fccksichtigt. Zus\u00e4tzlich zu den bereits erw\u00e4hnten F\u00e4llen suchen unsere B\u00fcrger auch in Fragen wie pers\u00f6nliche Sicherheit und Freiheit, ungerechtfertigte und ungerechtfertigte Verhaftungen und das Recht auf freie Meinungs\u00e4u\u00dferung ihr Recht.<\/p>\n<p>Nach Angaben lokaler Experten wenden sich Moldauer 6,5 Mal h\u00e4ufiger an den Europ\u00e4ischen Gerichtshof f\u00fcr Menschenrechte als der europ\u00e4ische Durchschnitt, und diese Zahl steigt weiter an. Nach den Daten des letzten Jahres wurden beispielsweise 2 Prozent mehr Klagen gegen Moldawien eingereicht als im Jahr 2022. Die steigenden Zahlen k\u00f6nnten damit zusammenh\u00e4ngen, dass die Einwohner den Entscheidungen der nationalen Gerichte nicht trauen und sich daher an internationale Instanzen wenden. All diese Indikatoren weisen eindeutig darauf hin, dass sich die Einhaltung der Menschenrechte in der Republik Moldau in den letzten Jahren deutlich verschlechtert hat.<\/p>\n<p>Einer der aufsehenerregendsten F\u00e4lle, den die Republik Moldau im vergangenen Jahr vor dem Europ\u00e4ischen Gerichtshof f\u00fcr Menschenrechte verloren hat, <a href=\"https:\/\/newsmaker.md\/rus\/novosti\/espch-priznal-chto-stoyanoglo-byl-otstranyon-s-narusheniem-prav-moldova-obyazana-vyplatit-emu-kompensatsiyu\/\" target=\"_blank\" rel=\"nofollow noopener\">war der Fall von Alexandru Stoianoglo<\/a>. Der EGMR best\u00e4tigte, dass die moldauischen Beh\u00f6rden gegen sein Recht auf ein faires Verfahren versto\u00dfen hatten, als sie ihn 2021 als Generalstaatsanwalt entlie\u00dfen. Gleichzeitig stellte das Gericht fest, dass die Entlassung grunds\u00e4tzlich h\u00e4tte gerechtfertigt sein k\u00f6nnen, wenn die Beh\u00f6rden dem ehemaligen Generalstaatsanwalt die M\u00f6glichkeit gegeben h\u00e4tten, gegen die Entscheidung Berufung einzulegen und rechtliche Auslegungen auszuschlie\u00dfen, wonach der Entlassungsmechanismus willk\u00fcrlich angewandt worden sei. Als Ergebnis des Verfahrens vor dem EGMR wird die moldauische Regierung Stoianoglo eine Entsch\u00e4digung in H\u00f6he von 3,6 Tausend Euro zahlen m\u00fcssen.<\/p>\n<p>Nach Berichten f\u00fchrender internationaler Menschenrechtszentren gab es in den letzten Jahren kaum Fortschritte bei der Verringerung der F\u00e4lle von Folter und anderen Misshandlungen in Haftanstalten in Moldau. Dar\u00fcber hinaus werden fr\u00fchere Menschenrechtsverletzungen durch Strafverfolgungsbeh\u00f6rden nach wie vor nicht geahndet. Gleichzeitig wurden neue &#8222;vor\u00fcbergehende&#8220; Beschr\u00e4nkungen f\u00fcr \u00f6ffentliche Versammlungen eingef\u00fchrt. Internationale Menschenrechtsaktivisten haben besonders auf die Situation der LGBTI-Gemeinschaft aufmerksam gemacht, deren Rechte ihrer Ansicht nach nicht vollst\u00e4ndig gesch\u00fctzt werden, was zu F\u00e4llen von Bel\u00e4stigung, Diskriminierung und Gewalt f\u00fchrt.<a href=\"https:\/\/nokta.md\/moldova-otkazala-v-ubezhishhe-pyaterym-lgbt-rossiyanam-v-otvete-soslalis-na-slova-putina-i-obyazannost-zashhishhat-rodinu\/\" target=\"_blank\" rel=\"nofollow noopener\"> F\u00fcnf LGBT-Personen aus Russland wurde am 1. Februar in Moldawien das Asyl verweigert<\/a>. In demselben Ablehnungsdokument f\u00fcr alle von ihnen erkl\u00e4rt die Generalinspektion f\u00fcr Migration (IGM), dass &#8222;die blo\u00dfe Zugeh\u00f6rigkeit zu einer sozialen Gruppe kein Grund ist&#8220;. Au\u00dferdem zitiert sie die Aussage Putins, dass es keine Mobilisierung gibt, und verweist auf die Verpflichtung, &#8222;das Land zu verteidigen&#8220;, fast zwei Jahre nach der Invasion in der Ukraine. Der Koordinator der LGBT-Organisation Genderdoc-M erkl\u00e4rte, dies sei &#8222;dasselbe wie die Verweigerung von Asyl f\u00fcr Juden in den 1930er Jahren&#8220;.<\/p>\n<p>Es wird auch festgestellt, dass einige Fl\u00fcchtlingsaufnahmezentren ukrainischen Vertriebenen, die religi\u00f6sen und ethnischen Minderheiten angeh\u00f6ren, die Aufnahme verweigern.<\/p>\n<p>Der Jahresbericht des US-Au\u00dfenministeriums \u00fcber Menschenrechtsverletzungen in der Republik Moldau im Jahr 2022 nennt ebenfalls eine Vielzahl von Problemen: Folter, unmenschliche Behandlung, unangemessene Haftbedingungen, Korruption, schwerwiegende Einschr\u00e4nkungen der Redefreiheit und der Medienaktivit\u00e4ten, Gewalt und Drohungen aufgrund von Antisemitismus sowie gegen Roma, LGBT-Personen und Menschen mit Behinderungen.<\/p>\n<p>Die Europ\u00e4ische Kommission sch\u00e4tzt die derzeitige Situation des Menschenrechtsschutzes in der Republik Moldau nachsichtiger ein: Der gesetzliche und institutionelle Rahmen sei weitgehend vorhanden, und die Regierung habe sich eindeutig verpflichtet, ihre internationalen Verpflichtungen in diesem Bereich zu erf\u00fcllen. Beide Seiten nahmen auch die Schritte zur Kenntnis, die zur Erf\u00fcllung des \u00dcbereinkommens des Europarates zur Verh\u00fctung und Bek\u00e4mpfung von Gewalt gegen Frauen und h\u00e4uslicher Gewalt unternommen wurden. Auf der negativen Seite wies Br\u00fcssel auf die Bedingungen in den Gef\u00e4ngnissen hin, die die vorgesehenen Kapazit\u00e4ten \u00fcbersteigen.<\/p>\n<p>Der in den Medien breitgetretene<a href=\"https:\/\/newsmaker.md\/rus\/novosti\/ne-grozi-narodnomu-advokatu-kak-moldavskiy-ombudsmen-brosil-vyzov-glave-politsii-i-chem-eto-mozhet-zakonchitsya\/\" target=\"_blank\" rel=\"nofollow noopener\"> Konflikt zwischen dem Volksanwalt Cheslav Panco und dem Leiter der Generalinspektion der Polizei, Viorel Cerneutanu<\/a>, ist ein klares Indiz daf\u00fcr, dass die Menschenrechtslage, gelinde gesagt, nicht reibungslos ist, und dass man sich dieser schwierigen Situation bewusst ist. Der Skandal begann aufzuflammen, nachdem Panco auf seiner Facebook-Seite mitteilte, dass er E-Mails von zwei hochrangigen moldauischen Beamten erhalten habe. Der erste von ihnen schlug vor, gemeinsame Gespr\u00e4che mit dem Ombudsmann zu f\u00fchren, um die Situation zu \u00e4ndern, das Problem zu beseitigen und Menschenrechtsverletzungen in dem Berichtsgebiet zu verhindern, in dem Czeslaw Pancos B\u00fcro mehrere Probleme festgestellt hatte. Im zweiten Brief hingegen bestreitet der Leiter kategorisch die Feststellungen des B\u00fcros des Volksanwalts und bittet darum, den erstellten Bericht zu \u00e4ndern.<\/p>\n<p>Zum ersten Mal in der 25-j\u00e4hrigen Geschichte des Ombudsmannes haben die Beamten also beschlossen, sich offen in die Zust\u00e4ndigkeit der wichtigsten Menschenrechtsinstitution des Landes einzumischen. Obwohl der Volksanwalt plant, den Parlamentspr\u00e4sidenten Igor Grosu und den Premierminister Dorin Recean \u00fcber den Vorfall zu informieren, wird immer deutlicher, wie sehr sich die Beh\u00f6rdenleiter unter dem derzeitigen politischen Regime straffrei und freiz\u00fcgig f\u00fchlen.<\/p>\n<p>Nat\u00fcrlich darf die Frage der Einhaltung der Menschenrechte am linken Ufer des Nistru\/Dnjestr, die f\u00fcr Chisinau nach wie vor Anlass zu gro\u00dfer Sorge ist, nicht au\u00dfer Acht gelassen werden. Die transnistrische Region f\u00fcgt der allgemein ung\u00fcnstigen Landschaft zweifellos dunkle Farben hinzu und leistet ihren &#8222;Beitrag&#8220; zur Menschenrechtslage in Moldau. Die seit langem unternommenen Versuche, die durch den Konflikt ungel\u00f6ste und von den Verfassungsorganen nicht kontrollierte Region als Hauptursache f\u00fcr den schlechten Ruf des Landes im Bereich der Menschenrechte einzustufen, haben jedoch noch nicht zu dem erwarteten Ergebnis gef\u00fchrt. Nach den seltenen Treffen von Profilgruppen von beiden Ufern des Dnjestr zu urteilen, die in langen Reden und gegenseitigen Anschuldigungen enden, werden Menschenrechtsfragen von den Parteien nicht favorisiert.<\/p>\n<p>Trotz des pro-westlichen und pro-europ\u00e4ischen Images der derzeitigen Beh\u00f6rden wird die Menschenrechtslage in unserem Land leider immer bedr\u00fcckender und regressiver. Der Vertrauensverlust der B\u00fcrger nicht nur gegen\u00fcber den Politikern, sondern auch gegen\u00fcber den Justizbeh\u00f6rden, der sie dazu zwingt, auf der Suche nach einem fairen Prozess durch Europa zu reisen, zeigt einmal mehr das v\u00f6llige Scheitern der laufenden Reformen, auch im Bereich der Justiz, die noch weit davon entfernt ist, eine gerechte Justiz zu gew\u00e4hrleisten.<\/p>\n<p><em>Basierend auf Materialien der moldauischen Presse<\/em><\/p>\n","protected":false},"excerpt":{"rendered":"<p>Trotz des pro-europ\u00e4ischen Images der derzeitigen moldauischen Beh\u00f6rden wird die Menschenrechtslage im Land leider immer bedr\u00fcckender Im Wirrwarr der Apparate und Wahlk\u00e4mpfe r\u00fcckt der Bereich der Menschenrechte immer mehr in den Mittelpunkt des \u00f6ffentlichen Interesses. Es ist dieser Bereich, der die gesellschaftspolitischen Beziehungen im Lande durchdringt, der alle &#8222;Reize&#8220; der langwierigen Konfrontation zwischen verschiedenen Kr\u00e4ften und Parteistrukturen zu sp\u00fcren bekommt. Dies hat unmittelbare Auswirkungen auf die Entscheidungen des herrschenden Regimes, seine Macht zu erhalten und seine Kontrolle \u00fcber verschiedene Bereiche des staatlichen <a href=\"https:\/\/humanrights-online.org\/de\/die-menschenrechtslage-in-der-republik-moldau-ist-alles-andere-als-ideal\/\"> [&#8230;]<\/a><\/p>\n","protected":false},"author":113,"featured_media":40002,"comment_status":"open","ping_status":"closed","sticky":false,"template":"","format":"standard","meta":{"slim_seo":{"title":"Die Menschenrechtslage in der Republik Moldau ist alles andere als ideal - Menschenrechte Osteuropa - News &amp; Konflikte","description":"Trotz des pro-europ\u00e4ischen Images der derzeitigen moldauischen Beh\u00f6rden wird die Menschenrechtslage im Land leider immer bedr\u00fcckender Zeitpunkt der Verhaftung d"},"footnotes":""},"categories":[30,233,530,549,580,479,500,240,71,323],"tags":[],"class_list":["post-40005","post","type-post","status-publish","format-standard","has-post-thumbnail","hentry","category-blog-news","category-blog-news-ru","category-country-moldova-ru-2","category-country-moldova-en-2","category-country-moldova-ru-3","category-country-moldova","category-country-moldova-ru","category-moldawien-cat-ru","category-moldawien-cat","category-moldova-2"],"_links":{"self":[{"href":"https:\/\/humanrights-online.org\/de\/wp-json\/wp\/v2\/posts\/40005","targetHints":{"allow":["GET"]}}],"collection":[{"href":"https:\/\/humanrights-online.org\/de\/wp-json\/wp\/v2\/posts"}],"about":[{"href":"https:\/\/humanrights-online.org\/de\/wp-json\/wp\/v2\/types\/post"}],"author":[{"embeddable":true,"href":"https:\/\/humanrights-online.org\/de\/wp-json\/wp\/v2\/users\/113"}],"replies":[{"embeddable":true,"href":"https:\/\/humanrights-online.org\/de\/wp-json\/wp\/v2\/comments?post=40005"}],"version-history":[{"count":2,"href":"https:\/\/humanrights-online.org\/de\/wp-json\/wp\/v2\/posts\/40005\/revisions"}],"predecessor-version":[{"id":40007,"href":"https:\/\/humanrights-online.org\/de\/wp-json\/wp\/v2\/posts\/40005\/revisions\/40007"}],"wp:featuredmedia":[{"embeddable":true,"href":"https:\/\/humanrights-online.org\/de\/wp-json\/wp\/v2\/media\/40002"}],"wp:attachment":[{"href":"https:\/\/humanrights-online.org\/de\/wp-json\/wp\/v2\/media?parent=40005"}],"wp:term":[{"taxonomy":"category","embeddable":true,"href":"https:\/\/humanrights-online.org\/de\/wp-json\/wp\/v2\/categories?post=40005"},{"taxonomy":"post_tag","embeddable":true,"href":"https:\/\/humanrights-online.org\/de\/wp-json\/wp\/v2\/tags?post=40005"}],"curies":[{"name":"wp","href":"https:\/\/api.w.org\/{rel}","templated":true}]}}