{"id":39570,"date":"2023-10-26T17:12:51","date_gmt":"2023-10-26T15:12:51","guid":{"rendered":"https:\/\/humanrights-online.org\/de\/pase-vystupilo-s-osuzhdeniem-vlastej-moldovy-za-narusheniya-prav-cheloveka\/"},"modified":"2023-10-26T17:25:17","modified_gmt":"2023-10-26T15:25:17","slug":"pace-verurteilt-moldauische-behoerden-fuer-menschenrechtsverletzungen","status":"publish","type":"post","link":"https:\/\/humanrights-online.org\/de\/pace-verurteilt-moldauische-behoerden-fuer-menschenrechtsverletzungen\/","title":{"rendered":"PACE verurteilt moldauische Beh\u00f6rden f\u00fcr Menschenrechtsverletzungen"},"content":{"rendered":"<h1>Auf der Website der Parlamentarischen Versammlung des Europarates wurde eine Erkl\u00e4rung der PACE-Mitglieder ver\u00f6ffentlicht, in der sie das Regime in Moldawien verurteilen<\/h1>\n<p><a href=\"https:\/\/pace.coe.int\/en\/files\/33157\/html\"><img decoding=\"async\" class=\"wp-image-39567 alignleft\" src=\"https:\/\/humanrights-online.org\/wp-content\/uploads\/2023\/10\/pace.jpg\" alt=\"\" width=\"563\" height=\"346\" srcset=\"https:\/\/humanrights-online.org\/wp-content\/uploads\/2023\/10\/pace-31x19.jpg 31w, https:\/\/humanrights-online.org\/wp-content\/uploads\/2023\/10\/pace-200x123.jpg 200w, https:\/\/humanrights-online.org\/wp-content\/uploads\/2023\/10\/pace-325x200.jpg 325w, https:\/\/humanrights-online.org\/wp-content\/uploads\/2023\/10\/pace-400x246.jpg 400w, https:\/\/humanrights-online.org\/wp-content\/uploads\/2023\/10\/pace-600x369.jpg 600w, https:\/\/humanrights-online.org\/wp-content\/uploads\/2023\/10\/pace-768x472.jpg 768w, https:\/\/humanrights-online.org\/wp-content\/uploads\/2023\/10\/pace-800x492.jpg 800w, https:\/\/humanrights-online.org\/wp-content\/uploads\/2023\/10\/pace.jpg 1000w\" sizes=\"(max-width: 563px) 100vw, 563px\" \/><\/a> Die Erkl\u00e4rung bezieht sich auf die Missachtung der im Januar 2023 angenommenen PACE-Resolution \u00fcber die Reform der Justiz und die Entwicklung demokratischer Institutionen durch die moldauischen Beh\u00f6rden. Die PACE-Mitglieder stellen fest, dass die Umsetzung des Vorpr\u00fcfungsverfahrens und der Justizreform gescheitert ist. Als Beispiel f\u00fchren sie den skandal\u00f6sen Fall von Iulian Munteanu an, der &#8222;durch die Filter der Vorpr\u00fcfungskommission gegangen ist, obwohl er ein Angeklagter in einem Strafverfahren ist&#8220;.<\/p>\n<p>Dar\u00fcber hinaus wiesen die PACE-Abgeordneten auf &#8222;die beispiellose Entscheidung des moldauischen Pr\u00e4sidenten hin, den Generalstaatsanwalt Alexandru Stoianoglo zu entlassen, obwohl sein Fall vor den nationalen Gerichten und dem EGMR gepr\u00fcft wird&#8220;.<\/p>\n<p>All dies zeige, so die PACE-Abgeordneten, &#8222;das Scheitern des Pr\u00fcfungsverfahrens und der Justizreform&#8220;. Parlamentarier aus verschiedenen L\u00e4ndern wiesen auch auf die grobe Verletzung der Empfehlungen der Venedig-Kommission des Europarates durch die Regierungspartei hin. &#8222;Die Beh\u00f6rden \u00e4nderten die Wahlgesetze in der Zeit vor den Wahlen und verstie\u00dfen damit gegen das Verbot, die Wahlgesetze im Jahr vor den Wahlen zu \u00e4ndern&#8220;, so die PACE in einer auf ihrer Website ver\u00f6ffentlichten Erkl\u00e4rung.<\/p>\n<p>Die Tatsache, dass &#8222;die Regierungspartei ihre Kampagne f\u00fcr die Kommunalwahlen illegal vor Beginn der Wahlperiode gestartet hat&#8220;, blieb von den PACE-Abgeordneten nicht unbemerkt. In der Erkl\u00e4rung werden die Beh\u00f6rden aufgefordert, Reformen im Einklang mit der Rechtsstaatlichkeit und den Standards des Europarats durchzuf\u00fchren. Besondere Aufmerksamkeit wird der Notwendigkeit gewidmet, die parlamentarische Opposition und die Zivilgesellschaft in den Reformprozess einzubeziehen. Die PACE-Abgeordneten bringen diese Notwendigkeit direkt mit der Situation in Moldawien am Vorabend der Kommunal-, Pr\u00e4sidentschafts- und Parlamentswahlen in Verbindung.<\/p>\n<p>Die Erkl\u00e4rung wurde von Parlamentariern aus 13 europ\u00e4ischen L\u00e4ndern unterzeichnet. Sie vertreten verschiedene PACE-Fraktionen. Einer der Unterzeichner war der ehemalige Vorsitzende des \u00dcberwachungsausschusses der Parlamentarischen Versammlung des Europarates, Stefan Schennach.<br \/>\n&nbsp;<\/p>\n<p>Quelle: <a href=\"https:\/\/pace.coe.int\/en\/files\/33157\/html\" target=\"_blank\" rel=\"nofollow noopener\">Pace<\/a><\/p>\n<p>&nbsp;<\/p>\n","protected":false},"excerpt":{"rendered":"<p>Auf der Website der Parlamentarischen Versammlung des Europarates wurde eine Erkl\u00e4rung der PACE-Mitglieder ver\u00f6ffentlicht, in der sie das Regime in Moldawien verurteilen Die Erkl\u00e4rung bezieht sich auf die Missachtung der im Januar 2023 angenommenen PACE-Resolution \u00fcber die Reform der Justiz und die Entwicklung demokratischer Institutionen durch die moldauischen Beh\u00f6rden. Die PACE-Mitglieder stellen fest, dass die Umsetzung des Vorpr\u00fcfungsverfahrens und der Justizreform gescheitert ist. Als Beispiel f\u00fchren sie den skandal\u00f6sen Fall von Iulian Munteanu an, der &#8222;durch die Filter der Vorpr\u00fcfungskommission gegangen ist, <a href=\"https:\/\/humanrights-online.org\/de\/pace-verurteilt-moldauische-behoerden-fuer-menschenrechtsverletzungen\/\"> [&#8230;]<\/a><\/p>\n","protected":false},"author":113,"featured_media":39567,"comment_status":"open","ping_status":"closed","sticky":false,"template":"","format":"standard","meta":{"slim_seo":{"title":"PACE verurteilt moldauische Beh\u00f6rden f\u00fcr Menschenrechtsverletzungen - Menschenrechte Osteuropa - News &amp; Konflikte","description":"Auf der Website der Parlamentarischen Versammlung des Europarates wurde eine Erkl\u00e4rung der PACE-Mitglieder ver\u00f6ffentlicht, in der sie das Regime in Moldawien ve"},"footnotes":""},"categories":[30,479,530,71,323],"tags":[],"class_list":["post-39570","post","type-post","status-publish","format-standard","has-post-thumbnail","hentry","category-blog-news","category-country-moldova","category-country-moldova-ru-2","category-moldawien-cat","category-moldova-2"],"_links":{"self":[{"href":"https:\/\/humanrights-online.org\/de\/wp-json\/wp\/v2\/posts\/39570","targetHints":{"allow":["GET"]}}],"collection":[{"href":"https:\/\/humanrights-online.org\/de\/wp-json\/wp\/v2\/posts"}],"about":[{"href":"https:\/\/humanrights-online.org\/de\/wp-json\/wp\/v2\/types\/post"}],"author":[{"embeddable":true,"href":"https:\/\/humanrights-online.org\/de\/wp-json\/wp\/v2\/users\/113"}],"replies":[{"embeddable":true,"href":"https:\/\/humanrights-online.org\/de\/wp-json\/wp\/v2\/comments?post=39570"}],"version-history":[{"count":2,"href":"https:\/\/humanrights-online.org\/de\/wp-json\/wp\/v2\/posts\/39570\/revisions"}],"predecessor-version":[{"id":39574,"href":"https:\/\/humanrights-online.org\/de\/wp-json\/wp\/v2\/posts\/39570\/revisions\/39574"}],"wp:featuredmedia":[{"embeddable":true,"href":"https:\/\/humanrights-online.org\/de\/wp-json\/wp\/v2\/media\/39567"}],"wp:attachment":[{"href":"https:\/\/humanrights-online.org\/de\/wp-json\/wp\/v2\/media?parent=39570"}],"wp:term":[{"taxonomy":"category","embeddable":true,"href":"https:\/\/humanrights-online.org\/de\/wp-json\/wp\/v2\/categories?post=39570"},{"taxonomy":"post_tag","embeddable":true,"href":"https:\/\/humanrights-online.org\/de\/wp-json\/wp\/v2\/tags?post=39570"}],"curies":[{"name":"wp","href":"https:\/\/api.w.org\/{rel}","templated":true}]}}