{"id":39540,"date":"2023-10-19T15:29:36","date_gmt":"2023-10-19T13:29:36","guid":{"rendered":"https:\/\/humanrights-online.org\/de\/?p=39540"},"modified":"2023-10-19T15:29:36","modified_gmt":"2023-10-19T13:29:36","slug":"memorial-mit-stimmen-des-krieges-auf-frankfurter-buchmesse","status":"publish","type":"post","link":"https:\/\/humanrights-online.org\/de\/memorial-mit-stimmen-des-krieges-auf-frankfurter-buchmesse\/","title":{"rendered":"MEMORIAL mit \u201eStimmen des Krieges\u201c auf Frankfurter Buchmesse"},"content":{"rendered":"<h1><strong>Ukraine: Mit \u201eStimmen des Krieges\u201c das \u201eUnfassbare fassbar machen\u201c<\/strong> &#8211; <strong>ganz im Geiste der IGFM<\/strong><\/h1>\n<p>Das Projekt der Charkiwer Human Rights Protection Group \u201eStimmen des Krieges\u201c war von Beginn an ein Herzensprojekt der IGFM. Seit jeher war die IGFM ganz bewusst eine Organisation, die den Opfern und Zeugen von Menschenrechtsverletzungen eine Stimme verlieh. Das ist der \u201eGeist\u201c der IGFM, seit nunmehr \u00fcber einem halben Jahrhundert. So unterst\u00fctzen wir das Projekt seit vielen Monaten, indem wir helfen die schweren Schicksalsberichte aus dem Kriegsgebiet zu \u00fcbersetzen und zu ver\u00f6ffentlichen.<\/p>\n<p><strong>Charkiwer Human Rights Protection Group mit MEMORIAL Deutschland und dem Fritz-Bauer Institut an der Frankfurter Uni im Rahmen der Buchmesse<\/strong><\/p>\n<div id=\"attachment_39541\" style=\"width: 560px\" class=\"wp-caption alignnone\"><img decoding=\"async\" aria-describedby=\"caption-attachment-39541\" class=\"wp-image-39541\" src=\"https:\/\/humanrights-online.org\/wp-content\/uploads\/2023\/10\/Bild1.jpg\" alt=\"\" width=\"550\" height=\"413\" srcset=\"https:\/\/humanrights-online.org\/wp-content\/uploads\/2023\/10\/Bild1-31x23.jpg 31w, https:\/\/humanrights-online.org\/wp-content\/uploads\/2023\/10\/Bild1-200x150.jpg 200w, https:\/\/humanrights-online.org\/wp-content\/uploads\/2023\/10\/Bild1-267x200.jpg 267w, https:\/\/humanrights-online.org\/wp-content\/uploads\/2023\/10\/Bild1-400x300.jpg 400w, https:\/\/humanrights-online.org\/wp-content\/uploads\/2023\/10\/Bild1-600x450.jpg 600w, https:\/\/humanrights-online.org\/wp-content\/uploads\/2023\/10\/Bild1-768x576.jpg 768w, https:\/\/humanrights-online.org\/wp-content\/uploads\/2023\/10\/Bild1-800x600.jpg 800w, https:\/\/humanrights-online.org\/wp-content\/uploads\/2023\/10\/Bild1.jpg 840w\" sizes=\"(max-width: 550px) 100vw, 550px\" \/><p id=\"caption-attachment-39541\" class=\"wp-caption-text\">v.l.n.r.: V. Kr\u00fcger, C. Krusch, IGFM Deutschland, I. Scherbakowa, Vors. MEMORIAL Deutschland, V. Liamzienko, IGFM Deutschland, J. Sacharow, Ckarkiwer Human Rights Group, S. Kulaeva, Antidiskriminierungszentrum Memorial, Br\u00fcssel<\/p><\/div>\n<p>Am 18. Oktober kam es im Rahmen der Frankfurter Buchmesse und der Zusammenarbeit der Charkiwer Human Rights Protection Group mit MEMORIAL Deutschland sowie des Fritz-Bauer Instituts zu einer Art Blitzbesuch von Jevhen Sacharow, dem Vorsitzenden der Charkiwer Human Rights Protection Group, die in der Ukraine die \u201eStimmen des Krieges\u201c sammelt, um das \u201eUnfassbare fassbar\u201c zu machen. Unser Besuch dieser gemeinsamen Veranstaltung an der Frankfurter Universit\u00e4t, den wir uns nat\u00fcrlich nicht nehmen lassen konnten, kam daher ebenso pl\u00f6tzlich und unerwartet.<\/p>\n<div id=\"attachment_39542\" style=\"width: 340px\" class=\"wp-caption alignnone\"><img decoding=\"async\" aria-describedby=\"caption-attachment-39542\" class=\"wp-image-39542\" src=\"https:\/\/humanrights-online.org\/wp-content\/uploads\/2023\/10\/Bild2.jpg\" alt=\"\" width=\"330\" height=\"440\" srcset=\"https:\/\/humanrights-online.org\/wp-content\/uploads\/2023\/10\/Bild2-20x27.jpg 20w, https:\/\/humanrights-online.org\/wp-content\/uploads\/2023\/10\/Bild2-150x200.jpg 150w, https:\/\/humanrights-online.org\/wp-content\/uploads\/2023\/10\/Bild2-200x267.jpg 200w, https:\/\/humanrights-online.org\/wp-content\/uploads\/2023\/10\/Bild2-400x534.jpg 400w, https:\/\/humanrights-online.org\/wp-content\/uploads\/2023\/10\/Bild2.jpg 536w\" sizes=\"(max-width: 330px) 100vw, 330px\" \/><p id=\"caption-attachment-39542\" class=\"wp-caption-text\">Die ukrainische Projektassistentin der IGFM Unterst\u00fctzung von \u201eStimmen des Krieges\u201c und der Projektverantwortliche vor Ort freuen sich sichtbar \u00fcber ihre erste Begegnung<\/p><\/div>\n<p><strong>Erinnerung an IGFM Gr\u00fcndungszeiten<\/strong><\/p>\n<div id=\"attachment_39543\" style=\"width: 340px\" class=\"wp-caption alignnone\"><img decoding=\"async\" aria-describedby=\"caption-attachment-39543\" class=\"wp-image-39543\" src=\"https:\/\/humanrights-online.org\/wp-content\/uploads\/2023\/10\/Bild3.jpg\" alt=\"\" width=\"330\" height=\"440\" srcset=\"https:\/\/humanrights-online.org\/wp-content\/uploads\/2023\/10\/Bild3-20x27.jpg 20w, https:\/\/humanrights-online.org\/wp-content\/uploads\/2023\/10\/Bild3-150x200.jpg 150w, https:\/\/humanrights-online.org\/wp-content\/uploads\/2023\/10\/Bild3-200x267.jpg 200w, https:\/\/humanrights-online.org\/wp-content\/uploads\/2023\/10\/Bild3-400x534.jpg 400w, https:\/\/humanrights-online.org\/wp-content\/uploads\/2023\/10\/Bild3-600x800.jpg 600w, https:\/\/humanrights-online.org\/wp-content\/uploads\/2023\/10\/Bild3-768x1025.jpg 768w, https:\/\/humanrights-online.org\/wp-content\/uploads\/2023\/10\/Bild3-800x1067.jpg 800w, https:\/\/humanrights-online.org\/wp-content\/uploads\/2023\/10\/Bild3.jpg 823w\" sizes=\"(max-width: 330px) 100vw, 330px\" \/><p id=\"caption-attachment-39543\" class=\"wp-caption-text\">Alte und junge \u201eIGFM Geister&#8220;, v.l.n.r.: Valerio Kr\u00fcger, Carmen Krusch, Jevhen Sacharow, Valeriia Liamzienko<\/p><\/div>\n<p>Umso sch\u00f6ner war es dann dem Vorsitzenden unseres Projektpartners pers\u00f6nlich zu begegnen\u2026 und ganz in dem Geiste der IGFM, so stellte sich schnell heraus \u2013 ist Jevhen Sacharow ein altes Mitglied der IGFM Ukraine! Seine erste Reise in den Westen, nach dem Zerfall der Sowjetunion, war die auf Einladung der IGFM zur Jahreshauptversammlung der Deutschen Sektion 1995. Gut erinnert er sich an den Gr\u00fcnder der IGFM, Iwan Agrusow oder an den damaligen Gesch\u00e4ftsf\u00fchrer der IGFM, Karl Hafen.<\/p>\n<p><strong>MEMORIAL Stand auf Frankfurter Buchmesse<\/strong><\/p>\n<p>W\u00e4hrend Jevhen Sacharow schon wieder auf dem R\u00fcckweg in die Heimat zu den \u201eStimmen des Krieges\u201c ist, wird MEMORIAL noch auf der gesamten Frankfurter Buchmesse vertreten sein. Ihr findet sie in Halle 4.1. Nichts wie hin!<\/p>\n","protected":false},"excerpt":{"rendered":"<p>Ukraine: Mit \u201eStimmen des Krieges\u201c das \u201eUnfassbare fassbar machen\u201c &#8211; ganz im Geiste der IGFM Das Projekt der Charkiwer Human Rights Protection Group \u201eStimmen des Krieges\u201c war von Beginn an ein Herzensprojekt der IGFM. Seit jeher war die IGFM ganz bewusst eine Organisation, die den Opfern und Zeugen von Menschenrechtsverletzungen eine Stimme verlieh. Das ist der \u201eGeist\u201c der IGFM, seit nunmehr \u00fcber einem halben Jahrhundert. So unterst\u00fctzen wir das Projekt seit vielen Monaten, indem wir helfen die schweren Schicksalsberichte aus dem Kriegsgebiet <a href=\"https:\/\/humanrights-online.org\/de\/memorial-mit-stimmen-des-krieges-auf-frankfurter-buchmesse\/\"> [&#8230;]<\/a><\/p>\n","protected":false},"author":121,"featured_media":39546,"comment_status":"open","ping_status":"closed","sticky":false,"template":"","format":"standard","meta":{"slim_seo":{"title":"MEMORIAL mit \u201eStimmen des Krieges\u201c auf Frankfurter Buchmesse - Menschenrechte Osteuropa - News &amp; Konflikte","description":"Ukraine: Mit \u201eStimmen des Krieges\u201c das \u201eUnfassbare fassbar machen\u201c - ganz im Geiste der IGFM Das Projekt der Charkiwer Human Rights Protection Group \u201eStimmen de"},"footnotes":""},"categories":[30,477,1241],"tags":[],"class_list":["post-39540","post","type-post","status-publish","format-standard","has-post-thumbnail","hentry","category-blog-news","category-country-ukraine-2","category-country-ukraine-de"],"_links":{"self":[{"href":"https:\/\/humanrights-online.org\/de\/wp-json\/wp\/v2\/posts\/39540","targetHints":{"allow":["GET"]}}],"collection":[{"href":"https:\/\/humanrights-online.org\/de\/wp-json\/wp\/v2\/posts"}],"about":[{"href":"https:\/\/humanrights-online.org\/de\/wp-json\/wp\/v2\/types\/post"}],"author":[{"embeddable":true,"href":"https:\/\/humanrights-online.org\/de\/wp-json\/wp\/v2\/users\/121"}],"replies":[{"embeddable":true,"href":"https:\/\/humanrights-online.org\/de\/wp-json\/wp\/v2\/comments?post=39540"}],"version-history":[{"count":4,"href":"https:\/\/humanrights-online.org\/de\/wp-json\/wp\/v2\/posts\/39540\/revisions"}],"predecessor-version":[{"id":39559,"href":"https:\/\/humanrights-online.org\/de\/wp-json\/wp\/v2\/posts\/39540\/revisions\/39559"}],"wp:featuredmedia":[{"embeddable":true,"href":"https:\/\/humanrights-online.org\/de\/wp-json\/wp\/v2\/media\/39546"}],"wp:attachment":[{"href":"https:\/\/humanrights-online.org\/de\/wp-json\/wp\/v2\/media?parent=39540"}],"wp:term":[{"taxonomy":"category","embeddable":true,"href":"https:\/\/humanrights-online.org\/de\/wp-json\/wp\/v2\/categories?post=39540"},{"taxonomy":"post_tag","embeddable":true,"href":"https:\/\/humanrights-online.org\/de\/wp-json\/wp\/v2\/tags?post=39540"}],"curies":[{"name":"wp","href":"https:\/\/api.w.org\/{rel}","templated":true}]}}