{"id":39230,"date":"2023-08-08T16:22:10","date_gmt":"2023-08-08T14:22:10","guid":{"rendered":"https:\/\/humanrights-online.org\/de\/?p=39230"},"modified":"2023-08-08T16:22:10","modified_gmt":"2023-08-08T14:22:10","slug":"willkuerhaft-ist-in-belarus-an-der-tagesordnung","status":"publish","type":"post","link":"https:\/\/humanrights-online.org\/de\/willkuerhaft-ist-in-belarus-an-der-tagesordnung\/","title":{"rendered":"Willk\u00fcrhaft ist in Belarus an der Tagesordnung"},"content":{"rendered":"<h1>Mehr als 1400 politische Gefangene sind in Belarus inhaftiert \u2013 darunter Kandidaten der Pr\u00e4sidentenwahlen von 2020.<\/h1>\n<p><img decoding=\"async\" class=\"size-full wp-image-39231 aligncenter\" src=\"https:\/\/humanrights-online.org\/wp-content\/uploads\/2023\/08\/54.jpg\" alt=\"\" width=\"1280\" height=\"640\" srcset=\"https:\/\/humanrights-online.org\/wp-content\/uploads\/2023\/08\/54-31x16.jpg 31w, https:\/\/humanrights-online.org\/wp-content\/uploads\/2023\/08\/54-200x100.jpg 200w, https:\/\/humanrights-online.org\/wp-content\/uploads\/2023\/08\/54-400x200.jpg 400w, https:\/\/humanrights-online.org\/wp-content\/uploads\/2023\/08\/54-600x300.jpg 600w, https:\/\/humanrights-online.org\/wp-content\/uploads\/2023\/08\/54-768x384.jpg 768w, https:\/\/humanrights-online.org\/wp-content\/uploads\/2023\/08\/54-800x400.jpg 800w, https:\/\/humanrights-online.org\/wp-content\/uploads\/2023\/08\/54-1024x512.jpg 1024w, https:\/\/humanrights-online.org\/wp-content\/uploads\/2023\/08\/54-1200x600.jpg 1200w, https:\/\/humanrights-online.org\/wp-content\/uploads\/2023\/08\/54.jpg 1280w\" sizes=\"(max-width: 1280px) 100vw, 1280px\" \/><\/p>\n<p>Von den prominentesten gibt es seit Monaten keine Nachrichten.<\/p>\n<p id=\"pageIndex_1\" class=\"First atc-TextParagraph\">Drei Jahre nach der Pr\u00e4sidentenwahl in <a class=\"rtr-entity\" title=\"Belarus\" href=\"https:\/\/www.faz.net\/aktuell\/politik\/thema\/belarus\" data-rtr-id=\"d9795d284d4ad60dd9cefd3876a987d88b9e68ea\">Belarus<\/a> sind nach Angaben von Menschenrechtsaktivisten willk\u00fcrliche Inhaftierungen und massive Gewalt durch Sicherheitskr\u00e4fte an der Tagesordnung. Aktuell seien in Belarus mehr als 1.400 Personen aus politischen Gr\u00fcnden inhaftiert, teilte die Internationale Gesellschaft f\u00fcr Menschenrechte (IGFM) am Dienstag in Frankfurt mit. F\u00fcr den \u201eVersuch, eine terroristische Handlung zu begehen\u201c, k\u00f6nne seit April 2022 auch die Todesstrafe verh\u00e4ngt werden.<\/p>\n<h3 class=\"atc-SubHeadline\">Wo ist Kolesnikowa?<\/h3>\n<p class=\"atc-TextParagraph\">Die IGFM kritisierte das Vorgehen von Machthaber Aleksandr Lukaschenko nach der Pr\u00e4sidentenwahl im August 2020, bei der es aus Sicht des Au\u00dfenbeauftragten der Europ\u00e4ischen Union, <a class=\"rtr-entity\" title=\"Josep Borrell\" href=\"https:\/\/www.faz.net\/aktuell\/politik\/thema\/josep-borrell\" data-rtr-id=\"1ecc1b40106c799ba43faf36808131933685040a\">Josep Borrell<\/a>, \u201emassiven Betrug\u201c seitens des Regimes gab. \u201eMit Hilfe der diktatorischen Regime Russland und Iran l\u00f6scht Langzeitdiktator Lukaschenko die kritische und unabh\u00e4ngige Zivilgesellschaft in Belarus aus\u201c, bef\u00fcrchtet die IGFM.<\/p>\n<p class=\"atc-TextParagraph\">Von der inhaftierten Oppositionellen Maria Kolesnikowa gebe es seit sechs Monaten kein Lebenszeichen, betonte die IGFM. Die Menschenrechtsorganisation weist zudem auf die Oppositionellen Sergej Tichanowski und Viktor Babariko hin, die seit Wochen \u201everschwunden\u201c seien.<\/p>\n<p>Seit den \u201egef\u00e4lschten Pr\u00e4sidentschaftswahlen\u201c in Belarus vor drei Jahren habe die Unterdr\u00fcckung der Demokratiebewegung unvorstellbare Ausma\u00dfe genommen, so die IGFM. Mehr als 10.000 Personen seien verhaftet, gefoltert oder zum Teil ohne Verfahren oder offizielle Anklage in \u00fcberf\u00fcllten Gef\u00e4ngniszellen inhaftiert worden.<\/p>\n<p>Source: <a href=\"https:\/\/www.faz.net\/aktuell\/politik\/ausland\/menschenrechte-belarus-willkuerhaft-an-der-tagesordnung-19088363.html\" target=\"_blank\" rel=\"nofollow noopener\">faz.net<\/a><\/p>\n","protected":false},"excerpt":{"rendered":"<p>Mehr als 1400 politische Gefangene sind in Belarus inhaftiert \u2013 darunter Kandidaten der Pr\u00e4sidentenwahlen von 2020. Von den prominentesten gibt es seit Monaten keine Nachrichten. Drei Jahre nach der Pr\u00e4sidentenwahl in Belarus sind nach Angaben von Menschenrechtsaktivisten willk\u00fcrliche Inhaftierungen und massive Gewalt durch Sicherheitskr\u00e4fte an der Tagesordnung. Aktuell seien in Belarus mehr als 1.400 Personen aus politischen Gr\u00fcnden inhaftiert, teilte die Internationale Gesellschaft f\u00fcr Menschenrechte (IGFM) am Dienstag in Frankfurt mit. F\u00fcr den \u201eVersuch, eine terroristische Handlung zu begehen\u201c, k\u00f6nne seit April <a href=\"https:\/\/humanrights-online.org\/de\/willkuerhaft-ist-in-belarus-an-der-tagesordnung\/\"> [&#8230;]<\/a><\/p>\n","protected":false},"author":113,"featured_media":39231,"comment_status":"open","ping_status":"closed","sticky":false,"template":"","format":"standard","meta":{"slim_seo":{"title":"Willk\u00fcrhaft ist in Belarus an der Tagesordnung - Menschenrechte Osteuropa - News &amp; Konflikte","description":"Mehr als 1400 politische Gefangene sind in Belarus inhaftiert \u2013 darunter Kandidaten der Pr\u00e4sidentenwahlen von 2020. Von den prominentesten gibt es seit Monaten"},"footnotes":""},"categories":[30,551,552],"tags":[],"class_list":["post-39230","post","type-post","status-publish","format-standard","has-post-thumbnail","hentry","category-blog-news","category-country-belarus-ru-2","category-country-belarus-en-2"],"_links":{"self":[{"href":"https:\/\/humanrights-online.org\/de\/wp-json\/wp\/v2\/posts\/39230","targetHints":{"allow":["GET"]}}],"collection":[{"href":"https:\/\/humanrights-online.org\/de\/wp-json\/wp\/v2\/posts"}],"about":[{"href":"https:\/\/humanrights-online.org\/de\/wp-json\/wp\/v2\/types\/post"}],"author":[{"embeddable":true,"href":"https:\/\/humanrights-online.org\/de\/wp-json\/wp\/v2\/users\/113"}],"replies":[{"embeddable":true,"href":"https:\/\/humanrights-online.org\/de\/wp-json\/wp\/v2\/comments?post=39230"}],"version-history":[{"count":1,"href":"https:\/\/humanrights-online.org\/de\/wp-json\/wp\/v2\/posts\/39230\/revisions"}],"predecessor-version":[{"id":39232,"href":"https:\/\/humanrights-online.org\/de\/wp-json\/wp\/v2\/posts\/39230\/revisions\/39232"}],"wp:featuredmedia":[{"embeddable":true,"href":"https:\/\/humanrights-online.org\/de\/wp-json\/wp\/v2\/media\/39231"}],"wp:attachment":[{"href":"https:\/\/humanrights-online.org\/de\/wp-json\/wp\/v2\/media?parent=39230"}],"wp:term":[{"taxonomy":"category","embeddable":true,"href":"https:\/\/humanrights-online.org\/de\/wp-json\/wp\/v2\/categories?post=39230"},{"taxonomy":"post_tag","embeddable":true,"href":"https:\/\/humanrights-online.org\/de\/wp-json\/wp\/v2\/tags?post=39230"}],"curies":[{"name":"wp","href":"https:\/\/api.w.org\/{rel}","templated":true}]}}