{"id":38902,"date":"2023-06-24T17:08:14","date_gmt":"2023-06-24T15:08:14","guid":{"rendered":"https:\/\/humanrights-online.org\/de\/cituaciya-s-bezhencami-v-moldove\/"},"modified":"2023-06-24T17:26:42","modified_gmt":"2023-06-24T15:26:42","slug":"fluechtlingssituation-in-moldawien","status":"publish","type":"post","link":"https:\/\/humanrights-online.org\/de\/fluechtlingssituation-in-moldawien\/","title":{"rendered":"Fl\u00fcchtlingssituation in Moldawien"},"content":{"rendered":"<h1><strong>Die &#8222;Erfolgsgeschichte&#8220;, dass die Republik Moldau den Fl\u00fcchtlingsstrom aus der Ukraine erfolgreich bew\u00e4ltigt hat, k\u00f6nnte an Bedeutung verlieren.<\/strong><\/h1>\n<p><img decoding=\"async\" class=\" wp-image-38899 aligncenter\" src=\"https:\/\/humanrights-online.org\/wp-content\/uploads\/2023\/06\/refugia.jpg\" alt=\"\" width=\"961\" height=\"681\" srcset=\"https:\/\/humanrights-online.org\/wp-content\/uploads\/2023\/06\/refugia-31x22.jpg 31w, https:\/\/humanrights-online.org\/wp-content\/uploads\/2023\/06\/refugia-200x142.jpg 200w, https:\/\/humanrights-online.org\/wp-content\/uploads\/2023\/06\/refugia-282x200.jpg 282w, https:\/\/humanrights-online.org\/wp-content\/uploads\/2023\/06\/refugia-300x214.jpg 300w, https:\/\/humanrights-online.org\/wp-content\/uploads\/2023\/06\/refugia-400x283.jpg 400w, https:\/\/humanrights-online.org\/wp-content\/uploads\/2023\/06\/refugia-600x425.jpg 600w, https:\/\/humanrights-online.org\/wp-content\/uploads\/2023\/06\/refugia-768x544.jpg 768w, https:\/\/humanrights-online.org\/wp-content\/uploads\/2023\/06\/refugia-800x567.jpg 800w, https:\/\/humanrights-online.org\/wp-content\/uploads\/2023\/06\/refugia-1024x725.jpg 1024w, https:\/\/humanrights-online.org\/wp-content\/uploads\/2023\/06\/refugia-1200x850.jpg 1200w, https:\/\/humanrights-online.org\/wp-content\/uploads\/2023\/06\/refugia.jpg 1464w\" sizes=\"(max-width: 961px) 100vw, 961px\" \/><\/p>\n<p>&nbsp;<\/p>\n<p><strong>Vor f\u00fcnf Monaten hat die Regierung die Mittel f\u00fcr den Unterhalt der Fl\u00fcchtlingszentren eingestellt, w\u00e4hrend die westlichen Partner der Republik Moldau insgesamt mindestens 150 Millionen Euro gespendet haben, um den ukrainischen B\u00fcrgern, die vor dem Krieg fliehen, Trost zu spenden. Die Beh\u00f6rden geben zu, dass die Dinge schlecht laufen, aber sie k\u00f6nnen nicht genau sagen, wo all das Geld, das ausschlie\u00dflich f\u00fcr die Fl\u00fcchtlingsarbeit vorgesehen war, ausgegeben wurde.<\/strong><\/p>\n<p>Der B\u00fcrgermeister von Balti behauptet, er habe seit mehreren Monaten kein Geld f\u00fcr die Instandhaltung des \u00f6rtlichen Unterkunftszentrums f\u00fcr ukrainische Fl\u00fcchtlinge erhalten. Die Gemeinde hat beschlossen, sich das Geld aus anderen Fonds zu leihen.<\/p>\n<p>Die Fl\u00fcchtlinge sind sich auch bewusst, dass sie sich m\u00f6glicherweise nach einem neuen Wohnort umsehen m\u00fcssen &#8211; ihnen graut vor dem Gedanken daran.<\/p>\n<p>Dabei ist die Situation in Balti noch nicht die schwierigste: Die Geh\u00e4lter der Mitarbeiter des Zentrums werden aus den Mitteln der Gemeinde bezahlt. Und in den Bezirksunterk\u00fcnften wurden sie seit Dezember nicht mehr bezahlt. Das Zentrum in Glodeni l\u00e4uft Gefahr, von der Versorgung mit Wasser, Licht, Gas, Abwasser und Strom abgeschnitten zu werden. Alles wegen der Schulden.<\/p>\n<p>&#8222;Alle Schulden f\u00fcr drei Monate, d.h. M\u00e4rz, April, Mai und bis jetzt sind wir in der Mitte des Juni. Der Gesamtbetrag der Schulden bel\u00e4uft sich auf 450 Tausend Lei. 300 Tausend Lei sind Lohnschulden und 100 Tausend Lei sind Schulden f\u00fcr \u00f6ffentliche Einrichtungen&#8220;, sagte Ion Cojocar, Vorsitzender des Bezirks Glodeni.<\/p>\n<p>\u00c4hnlich ist die Situation in Stefanesti im Bezirk Floresti: Sowohl die Verwaltung des Zentrums als auch die Angestellten der Einrichtung haben seit Februar keine Geh\u00e4lter mehr erhalten. Au\u00dferdem hat das Zentrum Schulden f\u00fcr Versorgungsleistungen. Obwohl sich die Leiter des Zentrums zun\u00e4chst bereit erkl\u00e4rten, mit unserem Reporter zu sprechen, mussten wir bei der Ankunft des Kamerateams vor Ort feststellen, dass die Bewohner des Zentrums ganz allein waren.<\/p>\n<p>Gleichzeitig gibt der stellvertretende Vorsitzende des Bezirks Floresti zu, dass die lokalen Beh\u00f6rden mit der Situation nicht zurechtkommen<\/p>\n<p>&#8222;Es ist auch offensichtlich, dass die Angestellten, die die Geh\u00e4lter zahlen sollen, auch kein Geld daf\u00fcr bekommen haben. Ja, es gibt \u00dcberweisungen, aber die m\u00fcssen gemacht werden. Und das ist nicht geschehen&#8220;, sagte Alin Afronin, stellvertretender Vorsitzender des Bezirks Floresti.<\/p>\n<p>Der Minister f\u00fcr Arbeit und Sozialschutz behauptet jedoch, dass die millionenschwere Finanzhilfe der Europ\u00e4ischen Union immer noch nicht ausreicht, um alle anstehenden Probleme zu l\u00f6sen.<\/p>\n<p>&#8222;Viele Leute haben uns gespendet, um den Fl\u00fcchtlingen zu helfen, aus dem Ausland. &#8211; Und das ist nicht genug. &#8211; Es sind Millionen gespendet worden. &#8211; Ja, aber unser Bedarf ist auch sehr beeindruckend. Ein Gro\u00dfteil der Kosten f\u00fcr den Betrieb der Zentren stammt aus dem Staatshaushalt. &#8211; Bitten Sie immer noch um Hilfe? &#8211; Ja, wir sind in st\u00e4ndigem Dialog und bitten um Unterst\u00fctzung. &#8211; Dann noch eine Frage: Wann werden die Probleme gel\u00f6st sein? &#8211; Bald, sehr bald, ich denke diese oder n\u00e4chste Woche&#8220;, sagte er.<\/p>\n<p>Nach Angaben des Kabinettschefs kann eine Entscheidung nicht vor n\u00e4chster Woche getroffen werden, obwohl das Problem bereits vor etwa f\u00fcnf Monaten aufgetreten ist.<\/p>\n<p>Der Vorsitzende des parlamentarischen Ausschusses f\u00fcr Soziales, Gesundheit und Familie sagt seinerseits, dass die Situation rund um die Fl\u00fcchtlingszentren schlecht gemanagt wurde und dass die Regierung bei der Suche nach einer L\u00f6sung bereits im Verzug ist.<\/p>\n<p>&#8222;Das Problem wurde schon vor langer Zeit angek\u00fcndigt, ebenso wie das Problem mit den pers\u00f6nlichen Assistenten. Wir haben das Thema mit allen besprochen. Wir m\u00fcssen diese Kosten \u00fcbernehmen, ja, wir m\u00fcssen die \u00f6ffentlichen Gelder besser verwalten, aber eine Situation, in der die Menschen f\u00fcnf Monate lang kein Gehalt erhalten, kann grunds\u00e4tzlich nicht akzeptabel sein, und L\u00f6sungen h\u00e4tten viel fr\u00fcher gefunden werden m\u00fcssen&#8220;, sagte Dan Perchun, Leiter der Kommission f\u00fcr Sozialschutz, Gesundheit und Familie.<\/p>\n<p>Von den Vertretern des Finanzministeriums konnten wir keine Stellungnahme erhalten; sie haben unsere Anrufe nicht beantwortet. Nach den neuesten Daten sind in der Republik Moldau derzeit etwas mehr als 100 Tausend Fl\u00fcchtlinge offiziell registriert, vor allem Frauen und Kinder.<\/p>\n<p>&nbsp;<\/p>\n<p>&nbsp;<\/p>\n<p><iframe style=\"width: 100%; aspect-ratio: 16 \/ 9; border: none;\" src=\"https:\/\/tv8.md\/video?url=https:\/\/tv8.md\/resources\/2023\/06\/23\/8547352f-7236-4484-92bb-0dddf5aa7143_GESTIONAREREFUGIAIru.mp4\"><\/iframe><\/p>\n","protected":false},"excerpt":{"rendered":"<p>Die &#8222;Erfolgsgeschichte&#8220;, dass die Republik Moldau den Fl\u00fcchtlingsstrom aus der Ukraine erfolgreich bew\u00e4ltigt hat, k\u00f6nnte an Bedeutung verlieren. &nbsp; Vor f\u00fcnf Monaten hat die Regierung die Mittel f\u00fcr den Unterhalt der Fl\u00fcchtlingszentren eingestellt, w\u00e4hrend die westlichen Partner der Republik Moldau insgesamt mindestens 150 Millionen Euro gespendet haben, um den ukrainischen B\u00fcrgern, die vor dem Krieg fliehen, Trost zu spenden. Die Beh\u00f6rden geben zu, dass die Dinge schlecht laufen, aber sie k\u00f6nnen nicht genau sagen, wo all das Geld, das ausschlie\u00dflich f\u00fcr die <a href=\"https:\/\/humanrights-online.org\/de\/fluechtlingssituation-in-moldawien\/\"> [&#8230;]<\/a><\/p>\n","protected":false},"author":113,"featured_media":38899,"comment_status":"open","ping_status":"closed","sticky":false,"template":"","format":"standard","meta":{"slim_seo":{"title":"Fl\u00fcchtlingssituation in Moldawien - Menschenrechte Osteuropa - News &amp; Konflikte","description":"Die \"Erfolgsgeschichte\", dass die Republik Moldau den Fl\u00fcchtlingsstrom aus der Ukraine erfolgreich bew\u00e4ltigt hat, k\u00f6nnte an Bedeutung verlieren. &nbsp; Vor f\u00fcnf"},"footnotes":""},"categories":[30,479,530,71,323],"tags":[],"class_list":["post-38902","post","type-post","status-publish","format-standard","has-post-thumbnail","hentry","category-blog-news","category-country-moldova","category-country-moldova-ru-2","category-moldawien-cat","category-moldova-2"],"_links":{"self":[{"href":"https:\/\/humanrights-online.org\/de\/wp-json\/wp\/v2\/posts\/38902","targetHints":{"allow":["GET"]}}],"collection":[{"href":"https:\/\/humanrights-online.org\/de\/wp-json\/wp\/v2\/posts"}],"about":[{"href":"https:\/\/humanrights-online.org\/de\/wp-json\/wp\/v2\/types\/post"}],"author":[{"embeddable":true,"href":"https:\/\/humanrights-online.org\/de\/wp-json\/wp\/v2\/users\/113"}],"replies":[{"embeddable":true,"href":"https:\/\/humanrights-online.org\/de\/wp-json\/wp\/v2\/comments?post=38902"}],"version-history":[{"count":2,"href":"https:\/\/humanrights-online.org\/de\/wp-json\/wp\/v2\/posts\/38902\/revisions"}],"predecessor-version":[{"id":38907,"href":"https:\/\/humanrights-online.org\/de\/wp-json\/wp\/v2\/posts\/38902\/revisions\/38907"}],"wp:featuredmedia":[{"embeddable":true,"href":"https:\/\/humanrights-online.org\/de\/wp-json\/wp\/v2\/media\/38899"}],"wp:attachment":[{"href":"https:\/\/humanrights-online.org\/de\/wp-json\/wp\/v2\/media?parent=38902"}],"wp:term":[{"taxonomy":"category","embeddable":true,"href":"https:\/\/humanrights-online.org\/de\/wp-json\/wp\/v2\/categories?post=38902"},{"taxonomy":"post_tag","embeddable":true,"href":"https:\/\/humanrights-online.org\/de\/wp-json\/wp\/v2\/tags?post=38902"}],"curies":[{"name":"wp","href":"https:\/\/api.w.org\/{rel}","templated":true}]}}