{"id":38374,"date":"2023-04-18T16:02:01","date_gmt":"2023-04-18T14:02:01","guid":{"rendered":"https:\/\/humanrights-online.org\/de\/vladimira-kara-murzu-prigovorili-k-25-godam\/"},"modified":"2023-04-18T16:15:47","modified_gmt":"2023-04-18T14:15:47","slug":"kremlkritiker-kara-mursa-zu-25-jahren-haft-verurteilt","status":"publish","type":"post","link":"https:\/\/humanrights-online.org\/de\/kremlkritiker-kara-mursa-zu-25-jahren-haft-verurteilt\/","title":{"rendered":"Kremlkritiker Kara-Mursa zu 25 Jahren Haft verurteilt"},"content":{"rendered":"<h1>Einer der prominentesten Kritiker von Russlands Pr\u00e4sident Wladimir Putin muss f\u00fcr lange Zeit ins Gef\u00e4ngnis. F\u00fcr Wladimir Kara-Mursa geht damit eine lange Leidenszeit weiter. Das Urteil erntet viel internationale Kritik.<\/h1>\n<p>&nbsp;<\/p>\n<div id=\"attachment_38368\" style=\"width: 810px\" class=\"wp-caption alignnone\"><img decoding=\"async\" aria-describedby=\"caption-attachment-38368\" class=\"wp-image-38368 size-full\" src=\"https:\/\/humanrights-online.org\/wp-content\/uploads\/2023\/04\/murza.webp\" alt=\"\" width=\"800\" height=\"450\" srcset=\"https:\/\/humanrights-online.org\/wp-content\/uploads\/2023\/04\/murza-31x17.webp 31w, https:\/\/humanrights-online.org\/wp-content\/uploads\/2023\/04\/murza-200x113.webp 200w, https:\/\/humanrights-online.org\/wp-content\/uploads\/2023\/04\/murza-356x200.webp 356w, https:\/\/humanrights-online.org\/wp-content\/uploads\/2023\/04\/murza-400x225.webp 400w, https:\/\/humanrights-online.org\/wp-content\/uploads\/2023\/04\/murza-600x338.webp 600w, https:\/\/humanrights-online.org\/wp-content\/uploads\/2023\/04\/murza-768x432.webp 768w, https:\/\/humanrights-online.org\/wp-content\/uploads\/2023\/04\/murza.webp 800w\" sizes=\"(max-width: 800px) 100vw, 800px\" \/><p id=\"caption-attachment-38368\" class=\"wp-caption-text\">Mikhail Tereshchenko\/TASS\u00a0 Wladimir Kara-Murza ist der erste, der des Verrats beschuldigt wird, weil er \u00f6ffentlich zug\u00e4ngliche Fakten auflistet<\/p><\/div>\n<div class=\"bbc-19j92fr ebmt73l0\" dir=\"ltr\">\n<div class=\"bbc-19j92fr ebmt73l0\" dir=\"ltr\">\n<div class=\"bbc-19j92fr ebmt73l0\" dir=\"ltr\">\n<div class=\"bbc-19j92fr ebmt73l0\" dir=\"ltr\">\n<div class=\"bbc-19j92fr ebmt73l0\" dir=\"ltr\">\n<div class=\"bbc-19j92fr ebmt73l0\" dir=\"ltr\">\n<div class=\"vjs-menu-button vjs-menu-button-popup vjs-control vjs-button vjs-quality-selector\"><\/div>\n<div class=\"standaloneWrap\">\n<div class=\"imgTeaserL video\">\n<div class=\"mediaItem\" data-media-id=\"\">\n<div class=\"teaserContentWrap information\">\n<h2>Kreml-Kritiker zu 25 Jahren Haft verurteilt<\/h2>\n<\/div>\n<\/div>\n<\/div>\n<\/div>\n<div class=\"group\">\n<div class=\"longText\">\n<p>Am Ende des Prozesses hinter verschlossenen T\u00fcren wurde <a href=\"https:\/\/www.dw.com\/de\/wladimir-kara-mursa-20-jahre-opposition-gegen-das-putin-regime\/a-63394230\">Wladimir Kara-Mursa<\/a> in Moskau zu 25 Jahren Haft im Straflager wegen Hochverrats verurteilt. Das Stadtgericht verh\u00e4ngte das umstrittene Urteil gegen den Oppositionellen, der auch Russlands Krieg gegen die Ukraine scharf kritisiert hatte.<\/p>\n<p>Es ist die h\u00f6chste Strafe, die bisher gegen einen Regimegegner in Russland verh\u00e4ngt wurde. Das Gericht entsprach dem Antrag der Staatsanwaltschaft, die das\u00a0Strafma\u00df Anfang\u00a0April gefordert hatte.<\/p>\n<p>Der 41-J\u00e4hrige gilt als einer der sch\u00e4rfsten Kritiker von Kremlchef Wladimir Putin. Staatliche Medien hatten unter Berufung auf Ermittlerkreise behauptet, der fr\u00fchere Journalist habe gegen eine Bezahlung von rund 30.000 Euro pro Monat Organisationen aus NATO-L\u00e4ndern geholfen, Russlands nationale Sicherheit zu unterh\u00f6hlen.\u00a0Kara-Mursa wurde zudem die Diskreditierung der russischen Armee vorgeworfen.<\/p>\n<h2>Gesundheitliche Probleme<\/h2>\n<p>Nach Angaben seiner Anw\u00e4ltin Maria Eismont ist Kara-Mursa gesundheitlich schwer angeschlagen. Sie sagte zuletzt, ihr Mandant habe in der Untersuchungshaft 17 Kilogramm an Gewicht verloren.<\/p>\n<div class=\"picBox full rechts \">\n<p><a class=\"overlayLink init\" href=\"https:\/\/www.dw.com\/de\/kremlkritiker-kara-mursa-zu-25-jahren-haft-verurteilt\/a-65346129#\" rel=\"nofollow\"> <img decoding=\"async\" title=\"Russland | Gedenktag Boris Nemzow in Moskau | Vladimir Kara-Mursa und Julia Galjamina\" src=\"https:\/\/static.dw.com\/image\/56726323_401.jpg\" alt=\"Russland | Gedenktag Boris Nemzow in Moskau | Vladimir Kara-Mursa und Julia Galjamina\" width=\"700\" height=\"394\" \/> <\/a>Wladimir Kara-Mursa 2021 bei einer Gedenkveranstaltung in Moskau f\u00fcr seinen ermordeten Weggef\u00e4hrten Boris Nemzow<\/p>\n<\/div>\n<p>Zweimal hat der prominente Putin-Gegner r\u00e4tselhafte Vergiftungen nur knapp \u00fcberlebt. Recherchen der Investigativgruppe Bellingcat zufolge wurde Kara-Mursa von denselben Agenten des Inlandsgeheimdienstes FSB verfolgt, die auch in den Giftanschlag auf den Oppositionellen Alexej Nawalny verwickelt gewesen sein sollen. Als Folge dieser Anschl\u00e4ge soll Kara-Mursa nach Angaben seiner Anw\u00e4lte unter der Nervenkrankheit Polyneuropathie leiden.<\/p>\n<p>Noch am vergangenen Dienstag hatte Kara-Mursa erkl\u00e4rt, trotz der ihm drohenden langen Haftstrafe bereue er keine seiner \u00c4u\u00dferungen. Er werfe sich selbst allerdings vor, dass es ihm nicht gelungen sei, gen\u00fcgend Landsleute und Politiker in demokratischen L\u00e4ndern von der Gefahr \u00fcberzeugt zu haben, welche die gegenw\u00e4rtige Kreml-F\u00fchrung f\u00fcr das Land darstelle.<\/p>\n<p>Die jetzt verh\u00e4ngte H\u00f6chststrafe von 25 Jahren Straflager sei f\u00fcr seinen Mandanten &#8222;gleichbedeutend mit einem Todesurteil&#8220;, sagte Kara-Mursas Anwalt Wadim Prochorow der Deutschen Welle. &#8222;Aber selbst zwei bis drei\u00a0Jahre\u00a0in einem Hochsicherheitsgef\u00e4ngnis\u00a0k\u00f6nnten f\u00fcr ihn in seinem derzeitigen Gesundheitszustand t\u00f6dlich sein. Das muss man verstehen, und deshalb ist es schwierig, das Urteil anders als obskurantistisch und absolut emp\u00f6rend zu bezeichnen&#8220;, f\u00fcgte der Jurist hinzu.<\/p>\n<h2>Internationale Kritik am Urteil<\/h2>\n<p>Als Reaktion auf das Urteil hat die britische Regierung in London den russischen Botschafter einbestellt. Man habe deutlich machen wollen, dass man die &#8222;politisch motivierte&#8220; Verurteilung des Kremlkritikers verurteile, der auch die britische Staatsb\u00fcrgerschaft besitzt, und seine sofortige Freilassung fordere.<\/p>\n<p>&#8222;Russlands mangelndes Engagement f\u00fcr den Schutz grundlegender Menschenrechte, einschlie\u00dflich des Rechts auf freie Meinungs\u00e4u\u00dferung, ist alarmierend&#8220;, sagte der britische Au\u00dfenminister James Cleverly in einer Erkl\u00e4rung. Gro\u00dfbritannien fordere Russland weiterhin auf, seinen internationalen Verpflichtungen nachzukommen, einschlie\u00dflich des Anspruchs von Wladimir Kara-Mursa auf eine angemessene medizinische Versorgung, so Cleverly.<\/p>\n<div class=\"picBox full rechts \">\n<p>Gro\u00dfbritanniens Au\u00dfenminister James Cleverly<\/p>\n<\/div>\n<p>Gro\u00dfbritannien hat bereits den Richter, der den Prozess leitete, wegen fr\u00fcherer Verwicklungen in Menschenrechtsverletzungen sanktioniert und erkl\u00e4rt, es werde weitere Ma\u00dfnahmen in Erw\u00e4gung ziehen, um die an Kara-Mursas &#8222;Inhaftierung und Misshandlung&#8220; Beteiligten zur Rechenschaft zu ziehen.<\/p>\n<p>Auch eine Sprecherin des Ausw\u00e4rtigen Amtes in Berlin kritisierte den\u00a0Gerichtsbeschluss &#8222;aufs Sch\u00e4rfste&#8220;. &#8222;Auch dieses Urteil sei, wie viele weitere, auf die Abschreckung, Ausgrenzung und Unterbindung jeglicher kritischer Stimmen gerichtet&#8220;, f\u00fcgte sie hinzu.\u00a0Das Verfahren gegen Kara-Mursa zeige, wie die russische Justiz gegen ihn und viele seiner Landsleute instrumentalisiert werde und welch &#8222;ersch\u00fctterndes Ausma\u00df&#8220; die Repression in Russland inzwischen erreicht habe.\u00a0Die Bundesregierung fordere &#8222;die umgehende Freilassung von Wladimir Kara-Mursa und nat\u00fcrlich auch aller anderen zu Unrecht politisch Inhaftierten&#8220;, sagte die Sprecherin weiter.<\/p>\n<p>Die Vereinten Nationen schlossen sich ebenfalls den Forderungen nach einer sofortigen Freilassung des Kremlkritikers an. Der Hohe Kommissar f\u00fcr Menschenrechte, Volker Turk, sagte in Genf, das Urteil sei &#8222;ein weiterer R\u00fcckschlag gegen die Rechtsstaatlichkeit und den b\u00fcrgerlichen Raum in der Russischen F\u00f6deration&#8220;.\u00a0Aus dem Kreml gab es dagegen zu dem Urteil bislang keinen Kommentar.<\/p>\n<h2>Ehrung f\u00fcr Regimekritiker<\/h2>\n<p>Im vergangenen Jahr war Kara-Mursa mit dem prestigetr\u00e4chtigen Vaclav-Havel-Preis des Europarats ausgezeichnet worden. Es erfordere unglaublichen Mut, sich im heutigen Russland gegen die Obrigkeit zu stellen, sagte der Pr\u00e4sident der Parlamentarischen Versammlung, Tiny Kox, im Oktober. Kara-Mursas Frau nahm den Menschenrechtspreis entgegen. Sie las ein Statement ihres Mannes vor, wonach er den Gewinn all denjenigen widme, die sich in Russland gegen den Ukraine-Krieg auflehnten.<\/p>\n<p>Mit dem Vaclav-Havel-Preis zeichnet die Parlamentarische Versammlung des Europarats seit 2013 Engagement f\u00fcr die Menschenrechte aus. Der Preis ist mit 60.000 Euro dotiert und nach dem verstorbenen B\u00fcrgerrechtler und fr\u00fcheren Pr\u00e4sidenten der Tschechischen Republik benannt.<\/p>\n<\/div>\n<\/div>\n<p dir=\"ltr\">Unter <a href=\"https:\/\/www.dw.com\/de\/kremlkritiker-kara-mursa-zu-25-jahren-haft-verurteilt\/a-65346129\" target=\"_blank\" rel=\"nofollow noopener\">dw.com<\/a><\/p>\n<\/div>\n<\/div>\n<\/div>\n<\/div>\n<\/div>\n<\/div>\n","protected":false},"excerpt":{"rendered":"<p>Einer der prominentesten Kritiker von Russlands Pr\u00e4sident Wladimir Putin muss f\u00fcr lange Zeit ins Gef\u00e4ngnis. F\u00fcr Wladimir Kara-Mursa geht damit eine lange Leidenszeit weiter. Das Urteil erntet viel internationale Kritik. &nbsp; Kreml-Kritiker zu 25 Jahren Haft verurteilt Am Ende des Prozesses hinter verschlossenen T\u00fcren wurde Wladimir Kara-Mursa in Moskau zu 25 Jahren Haft im Straflager wegen Hochverrats verurteilt. Das Stadtgericht verh\u00e4ngte das umstrittene Urteil gegen den Oppositionellen, der auch Russlands Krieg gegen die Ukraine scharf kritisiert hatte. Es ist die h\u00f6chste Strafe, <a href=\"https:\/\/humanrights-online.org\/de\/kremlkritiker-kara-mursa-zu-25-jahren-haft-verurteilt\/\"> [&#8230;]<\/a><\/p>\n","protected":false},"author":113,"featured_media":38368,"comment_status":"open","ping_status":"closed","sticky":false,"template":"","format":"standard","meta":{"slim_seo":{"title":"Kremlkritiker Kara-Mursa zu 25 Jahren Haft verurteilt - Menschenrechte Osteuropa - News &amp; Konflikte","description":"Einer der prominentesten Kritiker von Russlands Pr\u00e4sident Wladimir Putin muss f\u00fcr lange Zeit ins Gef\u00e4ngnis. F\u00fcr Wladimir Kara-Mursa geht damit eine lange Leiden"},"footnotes":""},"categories":[30,478,542,72],"tags":[],"class_list":["post-38374","post","type-post","status-publish","format-standard","has-post-thumbnail","hentry","category-blog-news","category-country-russia-2","category-country-russia-3","category-russland-cat"],"_links":{"self":[{"href":"https:\/\/humanrights-online.org\/de\/wp-json\/wp\/v2\/posts\/38374","targetHints":{"allow":["GET"]}}],"collection":[{"href":"https:\/\/humanrights-online.org\/de\/wp-json\/wp\/v2\/posts"}],"about":[{"href":"https:\/\/humanrights-online.org\/de\/wp-json\/wp\/v2\/types\/post"}],"author":[{"embeddable":true,"href":"https:\/\/humanrights-online.org\/de\/wp-json\/wp\/v2\/users\/113"}],"replies":[{"embeddable":true,"href":"https:\/\/humanrights-online.org\/de\/wp-json\/wp\/v2\/comments?post=38374"}],"version-history":[{"count":4,"href":"https:\/\/humanrights-online.org\/de\/wp-json\/wp\/v2\/posts\/38374\/revisions"}],"predecessor-version":[{"id":38380,"href":"https:\/\/humanrights-online.org\/de\/wp-json\/wp\/v2\/posts\/38374\/revisions\/38380"}],"wp:featuredmedia":[{"embeddable":true,"href":"https:\/\/humanrights-online.org\/de\/wp-json\/wp\/v2\/media\/38368"}],"wp:attachment":[{"href":"https:\/\/humanrights-online.org\/de\/wp-json\/wp\/v2\/media?parent=38374"}],"wp:term":[{"taxonomy":"category","embeddable":true,"href":"https:\/\/humanrights-online.org\/de\/wp-json\/wp\/v2\/categories?post=38374"},{"taxonomy":"post_tag","embeddable":true,"href":"https:\/\/humanrights-online.org\/de\/wp-json\/wp\/v2\/tags?post=38374"}],"curies":[{"name":"wp","href":"https:\/\/api.w.org\/{rel}","templated":true}]}}