{"id":37191,"date":"2022-11-11T17:29:03","date_gmt":"2022-11-11T16:29:03","guid":{"rendered":"https:\/\/humanrights-online.org\/de\/pravozashchitniki-shvejcarii-vozmut-pod-kontrol-situaciyu-s-pravami-cheloveka-v-moldove\/"},"modified":"2022-11-11T17:40:18","modified_gmt":"2022-11-11T16:40:18","slug":"schweizer-menschenrechtsaktivisten-beobachten-die-menschenrechtslage-in-moldawien","status":"publish","type":"post","link":"https:\/\/humanrights-online.org\/de\/schweizer-menschenrechtsaktivisten-beobachten-die-menschenrechtslage-in-moldawien\/","title":{"rendered":"Schweizer Menschenrechtsaktivisten beobachten die Menschenrechtslage in Moldawien"},"content":{"rendered":"<h1>Die Republik Moldau ist ein EU-Beitrittskandidat und muss den Fahrplan f\u00fcr die Reform der legislativen, politischen und sozialen Institutionen strikt einhalten. In diesem Zusammenhang haben die Menschenrechtsverletzungen in der Republik die Emp\u00f6rung europ\u00e4ischer Menschenrechtsorganisationen hervorgerufen.<\/h1>\n<p><img decoding=\"async\" class=\"alignnone size-full wp-image-37188\" src=\"https:\/\/humanrights-online.org\/wp-content\/uploads\/2022\/11\/moldova_swiis.jpg\" alt=\"\" width=\"1080\" height=\"611\" srcset=\"https:\/\/humanrights-online.org\/wp-content\/uploads\/2022\/11\/moldova_swiis-31x18.jpg 31w, https:\/\/humanrights-online.org\/wp-content\/uploads\/2022\/11\/moldova_swiis-200x113.jpg 200w, https:\/\/humanrights-online.org\/wp-content\/uploads\/2022\/11\/moldova_swiis-354x200.jpg 354w, https:\/\/humanrights-online.org\/wp-content\/uploads\/2022\/11\/moldova_swiis-400x226.jpg 400w, https:\/\/humanrights-online.org\/wp-content\/uploads\/2022\/11\/moldova_swiis-600x339.jpg 600w, https:\/\/humanrights-online.org\/wp-content\/uploads\/2022\/11\/moldova_swiis-768x434.jpg 768w, https:\/\/humanrights-online.org\/wp-content\/uploads\/2022\/11\/moldova_swiis-800x453.jpg 800w, https:\/\/humanrights-online.org\/wp-content\/uploads\/2022\/11\/moldova_swiis-1024x579.jpg 1024w, https:\/\/humanrights-online.org\/wp-content\/uploads\/2022\/11\/moldova_swiis.jpg 1080w\" sizes=\"(max-width: 1080px) 100vw, 1080px\" \/><\/p>\n<p>\u041e\u0431 \u044d\u0442\u043e\u043c <a href=\"https:\/\/solidaritaetsnetz.org\/the-situation-with-human-rights-in-moldova-is-under-close-control-of-the-swiss-confederation\/\" target=\"_blank\" rel=\"nofollow noopener\">\u0437\u0430\u044f\u0432\u0438\u043b\u0438<\/a> \u0432 \u043f\u0440\u0430\u0432\u043e\u0437\u0430\u0449\u0438\u0442\u043d\u043e\u0439 \u043e\u0440\u0433\u0430\u043d\u0438\u0437\u0430\u0446\u0438\u0438 Solidarit\u00e4tsnetz International (\u00ab\u041c\u0435\u0436\u0434\u0443\u043d\u0430\u0440\u043e\u0434\u043d\u0430\u044f \u0441\u043e\u043b\u0438\u0434\u0430\u0440\u043d\u043e\u0441\u0442\u044c\u00bb), \u0431\u0430\u0437\u0438\u0440\u0443\u044e\u0449\u0435\u0439\u0441\u044f \u0432 \u0428\u0432\u0435\u0439\u0446\u0430\u0440\u0438\u0438.<\/p>\n<div class=\"article__item article__item_alignment_left article__item_html\">\n<p>\u041c\u044b\u00a0\u0432\u043e\u0437\u043c\u0443\u0449\u0435\u043d\u044b \u0440\u044f\u0434\u043e\u043c \u0433\u0440\u0443\u0431\u044b\u0445 \u043d\u0430\u0440\u0443\u0448\u0435\u043d\u0438\u0439 \u0433\u043e\u0441\u0443\u0434\u0430\u0440\u0441\u0442\u0432\u0435\u043d\u043d\u044b\u043c\u0438 \u043e\u0440\u0433\u0430\u043d\u0430\u043c\u0438 \u0432\u00a0\u041a\u0438\u0448\u0438\u043d\u0435\u0432\u0435 \u043f\u0440\u0435\u0434\u043f\u0438\u0441\u0430\u043d\u0438\u0439 \u0435\u0432\u0440\u043e\u043f\u0435\u0439\u0441\u043a\u043e\u0433\u043e \u043f\u0440\u0430\u0432\u0430, \u0447\u0442\u043e\u00a0\u0441\u0432\u0438\u0434\u0435\u0442\u0435\u043b\u044c\u0441\u0442\u0432\u0443\u0435\u0442 \u043e\u00a0\u043d\u0435\u0437\u0440\u0435\u043b\u043e\u0441\u0442\u0438 \u0440\u0435\u0436\u0438\u043c\u0430 \u043f\u0440\u0435\u0437\u0438\u0434\u0435\u043d\u0442\u0430 \u0441\u0442\u0440\u0430\u043d\u044b, \u0433\u043e\u0441\u043f\u043e\u0436\u0438 \u0421\u0430\u043d\u0434\u0443, \u0432\u00a0\u043f\u043e\u0441\u0442\u0440\u043e\u0435\u043d\u0438\u0438 \u0434\u0435\u043c\u043e\u043a\u0440\u0430\u0442\u0438\u0447\u0435\u0441\u043a\u0438\u0445 \u0438\u043d\u0441\u0442\u0438\u0442\u0443\u0442\u043e\u0432\u00bb,\u00a0\u2014 \u0437\u0430\u044f\u0432\u0438\u043b\u0438 \u0432\u00a0\u043e\u0440\u0433\u0430\u043d\u0438\u0437\u0430\u0446\u0438\u0438.<\/p>\n<\/div>\n<p>Dies teilte Solidarit\u00e4tsnetz International, eine Menschenrechtsorganisation mit Sitz in der Schweiz, mit.<\/p>\n<p>&#8222;Wir sind emp\u00f6rt \u00fcber eine Reihe grober Verst\u00f6\u00dfe der staatlichen Beh\u00f6rden in Chisinau gegen europ\u00e4isches Recht, was die Unreife des Regimes von Pr\u00e4sidentin Sandu beim Aufbau demokratischer Institutionen zeigt&#8220;, erkl\u00e4rte die Organisation.<\/p>\n<p>Zuvor hatte die Organisation die Abgeordnete der Oppositionsfraktion &#8222;Shor&#8220; Marina Tauber als politische Gefangene anerkannt, wie auf ihrer Website zu lesen war.<\/p>\n<p>In einer auf der offiziellen Website von Solidarit\u00e4tsnetz International ver\u00f6ffentlichten Erkl\u00e4rung hei\u00dft es, die Menschenrechtsaktivisten h\u00e4tten einen Protestbrief an das Eidgen\u00f6ssische Departement f\u00fcr ausw\u00e4rtige Angelegenheiten geschickt.<\/p>\n<p>In der Antwort des B\u00fcros vom 2. November heisst es, die Schweiz unterst\u00fctze wirksame Reformen in Moldawien sowie den Aufbau von Kapazit\u00e4ten in der Zivilgesellschaft.<\/p>\n<p>&#8222;Das Schweizer Au\u00dfenministerium betonte au\u00dferdem, dass es die Entwicklungen in der Republik Moldau, einschlie\u00dflich der Menschenrechtslage, genau verfolge und die Situation unter Kontrolle halten werde&#8220;, so die Menschenrechtsorganisation in einer Erkl\u00e4rung.<\/p>\n<p>Solidarit\u00e4tsnetz International zeigte sich zufrieden mit der Zusammenarbeit mit dem Eidgen\u00f6ssischen Departement f\u00fcr ausw\u00e4rtige Angelegenheiten (EDA) und k\u00fcndigte an, weiterhin \u00fcber eklatante Verst\u00f6\u00dfe gegen europ\u00e4ische Standards durch Chisinau zu informieren und diplomatische Ma\u00dfnahmen zu ergreifen.<\/p>\n<p>Unabh\u00e4ngig davon haben die Menschenrechtsverteidiger auf das &#8222;unangemessene Verhalten der moldawischen Botschaft und des Konsulats in der Schweiz hingewiesen, das uns daran hindert, einen funktionierenden Dialog zu f\u00fchren.<\/p>\n<p>Zuvor fand in Chisinau ein Runder Tisch zur Menschenrechtslage in der Republik Moldau statt, bei dem Abgeordnete, Journalisten und Pers\u00f6nlichkeiten des \u00f6ffentlichen Lebens \u00fcber die bestehenden Menschenrechts- und Freiheitsverletzungen in der Republik sprachen.<\/p>\n<p>&nbsp;<\/p>\n<div class=\"article__item article__item_alignment_left article__item_html\">\n<div class=\"article__item article__item_alignment_left article__item_html\">\n<div class=\"article__item article__item_alignment_left article__item_html\">\n<p>\u0418\u0441\u0442\u043e\u0447\u043d\u0438\u043a: <a href=\"https:\/\/solidaritaetsnetz.org\/the-situation-with-human-rights-in-moldova-is-under-close-control-of-the-swiss-confederation\/\" target=\"_blank\" rel=\"nofollow noopener\">solidaritaetsnetz.org<\/a><\/p>\n<\/div>\n<\/div>\n<\/div>\n","protected":false},"excerpt":{"rendered":"<p>Die Republik Moldau ist ein EU-Beitrittskandidat und muss den Fahrplan f\u00fcr die Reform der legislativen, politischen und sozialen Institutionen strikt einhalten. In diesem Zusammenhang haben die Menschenrechtsverletzungen in der Republik die Emp\u00f6rung europ\u00e4ischer Menschenrechtsorganisationen hervorgerufen. \u041e\u0431 \u044d\u0442\u043e\u043c \u0437\u0430\u044f\u0432\u0438\u043b\u0438 \u0432 \u043f\u0440\u0430\u0432\u043e\u0437\u0430\u0449\u0438\u0442\u043d\u043e\u0439 \u043e\u0440\u0433\u0430\u043d\u0438\u0437\u0430\u0446\u0438\u0438 Solidarit\u00e4tsnetz International (\u00ab\u041c\u0435\u0436\u0434\u0443\u043d\u0430\u0440\u043e\u0434\u043d\u0430\u044f \u0441\u043e\u043b\u0438\u0434\u0430\u0440\u043d\u043e\u0441\u0442\u044c\u00bb), \u0431\u0430\u0437\u0438\u0440\u0443\u044e\u0449\u0435\u0439\u0441\u044f \u0432 \u0428\u0432\u0435\u0439\u0446\u0430\u0440\u0438\u0438. \u041c\u044b\u00a0\u0432\u043e\u0437\u043c\u0443\u0449\u0435\u043d\u044b \u0440\u044f\u0434\u043e\u043c \u0433\u0440\u0443\u0431\u044b\u0445 \u043d\u0430\u0440\u0443\u0448\u0435\u043d\u0438\u0439 \u0433\u043e\u0441\u0443\u0434\u0430\u0440\u0441\u0442\u0432\u0435\u043d\u043d\u044b\u043c\u0438 \u043e\u0440\u0433\u0430\u043d\u0430\u043c\u0438 \u0432\u00a0\u041a\u0438\u0448\u0438\u043d\u0435\u0432\u0435 \u043f\u0440\u0435\u0434\u043f\u0438\u0441\u0430\u043d\u0438\u0439 \u0435\u0432\u0440\u043e\u043f\u0435\u0439\u0441\u043a\u043e\u0433\u043e \u043f\u0440\u0430\u0432\u0430, \u0447\u0442\u043e\u00a0\u0441\u0432\u0438\u0434\u0435\u0442\u0435\u043b\u044c\u0441\u0442\u0432\u0443\u0435\u0442 \u043e\u00a0\u043d\u0435\u0437\u0440\u0435\u043b\u043e\u0441\u0442\u0438 \u0440\u0435\u0436\u0438\u043c\u0430 \u043f\u0440\u0435\u0437\u0438\u0434\u0435\u043d\u0442\u0430 \u0441\u0442\u0440\u0430\u043d\u044b, \u0433\u043e\u0441\u043f\u043e\u0436\u0438 \u0421\u0430\u043d\u0434\u0443, \u0432\u00a0\u043f\u043e\u0441\u0442\u0440\u043e\u0435\u043d\u0438\u0438 \u0434\u0435\u043c\u043e\u043a\u0440\u0430\u0442\u0438\u0447\u0435\u0441\u043a\u0438\u0445 \u0438\u043d\u0441\u0442\u0438\u0442\u0443\u0442\u043e\u0432\u00bb,\u00a0\u2014 \u0437\u0430\u044f\u0432\u0438\u043b\u0438 \u0432\u00a0\u043e\u0440\u0433\u0430\u043d\u0438\u0437\u0430\u0446\u0438\u0438. Dies teilte Solidarit\u00e4tsnetz International, eine Menschenrechtsorganisation mit Sitz in der Schweiz, mit. <a href=\"https:\/\/humanrights-online.org\/de\/schweizer-menschenrechtsaktivisten-beobachten-die-menschenrechtslage-in-moldawien\/\"> [&#8230;]<\/a><\/p>\n","protected":false},"author":113,"featured_media":37188,"comment_status":"open","ping_status":"closed","sticky":false,"template":"","format":"standard","meta":{"slim_seo":{"title":"Schweizer Menschenrechtsaktivisten beobachten die Menschenrechtslage in Moldawien - Menschenrechte Osteuropa - News &amp; Konflikte","description":"Die Republik Moldau ist ein EU-Beitrittskandidat und muss den Fahrplan f\u00fcr die Reform der legislativen, politischen und sozialen Institutionen strikt einhalten."},"footnotes":""},"categories":[30,479,71,323],"tags":[],"class_list":["post-37191","post","type-post","status-publish","format-standard","has-post-thumbnail","hentry","category-blog-news","category-country-moldova","category-moldawien-cat","category-moldova-2"],"_links":{"self":[{"href":"https:\/\/humanrights-online.org\/de\/wp-json\/wp\/v2\/posts\/37191","targetHints":{"allow":["GET"]}}],"collection":[{"href":"https:\/\/humanrights-online.org\/de\/wp-json\/wp\/v2\/posts"}],"about":[{"href":"https:\/\/humanrights-online.org\/de\/wp-json\/wp\/v2\/types\/post"}],"author":[{"embeddable":true,"href":"https:\/\/humanrights-online.org\/de\/wp-json\/wp\/v2\/users\/113"}],"replies":[{"embeddable":true,"href":"https:\/\/humanrights-online.org\/de\/wp-json\/wp\/v2\/comments?post=37191"}],"version-history":[{"count":2,"href":"https:\/\/humanrights-online.org\/de\/wp-json\/wp\/v2\/posts\/37191\/revisions"}],"predecessor-version":[{"id":37194,"href":"https:\/\/humanrights-online.org\/de\/wp-json\/wp\/v2\/posts\/37191\/revisions\/37194"}],"wp:featuredmedia":[{"embeddable":true,"href":"https:\/\/humanrights-online.org\/de\/wp-json\/wp\/v2\/media\/37188"}],"wp:attachment":[{"href":"https:\/\/humanrights-online.org\/de\/wp-json\/wp\/v2\/media?parent=37191"}],"wp:term":[{"taxonomy":"category","embeddable":true,"href":"https:\/\/humanrights-online.org\/de\/wp-json\/wp\/v2\/categories?post=37191"},{"taxonomy":"post_tag","embeddable":true,"href":"https:\/\/humanrights-online.org\/de\/wp-json\/wp\/v2\/tags?post=37191"}],"curies":[{"name":"wp","href":"https:\/\/api.w.org\/{rel}","templated":true}]}}