{"id":36025,"date":"2022-08-16T07:34:46","date_gmt":"2022-08-16T05:34:46","guid":{"rendered":"https:\/\/humanrights-online.org\/de\/espch-osuzhdaet-moldovu-za-zhestokoe-obrashchenie-i-nezakonnye-aresty\/"},"modified":"2022-08-16T07:52:38","modified_gmt":"2022-08-16T05:52:38","slug":"egmr-verurteilt-moldawien-wegen-misshandlung-und-illegaler-verhaftungen","status":"publish","type":"post","link":"https:\/\/humanrights-online.org\/de\/egmr-verurteilt-moldawien-wegen-misshandlung-und-illegaler-verhaftungen\/","title":{"rendered":"EGMR verurteilt Moldawien wegen Misshandlung und illegaler Verhaftungen"},"content":{"rendered":"<h2>Dazu geh\u00f6ren Misshandlungen, rechtswidrige und missbr\u00e4uchliche Festnahmen durch Staatsanw\u00e4lte und Strafrichter sowie M\u00e4ngel im Zusammenhang mit dem Recht auf ein faires Verfahren, dem Zugang zur Justiz, der Privatsph\u00e4re, den Eigentumsrechten usw.<\/h2>\n<div id=\"attachment_36022\" style=\"width: 810px\" class=\"wp-caption alignnone\"><img decoding=\"async\" aria-describedby=\"caption-attachment-36022\" class=\"wp-image-36022 size-full\" src=\"https:\/\/humanrights-online.org\/wp-content\/uploads\/2022\/08\/P13_.jpg\" alt=\"\" width=\"800\" height=\"533\" srcset=\"https:\/\/humanrights-online.org\/wp-content\/uploads\/2022\/08\/P13_-31x21.jpg 31w, https:\/\/humanrights-online.org\/wp-content\/uploads\/2022\/08\/P13_-200x133.jpg 200w, https:\/\/humanrights-online.org\/wp-content\/uploads\/2022\/08\/P13_-300x200.jpg 300w, https:\/\/humanrights-online.org\/wp-content\/uploads\/2022\/08\/P13_-400x267.jpg 400w, https:\/\/humanrights-online.org\/wp-content\/uploads\/2022\/08\/P13_-600x400.jpg 600w, https:\/\/humanrights-online.org\/wp-content\/uploads\/2022\/08\/P13_-768x512.jpg 768w, https:\/\/humanrights-online.org\/wp-content\/uploads\/2022\/08\/P13_.jpg 800w\" sizes=\"(max-width: 800px) 100vw, 800px\" \/><p id=\"caption-attachment-36022\" class=\"wp-caption-text\">Haftanstalt Nr. 13. Chisinau.<\/p><\/div>\n<p>Dies <a href=\"https:\/\/www.ipn.md\/en\/most-often-moldova-is-convicted-by-echr-for-ill-treatment-and-illegal-arrests-la-7967_1091586.html\" target=\"_blank\" rel=\"nofollow noopener\">erkl\u00e4rte<\/a> Vadim Vieru, Direktor f\u00fcr Programme bei Promo-LEX.<\/p>\n<p>Nach Angaben des Anwalts ist der Prozentsatz der an den EGMR gerichteten Beschwerden, die f\u00fcr zul\u00e4ssig erkl\u00e4rt werden und das Stadium der Pr\u00fcfung erreichen, recht gering. Sie betr\u00e4gt etwa 5-6 %. Die EMRK sei keine L\u00f6sung f\u00fcr alle Probleme, betonte der Anwalt.<\/p>\n<p>Die Zahl der Verurteilungen gegen die Republik Moldau bel\u00e4uft sich auf durchschnittlich 20-30 pro Jahr. &#8222;Diese Zahl mag gering erscheinen, aber im Vergleich zu anderen L\u00e4ndern ist es eine recht gro\u00dfe Zahl von Entscheidungen.<\/p>\n<p>Die Zahl der von moldauischen B\u00fcrgern eingereichten Beschwerden schwankt von Jahr zu Jahr. Im Jahr 2021 wurden rund 600 Beschwerden aus der Republik Moldau beim EGMR eingereicht. Diese Zahl ist im Vergleich zu 2019-2020 zur\u00fcckgegangen, als die Zahl eintausend erreichte.<\/p>\n<p>&nbsp;<\/p>\n<div><\/div>\n","protected":false},"excerpt":{"rendered":"<p>Dazu geh\u00f6ren Misshandlungen, rechtswidrige und missbr\u00e4uchliche Festnahmen durch Staatsanw\u00e4lte und Strafrichter sowie M\u00e4ngel im Zusammenhang mit dem Recht auf ein faires Verfahren, dem Zugang zur Justiz, der Privatsph\u00e4re, den Eigentumsrechten usw. Dies erkl\u00e4rte Vadim Vieru, Direktor f\u00fcr Programme bei Promo-LEX. Nach Angaben des Anwalts ist der Prozentsatz der an den EGMR gerichteten Beschwerden, die f\u00fcr zul\u00e4ssig erkl\u00e4rt werden und das Stadium der Pr\u00fcfung erreichen, recht gering. Sie betr\u00e4gt etwa 5-6 %. Die EMRK sei keine L\u00f6sung f\u00fcr alle Probleme, betonte der Anwalt. <a href=\"https:\/\/humanrights-online.org\/de\/egmr-verurteilt-moldawien-wegen-misshandlung-und-illegaler-verhaftungen\/\"> [&#8230;]<\/a><\/p>\n","protected":false},"author":113,"featured_media":36022,"comment_status":"open","ping_status":"closed","sticky":false,"template":"","format":"standard","meta":{"slim_seo":{"title":"EGMR verurteilt Moldawien wegen Misshandlung und illegaler Verhaftungen - Menschenrechte Osteuropa - News &amp; Konflikte","description":"Dazu geh\u00f6ren Misshandlungen, rechtswidrige und missbr\u00e4uchliche Festnahmen durch Staatsanw\u00e4lte und Strafrichter sowie M\u00e4ngel im Zusammenhang mit dem Recht auf ei"},"footnotes":""},"categories":[30,530,549,479,71,323,1],"tags":[],"class_list":["post-36025","post","type-post","status-publish","format-standard","has-post-thumbnail","hentry","category-blog-news","category-country-moldova-ru-2","category-country-moldova-en-2","category-country-moldova","category-moldawien-cat","category-moldova-2","category-unkategorisiert"],"_links":{"self":[{"href":"https:\/\/humanrights-online.org\/de\/wp-json\/wp\/v2\/posts\/36025","targetHints":{"allow":["GET"]}}],"collection":[{"href":"https:\/\/humanrights-online.org\/de\/wp-json\/wp\/v2\/posts"}],"about":[{"href":"https:\/\/humanrights-online.org\/de\/wp-json\/wp\/v2\/types\/post"}],"author":[{"embeddable":true,"href":"https:\/\/humanrights-online.org\/de\/wp-json\/wp\/v2\/users\/113"}],"replies":[{"embeddable":true,"href":"https:\/\/humanrights-online.org\/de\/wp-json\/wp\/v2\/comments?post=36025"}],"version-history":[{"count":2,"href":"https:\/\/humanrights-online.org\/de\/wp-json\/wp\/v2\/posts\/36025\/revisions"}],"predecessor-version":[{"id":36029,"href":"https:\/\/humanrights-online.org\/de\/wp-json\/wp\/v2\/posts\/36025\/revisions\/36029"}],"wp:featuredmedia":[{"embeddable":true,"href":"https:\/\/humanrights-online.org\/de\/wp-json\/wp\/v2\/media\/36022"}],"wp:attachment":[{"href":"https:\/\/humanrights-online.org\/de\/wp-json\/wp\/v2\/media?parent=36025"}],"wp:term":[{"taxonomy":"category","embeddable":true,"href":"https:\/\/humanrights-online.org\/de\/wp-json\/wp\/v2\/categories?post=36025"},{"taxonomy":"post_tag","embeddable":true,"href":"https:\/\/humanrights-online.org\/de\/wp-json\/wp\/v2\/tags?post=36025"}],"curies":[{"name":"wp","href":"https:\/\/api.w.org\/{rel}","templated":true}]}}