{"id":35251,"date":"2022-06-21T17:01:51","date_gmt":"2022-06-21T15:01:51","guid":{"rendered":"https:\/\/humanrights-online.org\/de\/esli-rossiya-vozmet-odessu-togda-ona-soedinit-territoriyu-s-pridnestrovem\/"},"modified":"2022-06-21T20:15:06","modified_gmt":"2022-06-21T18:15:06","slug":"wenn-russland-odessa-einnimmt-wird-es-das-gebiet-mit-transnistrien-verbinden","status":"publish","type":"post","link":"https:\/\/humanrights-online.org\/de\/wenn-russland-odessa-einnimmt-wird-es-das-gebiet-mit-transnistrien-verbinden\/","title":{"rendered":"Wenn Russland Odessa einnimmt, wird es das Gebiet mit Transnistrien verbinden"},"content":{"rendered":"<p class=\"sc-1qt9ueh-2 hJCSQX\"><span style=\"color: #ffffff;\">Der ehemalige moldauische Premierminister Chiril Gaburici ist der Meinung, dass die Republik in Bildung statt in Waffen investieren sollte.<\/span><\/p>\n<h1>Wenn Russland Odessa einnimmt, wird es das Gebiet mit Transnistrien verbinden<\/h1>\n<div id=\"attachment_35248\" style=\"width: 517px\" class=\"wp-caption alignleft\"><img decoding=\"async\" aria-describedby=\"caption-attachment-35248\" class=\"wp-image-35248\" src=\"https:\/\/humanrights-online.org\/wp-content\/uploads\/2022\/06\/moldova.jpg\" alt=\"\" width=\"507\" height=\"338\" srcset=\"https:\/\/humanrights-online.org\/wp-content\/uploads\/2022\/06\/moldova-31x21.jpg 31w, https:\/\/humanrights-online.org\/wp-content\/uploads\/2022\/06\/moldova-200x133.jpg 200w, https:\/\/humanrights-online.org\/wp-content\/uploads\/2022\/06\/moldova-300x200.jpg 300w, https:\/\/humanrights-online.org\/wp-content\/uploads\/2022\/06\/moldova-400x267.jpg 400w, https:\/\/humanrights-online.org\/wp-content\/uploads\/2022\/06\/moldova-600x400.jpg 600w, https:\/\/humanrights-online.org\/wp-content\/uploads\/2022\/06\/moldova-768x512.jpg 768w, https:\/\/humanrights-online.org\/wp-content\/uploads\/2022\/06\/moldova-800x533.jpg 800w, https:\/\/humanrights-online.org\/wp-content\/uploads\/2022\/06\/moldova.jpg 900w\" sizes=\"(max-width: 507px) 100vw, 507px\" \/><p id=\"caption-attachment-35248\" class=\"wp-caption-text\">\u0424\u043e\u0442\u043e \u0437\u0430\u0441\u0435\u0434\u0430\u043d\u0438\u044f \u0441\u043e\u0432\u0431\u0435\u0437\u0430 \u0411\u0435\u043b\u0430\u0440\u0443\u0441\u0438 \u0441 \u043a\u0430\u0440\u0442\u043e\u0439 \u0432\u043e\u0435\u043d\u043d\u044b\u0445 \u0434\u0435\u0439\u0441\u0442\u0432\u0438\u0439 \u0432 \u0423\u043a\u0440\u0430\u0438\u043d\u0435, \u043d\u0430 \u043a\u043e\u0442\u043e\u0440\u043e\u0439 \u043e\u0434\u043d\u0430 \u0438\u0437 \u0441\u0442\u0440\u0435\u043b\u043e\u043a \u0432\u0435\u0434\u0435\u0442 \u043e\u0442 \u041e\u0434\u0435\u0441\u0441\u044b \u043a \u041f\u0440\u0438\u0434\u043d\u0435\u0441\u0442\u0440\u043e\u0432\u044c\u044e. 1 \u043c\u0430\u0440\u0442\u0430 2022<\/p><\/div>\n<p>Der ehemalige moldauische Premierminister Chiril Gaburici ist der Ansicht, dass die Republik in Bildung statt in Waffen investieren sollte.<\/p>\n<p>Diese Ansicht vertrat er in einem Interview mit asia.nikkei.com, berichtet <a href=\"https:\/\/mybusiness.md\/ru\/novosti-biznesa\/item\/23093-eks-premer-moldovy-schitaet-chto-strana-dolzhna-investirovat-ne-v-oruzhie-a-v-obrazovanie\" target=\"_blank\" rel=\"nofollow noopener\">mybusiness.md<\/a>.<\/p>\n<p>Vor einigen Jahren, am Unabh\u00e4ngigkeitstag der Republik Moldau, verfolgten Regierungsvertreter und Diplomaten aus aller Welt eine Milit\u00e4rparade in der ehemaligen sowjetischen Hauptstadt Chisinau.<\/p>\n<p>Nachdem eine Handvoll Panzer vorbeigefahren war, machte ein russischer Diplomat einen sarkastischen Scherz.<\/p>\n<p>&#8211; Seltsam&#8220;, sagte er. &#8211; Wo ist der f\u00fcnfte?<\/p>\n<p>Chiril Gaburici, der ehemalige moldawische Ministerpr\u00e4sident, war an diesem Tag dabei. In Bezug auf den Witz \u00fcber die begrenzte Gr\u00f6\u00dfe der Streitkr\u00e4fte seines Landes sagte er, dass dieser deutlich mache, wie verwundbar die Nation sei.<\/p>\n<p>&#8222;Sie enth\u00e4lt alles, was Sie \u00fcber unsere Armee wissen m\u00fcssen. Es ist besser f\u00fcr mein Land, in die Bildung zu investieren&#8220;, sagte er Nikkei Asia am Rande des Eurasischen Wirtschaftsgipfels in der T\u00fcrkei am 9. Juni.<\/p>\n<p>Die Sicherheit der Republik Moldau bestehe darin, so schnell wie m\u00f6glich der Europ\u00e4ischen Union beizutreten, anstatt eine NATO-Mitgliedschaft anzustreben, die schwerwiegende Auswirkungen auf Russland haben w\u00fcrde, sagte er.<\/p>\n<p>Ebenso bezweifelt er, dass es sinnvoll ist, dass die Republik Moldau Waffen aus dem Westen erh\u00e4lt, und bevorzugt eine neutralere Haltung.<\/p>\n<p>&#8222;Als ich 2015 Premierminister war, habe ich versucht, meinen Verteidigungsminister davon zu \u00fcberzeugen, die Verteidigungsausgaben zu senken&#8220;, sagte Gaburici. &#8222;Die Republik Moldau kann sich nicht selbst verteidigen. Wir haben sehr wenig milit\u00e4rische Ausr\u00fcstung. Einige der Muster, die wir haben, sind sehr veraltet. Es w\u00e4re besser, wenn diese Mittel in Bildung oder Infrastruktur investiert w\u00fcrden.<\/p>\n<p>Gaburici war 2015 kurzzeitig Premierminister und 2018 und 2019 Minister f\u00fcr Wirtschaft und Infrastruktur. Die Republik Moldau sei ein Agrarland und nutze den Hafen von Odessa, um &#8222;Obst, Gem\u00fcse, Trauben, Wein und Getreide&#8220; zu exportieren, sagte er.<\/p>\n<p>&#8222;Es besteht die Gefahr, dass Russland Odessa einnimmt und dann das Gebiet mit Transnistrien verbinden kann&#8220;, sagte Gaburici.<\/p>\n<p>Dieser Handel wird durch die russische Seeblockade und die von den ukrainischen Truppen zum Schutz vor russischen Angriffen auf die Stadt errichteten Seeminen zunehmend erschwert.<\/p>\n<p>&#8222;Wir haben keine Kontrolle \u00fcber die Region Transnistrien und wissen nicht, was dort geschieht&#8220;, sagte er. &#8222;Wir d\u00fcrfen niemanden provozieren, denn wir befinden uns ganz in der N\u00e4he des Epizentrums des Geschehens&#8220;.<\/p>\n<p>Auf die Frage, ob Moldawien der n\u00e4chste Staat sein wird, wenn Russland in der Ukraine Erfolg hat, sagte Gaburici: &#8222;Ich kann nicht ja sagen, aber ich kann auch nicht nein sagen.&#8220;<\/p>\n<p>&#8222;Ich bin sehr besorgt und mache mir gro\u00dfe Sorgen um meine Kinder, meine Familie, meine Eltern. Wir leben mit unseren Taschen, f\u00fcr den Fall, dass etwas passiert, leider.<\/p>\n<p>Gaburic sagte, er glaube, dass der Krieg in der Ukraine h\u00e4tte vermieden werden k\u00f6nnen, wenn beide Seiten einen Kompromiss geschlossen h\u00e4tten, und f\u00fcgte hinzu, dass eine EU-Mitgliedschaft f\u00fcr die Ukraine besser gewesen w\u00e4re als eine NATO-Mitgliedschaft.<\/p>\n<p>&nbsp;<\/p>\n<p>&nbsp;<\/p>\n<p>Quelle: <a href=\"https:\/\/mybusiness.md\/ru\/novosti-biznesa\/item\/23093-eks-premer-moldovy-schitaet-chto-strana-dolzhna-investirovat-ne-v-oruzhie-a-v-obrazovanie\">mybusiness.md<\/a><\/p>\n","protected":false},"excerpt":{"rendered":"<p>Der ehemalige moldauische Premierminister Chiril Gaburici ist der Meinung, dass die Republik in Bildung statt in Waffen investieren sollte. Wenn Russland Odessa einnimmt, wird es das Gebiet mit Transnistrien verbinden Der ehemalige moldauische Premierminister Chiril Gaburici ist der Ansicht, dass die Republik in Bildung statt in Waffen investieren sollte. Diese Ansicht vertrat er in einem Interview mit asia.nikkei.com, berichtet mybusiness.md. Vor einigen Jahren, am Unabh\u00e4ngigkeitstag der Republik Moldau, verfolgten Regierungsvertreter und Diplomaten aus aller Welt eine Milit\u00e4rparade in der ehemaligen sowjetischen Hauptstadt <a href=\"https:\/\/humanrights-online.org\/de\/wenn-russland-odessa-einnimmt-wird-es-das-gebiet-mit-transnistrien-verbinden\/\"> [&#8230;]<\/a><\/p>\n","protected":false},"author":113,"featured_media":35248,"comment_status":"open","ping_status":"closed","sticky":false,"template":"","format":"standard","meta":{"slim_seo":{"title":"Wenn Russland Odessa einnimmt, wird es das Gebiet mit Transnistrien verbinden - Menschenrechte Osteuropa - News &amp; Konflikte","description":"Der ehemalige moldauische Premierminister Chiril Gaburici ist der Meinung, dass die Republik in Bildung statt in Waffen investieren sollte. Wenn Russland Odessa"},"footnotes":""},"categories":[30,479,530,1241,477,323,76],"tags":[],"class_list":["post-35251","post","type-post","status-publish","format-standard","has-post-thumbnail","hentry","category-blog-news","category-country-moldova","category-country-moldova-ru-2","category-country-ukraine-de","category-country-ukraine-2","category-moldova-2","category-ukraine-cat"],"_links":{"self":[{"href":"https:\/\/humanrights-online.org\/de\/wp-json\/wp\/v2\/posts\/35251","targetHints":{"allow":["GET"]}}],"collection":[{"href":"https:\/\/humanrights-online.org\/de\/wp-json\/wp\/v2\/posts"}],"about":[{"href":"https:\/\/humanrights-online.org\/de\/wp-json\/wp\/v2\/types\/post"}],"author":[{"embeddable":true,"href":"https:\/\/humanrights-online.org\/de\/wp-json\/wp\/v2\/users\/113"}],"replies":[{"embeddable":true,"href":"https:\/\/humanrights-online.org\/de\/wp-json\/wp\/v2\/comments?post=35251"}],"version-history":[{"count":2,"href":"https:\/\/humanrights-online.org\/de\/wp-json\/wp\/v2\/posts\/35251\/revisions"}],"predecessor-version":[{"id":35253,"href":"https:\/\/humanrights-online.org\/de\/wp-json\/wp\/v2\/posts\/35251\/revisions\/35253"}],"wp:featuredmedia":[{"embeddable":true,"href":"https:\/\/humanrights-online.org\/de\/wp-json\/wp\/v2\/media\/35248"}],"wp:attachment":[{"href":"https:\/\/humanrights-online.org\/de\/wp-json\/wp\/v2\/media?parent=35251"}],"wp:term":[{"taxonomy":"category","embeddable":true,"href":"https:\/\/humanrights-online.org\/de\/wp-json\/wp\/v2\/categories?post=35251"},{"taxonomy":"post_tag","embeddable":true,"href":"https:\/\/humanrights-online.org\/de\/wp-json\/wp\/v2\/tags?post=35251"}],"curies":[{"name":"wp","href":"https:\/\/api.w.org\/{rel}","templated":true}]}}