{"id":33053,"date":"2022-03-07T15:53:33","date_gmt":"2022-03-07T14:53:33","guid":{"rendered":"https:\/\/humanrights-online.org\/de\/postradavshie-dvazhdi-belarusi-spasautsia-nariadu-s-ukraintsami\/"},"modified":"2022-12-07T11:11:44","modified_gmt":"2022-12-07T10:11:44","slug":"igfm-humanitaere-hilfe-an-der-polnischen-grenze","status":"publish","type":"post","link":"https:\/\/humanrights-online.org\/de\/igfm-humanitaere-hilfe-an-der-polnischen-grenze\/","title":{"rendered":"IGFM humanit\u00e4re Hilfe an der polnischen Grenze"},"content":{"rendered":"<p><img decoding=\"async\" class=\"size-full wp-image-33050 aligncenter\" src=\"https:\/\/humanrights-online.org\/wp-content\/uploads\/2022\/03\/\u0441\u043e\u0431\u0430\u043a\u0430.jpg\" alt=\"\" width=\"700\" height=\"450\" srcset=\"https:\/\/humanrights-online.org\/wp-content\/uploads\/2022\/03\/\u0441\u043e\u0431\u0430\u043a\u0430-31x20.jpg 31w, https:\/\/humanrights-online.org\/wp-content\/uploads\/2022\/03\/\u0441\u043e\u0431\u0430\u043a\u0430-200x129.jpg 200w, https:\/\/humanrights-online.org\/wp-content\/uploads\/2022\/03\/\u0441\u043e\u0431\u0430\u043a\u0430-311x200.jpg 311w, https:\/\/humanrights-online.org\/wp-content\/uploads\/2022\/03\/\u0441\u043e\u0431\u0430\u043a\u0430-400x257.jpg 400w, https:\/\/humanrights-online.org\/wp-content\/uploads\/2022\/03\/\u0441\u043e\u0431\u0430\u043a\u0430-460x295.jpg 460w, https:\/\/humanrights-online.org\/wp-content\/uploads\/2022\/03\/\u0441\u043e\u0431\u0430\u043a\u0430-600x386.jpg 600w, https:\/\/humanrights-online.org\/wp-content\/uploads\/2022\/03\/\u0441\u043e\u0431\u0430\u043a\u0430.jpg 700w\" sizes=\"(max-width: 700px) 100vw, 700px\" \/><\/p>\n<h2 style=\"text-align: center;\"><strong>Leidgepr\u00fcft: Belarusinnen und Belarusen fl\u00fcchten mit Ukrainern<\/strong><\/h2>\n<p>&nbsp;<\/p>\n<h3>Wieder auf der Flucht: Exil-Belarusinnen und Belarusen in der Ukraine.<\/h3>\n<p>Alena ist Belarusin aus Gomel. Als im August 2020 die Proteste in Belarus begannen, unterst\u00fctzte sie diese aktiv. Alena ging zu allen Kundgebungen, half im Lager in der N\u00e4he des f\u00fcr seine Foltermethoden ber\u00fcchtigten Okrestina- Gef\u00e4ngnisses s\u00fcdwestlich von Minsk- sie machte Fahrdienste f\u00fcr Menschen, die freigelassen wurden, kaufte und brachte Essen, Wasser, Kleidung, half den Angeh\u00f6rigen der Inhaftierten bei der Suche nach ihren S\u00f6hnen und T\u00f6chtern, M\u00fcttern und V\u00e4tern, Br\u00fcdern und Schwestern.<\/p>\n<p>Alena wurde erstmals nach einer weiteren Kundgebung festgenommen und nach einem Prozess mit einer Geldstrafe von 25 staatlichen \u201eGrundeinheiten\u201c (1 Einheit entspricht ca. 10,- \u20ac) wieder freigelassen. Das zweite Mal wurde sie festgenommen, als sie das Haus eines Freundes verlie\u00df und in ihr Auto steigen wollte. Drei M\u00e4nner in Zivil gingen auf sie zu und zeigten ihr einen Durchsuchungsbefehl f\u00fcr die Wohnung. Sie setzten Alena in ein schwarzes Auto und fuhren zu ihr nach Hause. Sie weckten das Kind und stellten in der Wohnung \u00fcber eine Stunde lang alles auf den Kopf, um zu finden, was sie suchten. Und dann nahmen sie sie zum Verh\u00f6r mit.<\/p>\n<p>Nachdem Alena nach der Durchsuchung und dem Verh\u00f6r freigelassen worden war, fl\u00fcchtete sie aus Minsk nach Kiew. Kiew wurde f\u00fcr Alena zu einer zweiten Heimat. Es waren viele Belarusinnen und Belarusen dort. Dort wurde Alena mit Unterkunft und Dokumenten geholfen.<\/p>\n<p>Als bekannt wurde, dass der Krieg begonnen hatte, packte Alena ihre Sachen, nahm ihren Hund und reiste in den Westen der Ukraine. Sie war einige Zeit in Lemberg, dann ging sie weiter nach Luzk.<\/p>\n<p>\u201e<em>Ich dachte, ich w\u00fcrde einige Zeit dort bleiben und nach Kiew zur\u00fcckkehren\u201c.<\/em><\/p>\n<p>Doch dann wachte Alena von den Explosionen auf, die am anderen Ende der Stadt donnerten.<\/p>\n<p>Deshalb packte sie sehr schnell zusammen und machte sich auf den Weg zur Grenze nach Polen. In Warschau wohnte Alena bei einer belarusischen Familie, die wie sie ihr Heimatland aus politischen Gr\u00fcnden verlassen mussten. Sie haben Alena sehr gut aufgenommen. Und nachdem sie die Nacht bei ihnen verbracht hatte, ging sie zur\u00fcck an die Grenze, um im Fl\u00fcchtlingslager zu helfen.<\/p>\n<p>Erste Hilfe mit Lebensmitteln, Grundbedarf und Kleidung erhielt Alena im Lager f\u00fcr humanit\u00e4re Hilfe \u201ePOBATSCH.WARSCHAU\u201c, das von dem<\/p>\n<p>exilbelarusischen Verein \u201eUnser Haus\u201c (einer der gr\u00f6\u00dften exilbelarusischen Vereine in Litauen und neuerdings auch in Warschau, https:\/\/nash-dom.info\/77190)<\/p>\n<p>und der Initiativgruppe DAR (Exilbelarusische Aktivisten f\u00fcr Fluchthilfe, https:\/\/dar.belportal.live\/ ) organisiert wurde,<\/p>\n<p>die von der Deutschen Sektion der Internationalen Gesellschaft f\u00fcr Menschenrechte\/IGFM (menschenrechte.de, igfm.de, humanrights-online.de, ishr.org) unterst\u00fctzt werden.<\/p>\n<p>Mehr zur Zusammenarbeit von Unser Haus und IGFM <a href=\"https:\/\/nash--dom-info.translate.goog\/77322?_x_tr_sl=ru&amp;_x_tr_tl=de&amp;_x_tr_hl=de&amp;_x_tr_pto=sc\">hier<\/a><\/p>\n<p>&nbsp;<\/p>\n","protected":false},"excerpt":{"rendered":"<p>Leidgepr\u00fcft: Belarusinnen und Belarusen fl\u00fcchten mit Ukrainern &nbsp; Wieder auf der Flucht: Exil-Belarusinnen und Belarusen in der Ukraine. Alena ist Belarusin aus Gomel. Als im August 2020 die Proteste in Belarus begannen, unterst\u00fctzte sie diese aktiv. Alena ging zu allen Kundgebungen, half im Lager in der N\u00e4he des f\u00fcr seine Foltermethoden ber\u00fcchtigten Okrestina- Gef\u00e4ngnisses s\u00fcdwestlich von Minsk- sie machte Fahrdienste f\u00fcr Menschen, die freigelassen wurden, kaufte und brachte Essen, Wasser, Kleidung, half den Angeh\u00f6rigen der Inhaftierten bei der Suche nach ihren S\u00f6hnen <a href=\"https:\/\/humanrights-online.org\/de\/igfm-humanitaere-hilfe-an-der-polnischen-grenze\/\"> [&#8230;]<\/a><\/p>\n","protected":false},"author":121,"featured_media":33050,"comment_status":"open","ping_status":"closed","sticky":false,"template":"","format":"standard","meta":{"slim_seo":{"title":"IGFM humanit\u00e4re Hilfe an der polnischen Grenze - Menschenrechte Osteuropa - News &amp; Konflikte","description":"Leidgepr\u00fcft: Belarusinnen und Belarusen fl\u00fcchten mit Ukrainern &nbsp; Wieder auf der Flucht: Exil-Belarusinnen und Belarusen in der Ukraine. Alena ist Belarusin"},"footnotes":""},"categories":[73,484,30,551,552,480,477,1277,76,1],"tags":[485,1228,1227,1229,1173],"class_list":["post-33053","post","type-post","status-publish","format-standard","has-post-thumbnail","hentry","category-belarus-cat","category-belaeus-cat-en-2","category-blog-news","category-country-belarus-ru-2","category-country-belarus-en-2","category-country-belarus","category-country-ukraine-2","category-humanitaere-hilfe-in-der-ukraine","category-ukraine-cat","category-unkategorisiert","tag-belarus-2","tag-fluechtlinge","tag-krieg","tag-polen","tag-ukraine"],"_links":{"self":[{"href":"https:\/\/humanrights-online.org\/de\/wp-json\/wp\/v2\/posts\/33053","targetHints":{"allow":["GET"]}}],"collection":[{"href":"https:\/\/humanrights-online.org\/de\/wp-json\/wp\/v2\/posts"}],"about":[{"href":"https:\/\/humanrights-online.org\/de\/wp-json\/wp\/v2\/types\/post"}],"author":[{"embeddable":true,"href":"https:\/\/humanrights-online.org\/de\/wp-json\/wp\/v2\/users\/121"}],"replies":[{"embeddable":true,"href":"https:\/\/humanrights-online.org\/de\/wp-json\/wp\/v2\/comments?post=33053"}],"version-history":[{"count":5,"href":"https:\/\/humanrights-online.org\/de\/wp-json\/wp\/v2\/posts\/33053\/revisions"}],"predecessor-version":[{"id":33320,"href":"https:\/\/humanrights-online.org\/de\/wp-json\/wp\/v2\/posts\/33053\/revisions\/33320"}],"wp:featuredmedia":[{"embeddable":true,"href":"https:\/\/humanrights-online.org\/de\/wp-json\/wp\/v2\/media\/33050"}],"wp:attachment":[{"href":"https:\/\/humanrights-online.org\/de\/wp-json\/wp\/v2\/media?parent=33053"}],"wp:term":[{"taxonomy":"category","embeddable":true,"href":"https:\/\/humanrights-online.org\/de\/wp-json\/wp\/v2\/categories?post=33053"},{"taxonomy":"post_tag","embeddable":true,"href":"https:\/\/humanrights-online.org\/de\/wp-json\/wp\/v2\/tags?post=33053"}],"curies":[{"name":"wp","href":"https:\/\/api.w.org\/{rel}","templated":true}]}}