{"id":32257,"date":"2022-01-19T14:36:12","date_gmt":"2022-01-19T13:36:12","guid":{"rendered":"https:\/\/humanrights-online.org\/de\/armenian-pm-wins-case-against-armenia-in-strasbourg-court\/"},"modified":"2022-01-19T15:06:24","modified_gmt":"2022-01-19T14:06:24","slug":"der-armenische-premierminister-gewinnt-den-fall-gegen-armenien-vor-dem-strassburger-gericht","status":"publish","type":"post","link":"https:\/\/humanrights-online.org\/de\/der-armenische-premierminister-gewinnt-den-fall-gegen-armenien-vor-dem-strassburger-gericht\/","title":{"rendered":"Der armenische Premierminister gewinnt den Fall gegen Armenien vor dem Stra\u00dfburger Gericht"},"content":{"rendered":"<div class=\"col3\">\n<p class=\"artikel\"><span style=\"color: #ffffff;\"><span class=\"VIiyi\" lang=\"de\"><span class=\"JLqJ4b ChMk0b\" data-language-for-alternatives=\"de\" data-language-to-translate-into=\"en\" data-phrase-index=\"0\" data-number-of-phrases=\"1\">Der armenische Ministerpr\u00e4sident Nikol Paschinjan hat vor dem Europ\u00e4ischen Gerichtshof f\u00fcr Menschenrechte (EGMR) ein Verfahren gegen den armenischen Staat gewonnen, in dem er ein Jahrzehnt vor seiner Macht\u00fcbernahme inhaftiert war.<\/span><\/span> <\/span><\/p>\n<h1 class=\"wi-single-title\"><span class=\"VIiyi\" lang=\"de\"><span class=\"JLqJ4b ChMk0b\" data-language-for-alternatives=\"de\" data-language-to-translate-into=\"en\" data-phrase-index=\"0\" data-number-of-phrases=\"1\">Der armenische Premierminister gewinnt den Fall gegen Armenien vor dem Stra\u00dfburger Gericht<\/span><\/span><\/h1>\n<p class=\"intro\"><img decoding=\"async\" class=\" wp-image-32252 alignleft\" src=\"https:\/\/humanrights-online.org\/wp-content\/uploads\/2022\/01\/pashinyan.jpg\" alt=\"\" width=\"407\" height=\"229\" srcset=\"https:\/\/humanrights-online.org\/wp-content\/uploads\/2022\/01\/pashinyan-31x17.jpg 31w, https:\/\/humanrights-online.org\/wp-content\/uploads\/2022\/01\/pashinyan-200x113.jpg 200w, https:\/\/humanrights-online.org\/wp-content\/uploads\/2022\/01\/pashinyan-355x200.jpg 355w, https:\/\/humanrights-online.org\/wp-content\/uploads\/2022\/01\/pashinyan-400x225.jpg 400w, https:\/\/humanrights-online.org\/wp-content\/uploads\/2022\/01\/pashinyan-600x338.jpg 600w, https:\/\/humanrights-online.org\/wp-content\/uploads\/2022\/01\/pashinyan-768x432.jpg 768w, https:\/\/humanrights-online.org\/wp-content\/uploads\/2022\/01\/pashinyan-800x450.jpg 800w, https:\/\/humanrights-online.org\/wp-content\/uploads\/2022\/01\/pashinyan.jpg 940w\" sizes=\"(max-width: 407px) 100vw, 407px\" \/><\/p>\n<p><span class=\"VIiyi\" lang=\"de\"><span class=\"JLqJ4b ChMk0b\" data-language-for-alternatives=\"de\" data-language-to-translate-into=\"en\" data-phrase-index=\"0\" data-number-of-phrases=\"3\">Pashinyan verklagte Armenien im Jahr 2010 wegen seiner Verhaftung und Verurteilung nach dem t\u00f6dlichen Vorgehen gegen regierungsfeindliche Demonstranten im Jahr 2008.<\/span> <\/span><\/div>\n<div><\/div>\n<div class=\"col3\"><span class=\"VIiyi\" lang=\"de\"><span class=\"JLqJ4b ChMk0b\" data-language-for-alternatives=\"de\" data-language-to-translate-into=\"en\" data-phrase-index=\"2\" data-number-of-phrases=\"3\">Die Regierung Paschinjans als Beklagte in dem Fall \u00e4u\u00dferte sich vor Gericht nicht zu den Vorw\u00fcrfen des Ministerpr\u00e4sidenten.<\/span><\/span><br \/>\nIn an 18\u00a0January judgement, the ECHR <a href=\"https:\/\/hudoc.echr.coe.int\/eng?i=001-215138\">ruled<\/a> that the Armenian authorities had violated Pashinyan\u2019s rights to freedom of expression, peaceful assembly, and to liberty and security.<\/p>\n<p>Pashinyan did not demand any material compensation in his application..<\/p>\n<p>The state was represented in the case by Yeghisheh Kirakosyan, who was appointed as Armenia\u2019s representative to the ECHR by Pashinyan\u2019s government in 2018, after briefly serving as an advisor to the prime minister.<\/p>\n<p>The ruling was the latest in a series of judgements by the ECHR against Armenia over the 2008 crackdown over numerous violations of the European Convention on Human Rights.<\/p>\n<h3>A deadly crackdown on the opposition<\/h3>\n<p>Pashinyan was arrested in July 2009 on charges of attempting to \u2018overthrow constitutional order\u2019. He was sentenced to seven years in prison but was released in 2011 in a pardon marking the 20th anniversary of Armenia\u2019s independence.<\/p>\n<p>He was convicted for his role in supporting protests against the results of the 2008 presidential election, which saw Robert Kocharyan coming to power.<\/p>\n<p>At the time, Pashinyan was an opposition activist and the editor-in-chief of <i>Haykakan Zhamanak<\/i> (the Armenian Times).<\/p>\n<p>The protests were organised in late February by Armenia\u2019s first president, Levon Ter-Petrosyan, who lost to Kocharyan in what the opposition claimed were rigged elections.<\/p>\n<p>At least <a href=\"https:\/\/www.hrw.org\/report\/2009\/02\/25\/democracy-rocky-ground\/armenias-disputed-2008-presidential-election-post-election\">ten people died<\/a>, including two police officers, when the authorities dispersed the protests on 1 March 2008.<\/p>\n<p>After coming to power in 2018, Pashinyan revisited the events of 1\u00a0March. In July 2018, the authorities brought charges against Kocharyan and his allies under the same article used to arrest Pashinyan in 2009: overthrowing constitutional order.<\/p>\n<p>The charges against Kocharyan, who now leads the largest opposition party, were dismissed in March 2021 by Armenia\u2019s Constitutional Court.<\/p>\n<p>Source: <a href=\"https:\/\/oc-media.org\/armenian-pm-wins-case-against-armenia-in-strasbourg-court\/\" target=\"_blank\" rel=\"nofollow noopener\">oc-media.org<\/a><\/p>\n<\/div>\n","protected":false},"excerpt":{"rendered":"<p>Der armenische Ministerpr\u00e4sident Nikol Paschinjan hat vor dem Europ\u00e4ischen Gerichtshof f\u00fcr Menschenrechte (EGMR) ein Verfahren gegen den armenischen Staat gewonnen, in dem er ein Jahrzehnt vor seiner Macht\u00fcbernahme inhaftiert war. Der armenische Premierminister gewinnt den Fall gegen Armenien vor dem Stra\u00dfburger Gericht Pashinyan verklagte Armenien im Jahr 2010 wegen seiner Verhaftung und Verurteilung nach dem t\u00f6dlichen Vorgehen gegen regierungsfeindliche Demonstranten im Jahr 2008. Die Regierung Paschinjans als Beklagte in dem Fall \u00e4u\u00dferte sich vor Gericht nicht zu den Vorw\u00fcrfen des Ministerpr\u00e4sidenten. In <a href=\"https:\/\/humanrights-online.org\/de\/der-armenische-premierminister-gewinnt-den-fall-gegen-armenien-vor-dem-strassburger-gericht\/\"> [&#8230;]<\/a><\/p>\n","protected":false},"author":113,"featured_media":32252,"comment_status":"open","ping_status":"closed","sticky":false,"template":"","format":"standard","meta":{"slim_seo":{"title":"Der armenische Premierminister gewinnt den Fall gegen Armenien vor dem Stra\u00dfburger Gericht - Menschenrechte Osteuropa - News &amp; Konflikte","description":"Der armenische Ministerpr\u00e4sident Nikol Paschinjan hat vor dem Europ\u00e4ischen Gerichtshof f\u00fcr Menschenrechte (EGMR) ein Verfahren gegen den armenischen Staat gewon"},"footnotes":""},"categories":[74,30,472],"tags":[],"class_list":["post-32257","post","type-post","status-publish","format-standard","has-post-thumbnail","hentry","category-armenien-cat","category-blog-news","category-country-armenia-3"],"_links":{"self":[{"href":"https:\/\/humanrights-online.org\/de\/wp-json\/wp\/v2\/posts\/32257","targetHints":{"allow":["GET"]}}],"collection":[{"href":"https:\/\/humanrights-online.org\/de\/wp-json\/wp\/v2\/posts"}],"about":[{"href":"https:\/\/humanrights-online.org\/de\/wp-json\/wp\/v2\/types\/post"}],"author":[{"embeddable":true,"href":"https:\/\/humanrights-online.org\/de\/wp-json\/wp\/v2\/users\/113"}],"replies":[{"embeddable":true,"href":"https:\/\/humanrights-online.org\/de\/wp-json\/wp\/v2\/comments?post=32257"}],"version-history":[{"count":2,"href":"https:\/\/humanrights-online.org\/de\/wp-json\/wp\/v2\/posts\/32257\/revisions"}],"predecessor-version":[{"id":32259,"href":"https:\/\/humanrights-online.org\/de\/wp-json\/wp\/v2\/posts\/32257\/revisions\/32259"}],"wp:featuredmedia":[{"embeddable":true,"href":"https:\/\/humanrights-online.org\/de\/wp-json\/wp\/v2\/media\/32252"}],"wp:attachment":[{"href":"https:\/\/humanrights-online.org\/de\/wp-json\/wp\/v2\/media?parent=32257"}],"wp:term":[{"taxonomy":"category","embeddable":true,"href":"https:\/\/humanrights-online.org\/de\/wp-json\/wp\/v2\/categories?post=32257"},{"taxonomy":"post_tag","embeddable":true,"href":"https:\/\/humanrights-online.org\/de\/wp-json\/wp\/v2\/tags?post=32257"}],"curies":[{"name":"wp","href":"https:\/\/api.w.org\/{rel}","templated":true}]}}