{"id":20989,"date":"2019-09-20T14:46:33","date_gmt":"2019-09-20T12:46:33","guid":{"rendered":"https:\/\/humanrights-online.org\/de\/?p=20989"},"modified":"2021-11-26T10:44:58","modified_gmt":"2021-11-26T09:44:58","slug":"seminar-zu-falschmeldungen-in-gagausien-teil-2","status":"publish","type":"post","link":"https:\/\/humanrights-online.org\/de\/seminar-zu-falschmeldungen-in-gagausien-teil-2\/","title":{"rendered":"Seminar zu Falschmeldungen in Gagausien . Teil 2"},"content":{"rendered":"<h1 data-fontsize=\"34\" data-lineheight=\"40\"><strong>Seminar zu Falschmeldungen in Gagausien<\/strong>. <span class=\"tlid-translation translation\" lang=\"de\"><span class=\"\" title=\"\">Teil 2<\/span><\/span><\/h1>\n<p><strong><img decoding=\"async\" class=\"wp-image-20854 alignleft\" src=\"https:\/\/humanrights-online.org\/wp-content\/uploads\/2019\/11\/image004.jpg\" alt=\"\" width=\"488\" height=\"252\" srcset=\"https:\/\/humanrights-online.org\/wp-content\/uploads\/2019\/11\/image004-31x16.jpg 31w, https:\/\/humanrights-online.org\/wp-content\/uploads\/2019\/11\/image004-200x103.jpg 200w, https:\/\/humanrights-online.org\/wp-content\/uploads\/2019\/11\/image004-387x200.jpg 387w, https:\/\/humanrights-online.org\/wp-content\/uploads\/2019\/11\/image004-400x207.jpg 400w, https:\/\/humanrights-online.org\/wp-content\/uploads\/2019\/11\/image004-600x310.jpg 600w, https:\/\/humanrights-online.org\/wp-content\/uploads\/2019\/11\/image004-768x397.jpg 768w, https:\/\/humanrights-online.org\/wp-content\/uploads\/2019\/11\/image004.jpg 770w\" sizes=\"(max-width: 488px) 100vw, 488px\" \/><\/strong><\/p>\n<p><strong>Am 24. August veranstaltete die moldauische Abteilung der Internationalen Gesellschaft f\u00fcr Menschenrechte (IGFM) im Rahmen des internationalen Projekts &#8222;Massenmedien, Meinungsbildung, Menschenrechte&#8220; ein Schulungsseminar in Gagausien.<\/strong><\/p>\n<p>Das Thema \u201eVerbreitung der falschen Realit\u00e4t\u201c, das zur Grundlage des Vortrags der Referentin Natalia Smurgun wurde, wurde zum Anlass einer lebhaften Diskussion, die die Relevanz und Aktualit\u00e4t des diskutierten Problems verdeutlichte.<\/p>\n<p>Die Vortragende sprach \u00fcber die Situation, in der sich die Massenmedien in der Republik Moldau befanden. Zum gr\u00f6\u00dften Teil waren alle Massenmedien unter mehreren Klans aufgeteilt, die an der Macht waren. Nachrichtenportale fungierten nicht als Informanten, sondern als Kurialpropagandisten. Es wurden verschiedene Methoden zur Manipulation der \u00f6ffentlichen Meinung angewendet: Vorspiegelung falscher Tatsachen, Einsch\u00fcchterung, Rei\u00dfen einzelner Phrasen aus dem Zusammenhang, Ausschluss der alternativen Meinungen, Fehlen der Verweise auf Prim\u00e4rquellen, Mitteilung der Nachrichten im richtigen Zusammenhang. Auf solcher Weise wird der f\u00fcr die und jene politische Gruppe notwendige Standpunkt dem Publikum tats\u00e4chlich durch einen reibungslosen Mechanismus durch Fernsehprogramme, Zeitungen, Internetportale und soziale Netzwerke aufgen\u00f6tigt.<\/p>\n<p>Die Vortragende lieferte Beispiele f\u00fcr die Verbreitung der falschen Informationen in den moldauischen Massenmedien.<\/p>\n<p>&nbsp;<\/p>\n<div class=\"fusion-fullwidth fullwidth-box fusion-builder-row-1 hundred-percent-fullwidth non-hundred-percent-height-scrolling\" style=\"--awb-border-radius-top-left:0px;--awb-border-radius-top-right:0px;--awb-border-radius-bottom-right:0px;--awb-border-radius-bottom-left:0px;--awb-overflow:visible;--awb-flex-wrap:wrap;\" ><div class=\"fusion-builder-row fusion-row\"><div class=\"fusion-layout-column fusion_builder_column fusion-builder-column-0 fusion_builder_column_1_1 1_1 fusion-one-full fusion-column-first fusion-column-last fusion-column-no-min-height\" style=\"--awb-bg-size:cover;--awb-margin-bottom:0px;\"><div class=\"fusion-column-wrapper fusion-flex-column-wrapper-legacy\"><div id=\"attachment_20907\" style=\"width: 733px\" class=\"wp-caption aligncenter\"><img decoding=\"async\" aria-describedby=\"caption-attachment-20907\" class=\"wp-image-20907\" src=\"https:\/\/humanrights-online.org\/wp-content\/uploads\/2019\/11\/tukerberg_2-1024x616.jpg\" alt=\"\" width=\"723\" height=\"435\" srcset=\"https:\/\/humanrights-online.org\/wp-content\/uploads\/2019\/11\/tukerberg_2-31x19.jpg 31w, https:\/\/humanrights-online.org\/wp-content\/uploads\/2019\/11\/tukerberg_2-200x120.jpg 200w, https:\/\/humanrights-online.org\/wp-content\/uploads\/2019\/11\/tukerberg_2-332x200.jpg 332w, https:\/\/humanrights-online.org\/wp-content\/uploads\/2019\/11\/tukerberg_2-400x241.jpg 400w, https:\/\/humanrights-online.org\/wp-content\/uploads\/2019\/11\/tukerberg_2-600x361.jpg 600w, https:\/\/humanrights-online.org\/wp-content\/uploads\/2019\/11\/tukerberg_2-768x462.jpg 768w, https:\/\/humanrights-online.org\/wp-content\/uploads\/2019\/11\/tukerberg_2-800x482.jpg 800w, https:\/\/humanrights-online.org\/wp-content\/uploads\/2019\/11\/tukerberg_2-1024x616.jpg 1024w, https:\/\/humanrights-online.org\/wp-content\/uploads\/2019\/11\/tukerberg_2.jpg 1083w\" sizes=\"(max-width: 723px) 100vw, 723px\" \/><p id=\"caption-attachment-20907\" class=\"wp-caption-text\">Bild 1. Auf dem Nachrichtenportal kp.md wurden falschen Nachrichten \u00fcber Mark Zuckerbergs Absichten verbreitet.<\/p><\/div>\n<p>&nbsp;<\/p>\n<p>Dar\u00fcber hinaus ber\u00fchrte die Vortragende das Thema der Trollerei in sozialen Netzwerken. Das ist ein sehr gef\u00e4hrliches Ph\u00e4nomen, wenn ein als gew\u00f6hnlicher Benutzer getarnter Troll seine Meinung zu dem ver\u00f6ffentlichten Material nicht \u00e4u\u00dfert, sondern die Leser provoziert, indem er eine negative Reaktion hervorruft, oder die Konversationsteilnehmer vom Kern der Nachrichten ablenkt und die Konversation zu einem anderen Thema weiterleitet.<\/p>\n<p>Um der Gesellschaft den notwendigen Standpunkt aufzuzwingen, werden Trolle eingesetzt, um die notwendigen Informationen zu verbreiten oder Informationen in zahlreichen Fora und sozialen Netzwerken in der &#8222;richtigen&#8220; Perspektive zu liefern.<\/p>\n<p>&nbsp;<\/p>\n<div class=\"fusion-clearfix\"><\/div><\/div><\/div><div class=\"fusion-layout-column fusion_builder_column fusion-builder-column-1 fusion_builder_column_1_1 1_1 fusion-one-full fusion-column-first fusion-column-last fusion-column-no-min-height\" style=\"--awb-bg-size:cover;--awb-margin-bottom:0px;\"><div class=\"fusion-column-wrapper fusion-flex-column-wrapper-legacy\"><div id=\"attachment_20908\" style=\"width: 726px\" class=\"wp-caption aligncenter\"><img decoding=\"async\" aria-describedby=\"caption-attachment-20908\" class=\"wp-image-20908\" src=\"https:\/\/humanrights-online.org\/wp-content\/uploads\/2019\/11\/trolli_-1024x639.jpg\" alt=\"\" width=\"716\" height=\"447\" srcset=\"https:\/\/humanrights-online.org\/wp-content\/uploads\/2019\/11\/trolli_-31x19.jpg 31w, https:\/\/humanrights-online.org\/wp-content\/uploads\/2019\/11\/trolli_-200x125.jpg 200w, https:\/\/humanrights-online.org\/wp-content\/uploads\/2019\/11\/trolli_-320x200.jpg 320w, https:\/\/humanrights-online.org\/wp-content\/uploads\/2019\/11\/trolli_-400x250.jpg 400w, https:\/\/humanrights-online.org\/wp-content\/uploads\/2019\/11\/trolli_-600x375.jpg 600w, https:\/\/humanrights-online.org\/wp-content\/uploads\/2019\/11\/trolli_-768x479.jpg 768w, https:\/\/humanrights-online.org\/wp-content\/uploads\/2019\/11\/trolli_-800x499.jpg 800w, https:\/\/humanrights-online.org\/wp-content\/uploads\/2019\/11\/trolli_-1024x639.jpg 1024w, https:\/\/humanrights-online.org\/wp-content\/uploads\/2019\/11\/trolli_.jpg 1075w\" sizes=\"(max-width: 716px) 100vw, 716px\" \/><p id=\"caption-attachment-20908\" class=\"wp-caption-text\">Bild 2. Ein anschauliches Beispiel der Trollerei. Provokative Bemerkungen, Aussage nicht zum Thema, sondern zur Pers\u00f6nlichkeit des Gespr\u00e4chspartners.<\/p><\/div>\n<p>&nbsp;<\/p>\n<p>Nach der Pr\u00e4sentation des Berichts kam eine lebhafte Debatte in Fluss.<\/p>\n<p>Eine andere Diskussionsteilnehmerin, die Abgeordnete der gagausischen Volksversammlung, Ex-Direktorin des gagausischen Fernsehens Ecaterina Jecova, hob Folgendes hervor: \u201eOhne die langfristige Unterst\u00fctzung der Europ\u00e4ischen Union f\u00fcr moldauische Nichtregierungsorganisationen und Journalisten h\u00e4tten wir heute nicht gewusst, was unabh\u00e4ngige Massenmedien sind und was unabh\u00e4ngiger Journalismus ist. Und egal wie schwierig es f\u00fcr uns heute ist, m\u00fcssen wir Anstrengungen unternehmen, damit die zuk\u00fcnftigen Generationen noch informierter werden und bewusste Wahl treffen k\u00f6nnen. Heute m\u00fcssen wir die Programme und Aufgaben umsetzen, die unser Land noch entwickelter und offener machen. Und hier ist die Rolle der Nichtregierungsorganisationen sehr schwer zu \u00fcbersch\u00e4tzen. Der Entwicklungsprozess der Zivilgesellschaft muss fortgesetzt und intensiviert werden. Es ist sehr einfach, die Wahlen durchzuf\u00fchren und zu manipulieren, wenn die W\u00e4hlerschaft nicht sehr aufgekl\u00e4rt ist. Diese Leute sind sehr leicht zu t\u00e4uschen, es ist sehr leicht, ihnen etwas zu versprechen, die Hoffnung aufzuzwingen und diesem Versprechen nicht nachzukommen. Und eine aufgekl\u00e4rte Bev\u00f6lkerung ist bereits ein ernstes Hindernis f\u00fcr die F\u00f6rderung der Falschmeldungen\u201c.<\/p>\n<p>&nbsp;<\/p>\n<div class=\"fusion-clearfix\"><\/div><\/div><\/div><div class=\"fusion-layout-column fusion_builder_column fusion-builder-column-2 fusion_builder_column_1_1 1_1 fusion-one-full fusion-column-first fusion-column-last fusion-column-no-min-height\" style=\"--awb-bg-size:cover;--awb-margin-bottom:0px;\"><div class=\"fusion-column-wrapper fusion-flex-column-wrapper-legacy\"><div id=\"attachment_20910\" style=\"width: 760px\" class=\"wp-caption aligncenter\"><img decoding=\"async\" aria-describedby=\"caption-attachment-20910\" class=\"wp-image-20910 size-full\" src=\"https:\/\/humanrights-online.org\/wp-content\/uploads\/2019\/11\/avdarma_2.jpg\" alt=\"\" width=\"750\" height=\"411\" srcset=\"https:\/\/humanrights-online.org\/wp-content\/uploads\/2019\/11\/avdarma_2-31x17.jpg 31w, https:\/\/humanrights-online.org\/wp-content\/uploads\/2019\/11\/avdarma_2-200x110.jpg 200w, https:\/\/humanrights-online.org\/wp-content\/uploads\/2019\/11\/avdarma_2-365x200.jpg 365w, https:\/\/humanrights-online.org\/wp-content\/uploads\/2019\/11\/avdarma_2-400x219.jpg 400w, https:\/\/humanrights-online.org\/wp-content\/uploads\/2019\/11\/avdarma_2-600x329.jpg 600w, https:\/\/humanrights-online.org\/wp-content\/uploads\/2019\/11\/avdarma_2.jpg 750w\" sizes=\"(max-width: 750px) 100vw, 750px\" \/><p id=\"caption-attachment-20910\" class=\"wp-caption-text\"><span class=\"tlid-translation translation\" lang=\"en\"><span class=\"\" title=\"\"><span class=\"tlid-translation translation\" lang=\"de\">Foto 3. Diskussion des Berichts durch die Seminarteilnehmer<\/span><\/span><\/span><\/p><\/div>\n<p>&nbsp;<\/p>\n<p>So hat eine der Seminarteilnehmerinnen, die politische Strategin Elena Panus, uns dar\u00fcber erz\u00e4hlt, wie sie, indem sie die Aktivit\u00e4ten eines der moldauischen Fernsehkan\u00e4le beobachtete, der behauptete, unabh\u00e4ngig zu sein, eine gewisse Tendenz bei der Pr\u00e4sentation der Nachrichten bemerkte. Es werden in diesen Nachrichten bestimmte Akzente gesetzt, und die F\u00fchrung des Senders verbirgt ihre politischen Vorlieben nicht. Es werden &#8222;Ihre&#8220; Leute zu Diskussionen eingeladen, die die Fragen einer &#8222;selektiven&#8220; Ausrichtung diskutieren. Die Moderatoren sind auch nicht uneingenommen. Somit kann der Kanal kaum als unabh\u00e4ngig bezeichnet werden.<\/p>\n<p>Ein anderer Seminarteilnehmer, Serghei Butuc, stellvertretender Vorsitzender des Kreises Cantemir, bemerkte, dass: \u201edie heutige moldauische Gesellschaft sowohl ideologisch als auch geopolitisch gespalten ist. Ein Teil der moldauischen Gesellschaft blickt auf Europa und den europ\u00e4ischen Entwicklungsweg, w\u00e4hrend ein anderer Teil der Gesellschaft auf Russland blickt. Dar\u00fcber hinaus gibt es eine territoriale Aufteilung des Landes &#8211; Transnistrien bleibt weiterhin au\u00dferhalb der Zust\u00e4ndigkeit der moldauischen Beh\u00f6rden.<\/p>\n<p>Unter diesen Umst\u00e4nden ist es einfach, die \u00f6ffentliche Meinung zu manipulieren, mit Emotionen zu spielen und die Rhetorik des Hasses gegen einen hypothetischen Feind zu verwenden, und dadurch die moldauische Gesellschaft weiter spaltend.<\/p>\n<p>&nbsp;<\/p>\n<div class=\"fusion-clearfix\"><\/div><\/div><\/div><div class=\"fusion-layout-column fusion_builder_column fusion-builder-column-3 fusion_builder_column_1_1 1_1 fusion-one-full fusion-column-first fusion-column-last fusion-column-no-min-height\" style=\"--awb-bg-size:cover;--awb-margin-bottom:0px;\"><div class=\"fusion-column-wrapper fusion-flex-column-wrapper-legacy\"><div id=\"attachment_20911\" style=\"width: 760px\" class=\"wp-caption aligncenter\"><img decoding=\"async\" aria-describedby=\"caption-attachment-20911\" class=\"wp-image-20911\" src=\"https:\/\/humanrights-online.org\/wp-content\/uploads\/2019\/11\/avdarma_4.jpg\" alt=\"\" width=\"750\" height=\"424\" srcset=\"https:\/\/humanrights-online.org\/wp-content\/uploads\/2019\/11\/avdarma_4-31x18.jpg 31w, https:\/\/humanrights-online.org\/wp-content\/uploads\/2019\/11\/avdarma_4-200x113.jpg 200w, https:\/\/humanrights-online.org\/wp-content\/uploads\/2019\/11\/avdarma_4-354x200.jpg 354w, https:\/\/humanrights-online.org\/wp-content\/uploads\/2019\/11\/avdarma_4-400x226.jpg 400w, https:\/\/humanrights-online.org\/wp-content\/uploads\/2019\/11\/avdarma_4-600x339.jpg 600w, https:\/\/humanrights-online.org\/wp-content\/uploads\/2019\/11\/avdarma_4-768x434.jpg 768w, https:\/\/humanrights-online.org\/wp-content\/uploads\/2019\/11\/avdarma_4-800x452.jpg 800w, https:\/\/humanrights-online.org\/wp-content\/uploads\/2019\/11\/avdarma_4.jpg 966w\" sizes=\"(max-width: 750px) 100vw, 750px\" \/><p id=\"caption-attachment-20911\" class=\"wp-caption-text\"><span class=\"tlid-translation translation\" lang=\"en\"><span class=\"\" title=\"\"><span class=\"tlid-translation translation\" lang=\"de\">Foto 5. Rede des Referenten an die Teilnehmer<\/span><\/span><\/span><\/p><\/div>\n<p>&nbsp;<\/p>\n<p>Der Seminarteilnehmer, der B\u00fcrgermeister von Basarabeasca, Valentin Cimpoies, glaubt, dass &#8222;die Republik Moldau momentan in der Zeit der Verlierer lebt, die die Macht im Land ergriffen haben&#8220;. Er gab ein Beispiel, wie eine Person, die noch nicht einmal die Schule beendet hatte, der Vorsitzende des Kreises wurde. Diese Person war erfolgreich, ohne etwas f\u00fcr die Bewohner seiner Region zu tun, vier Jahre lang damit besch\u00e4ftigt, seine Konkurrenten zu verunglimpfen, indem er soziale Netzwerke nutzte, seine Interessen zu f\u00f6rdern und zu verteidigen.<\/p>\n<p>\u201eDie heutigen Politiker brauchen keine aufgekl\u00e4rten Leute, da sie schwer zu manipulieren sind. Die skrupellosen Politiker setzen Falschmeldungen und Desinformationen geschickt ein \u201c, sagte Cimpoies.<\/p>\n<p>Alle Seminarteilnehmer hoben eine gute Materialauswahl und eine gr\u00fcndliche Analyse des aufgegriffenen Themas hervor. Die Zuh\u00f6rer betonten, dass das \u00fcber die Falschmeldungen, Trolle und Meinungsmanipulationen in sozialen Netzwerken gewonnene Wissen f\u00fcr sie sehr n\u00fctzlich ist und in ihrer zuk\u00fcnftigen Arbeit von Nutzen sein wird.<\/p>\n<p>Sie haben auch der Internationalen Gesellschaft f\u00fcr Menschenrechte (IGFM) vorgeschlagen, k\u00fcnftig \u00e4hnliche Schulungsseminare f\u00fcr Sch\u00fcler der oberen Klassen und Studenten in Gagausien abzuhalten, da die Jugendlichen die aktivsten Verbraucher des Contents in sozialen Netzwerken sind.<\/p>\n<p>&nbsp;<\/p>\n<p>#CivilSocietyCooperation<div class=\"fusion-clearfix\"><\/div><\/div><\/div><\/div><\/div>\n","protected":false},"excerpt":{"rendered":"<p>Seminar zu Falschmeldungen in Gagausien. Teil 2 Am 24. August veranstaltete die moldauische Abteilung der Internationalen Gesellschaft f\u00fcr Menschenrechte (IGFM) im Rahmen des internationalen Projekts &#8222;Massenmedien, Meinungsbildung, Menschenrechte&#8220; ein Schulungsseminar in Gagausien. Das Thema \u201eVerbreitung der falschen Realit\u00e4t\u201c, das zur Grundlage des Vortrags der Referentin Natalia Smurgun wurde, wurde zum Anlass einer lebhaften Diskussion, die die Relevanz und Aktualit\u00e4t des diskutierten Problems verdeutlichte. Die Vortragende sprach \u00fcber die Situation, in der sich die Massenmedien in der Republik Moldau befanden. Zum gr\u00f6\u00dften Teil <a href=\"https:\/\/humanrights-online.org\/de\/seminar-zu-falschmeldungen-in-gagausien-teil-2\/\"> [&#8230;]<\/a><\/p>\n","protected":false},"author":113,"featured_media":20854,"comment_status":"open","ping_status":"closed","sticky":false,"template":"","format":"standard","meta":{"slim_seo":{"title":"Seminar zu Falschmeldungen in Gagausien . Teil 2 - Menschenrechte Osteuropa - News &amp; Konflikte","description":"Seminar zu Falschmeldungen in Gagausien . Teil 2 Am 24. August veranstaltete die moldauische Abteilung der Internationalen Gesellschaft f\u00fcr Menschenrechte (IGFM"},"footnotes":""},"categories":[30,479,530,549,71,323,216,1],"tags":[823,852],"class_list":["post-20989","post","type-post","status-publish","format-standard","has-post-thumbnail","hentry","category-blog-news","category-country-moldova","category-country-moldova-ru-2","category-country-moldova-en-2","category-moldawien-cat","category-moldova-2","category-standard","category-unkategorisiert","tag-civilsocietycooperation","tag-civilsocietycooperation-de"],"_links":{"self":[{"href":"https:\/\/humanrights-online.org\/de\/wp-json\/wp\/v2\/posts\/20989","targetHints":{"allow":["GET"]}}],"collection":[{"href":"https:\/\/humanrights-online.org\/de\/wp-json\/wp\/v2\/posts"}],"about":[{"href":"https:\/\/humanrights-online.org\/de\/wp-json\/wp\/v2\/types\/post"}],"author":[{"embeddable":true,"href":"https:\/\/humanrights-online.org\/de\/wp-json\/wp\/v2\/users\/113"}],"replies":[{"embeddable":true,"href":"https:\/\/humanrights-online.org\/de\/wp-json\/wp\/v2\/comments?post=20989"}],"version-history":[{"count":3,"href":"https:\/\/humanrights-online.org\/de\/wp-json\/wp\/v2\/posts\/20989\/revisions"}],"predecessor-version":[{"id":29010,"href":"https:\/\/humanrights-online.org\/de\/wp-json\/wp\/v2\/posts\/20989\/revisions\/29010"}],"wp:featuredmedia":[{"embeddable":true,"href":"https:\/\/humanrights-online.org\/de\/wp-json\/wp\/v2\/media\/20854"}],"wp:attachment":[{"href":"https:\/\/humanrights-online.org\/de\/wp-json\/wp\/v2\/media?parent=20989"}],"wp:term":[{"taxonomy":"category","embeddable":true,"href":"https:\/\/humanrights-online.org\/de\/wp-json\/wp\/v2\/categories?post=20989"},{"taxonomy":"post_tag","embeddable":true,"href":"https:\/\/humanrights-online.org\/de\/wp-json\/wp\/v2\/tags?post=20989"}],"curies":[{"name":"wp","href":"https:\/\/api.w.org\/{rel}","templated":true}]}}