{"id":19198,"date":"2019-08-16T11:35:45","date_gmt":"2019-08-16T09:35:45","guid":{"rendered":"https:\/\/humanrights-online.org\/de\/?p=19198"},"modified":"2021-11-26T10:45:09","modified_gmt":"2021-11-26T09:45:09","slug":"v-kishineve-10-avgusta-2019-proshyol-interakti","status":"publish","type":"post","link":"https:\/\/humanrights-online.org\/de\/v-kishineve-10-avgusta-2019-proshyol-interakti\/","title":{"rendered":"Lebhaftes Interesse am Thema Desinformation in Chisniau, Moldau"},"content":{"rendered":"<h1><\/h1>\n<h1>Lebhaftes Interesse am Thema Desinformation in Chisniau, Moldau<\/h1>\n<div class=\"fusion-fullwidth fullwidth-box fusion-builder-row-1 hundred-percent-fullwidth non-hundred-percent-height-scrolling\" style=\"--awb-border-radius-top-left:0px;--awb-border-radius-top-right:0px;--awb-border-radius-bottom-right:0px;--awb-border-radius-bottom-left:0px;--awb-overflow:visible;--awb-flex-wrap:wrap;\" ><div class=\"fusion-builder-row fusion-row\"><div class=\"fusion-layout-column fusion_builder_column fusion-builder-column-0 fusion_builder_column_1_1 1_1 fusion-one-full fusion-column-first fusion-column-last fusion-column-no-min-height\" style=\"--awb-bg-size:cover;--awb-margin-bottom:0px;\"><div class=\"fusion-column-wrapper fusion-flex-column-wrapper-legacy\"><div id=\"attachment_19199\" style=\"width: 1015px\" class=\"wp-caption aligncenter\"><img decoding=\"async\" aria-describedby=\"caption-attachment-19199\" class=\"wp-image-19199 size-full\" src=\"https:\/\/humanrights-online.org\/wp-content\/uploads\/2019\/08\/kichinev_1.jpg\" alt=\"\" width=\"1005\" height=\"346\" srcset=\"https:\/\/humanrights-online.org\/wp-content\/uploads\/2019\/08\/kichinev_1-31x11.jpg 31w, https:\/\/humanrights-online.org\/wp-content\/uploads\/2019\/08\/kichinev_1-200x69.jpg 200w, https:\/\/humanrights-online.org\/wp-content\/uploads\/2019\/08\/kichinev_1-400x138.jpg 400w, https:\/\/humanrights-online.org\/wp-content\/uploads\/2019\/08\/kichinev_1-405x139.jpg 405w, https:\/\/humanrights-online.org\/wp-content\/uploads\/2019\/08\/kichinev_1-600x207.jpg 600w, https:\/\/humanrights-online.org\/wp-content\/uploads\/2019\/08\/kichinev_1-768x264.jpg 768w, https:\/\/humanrights-online.org\/wp-content\/uploads\/2019\/08\/kichinev_1-800x275.jpg 800w, https:\/\/humanrights-online.org\/wp-content\/uploads\/2019\/08\/kichinev_1.jpg 1005w\" sizes=\"(max-width: 1005px) 100vw, 1005px\" \/><p id=\"caption-attachment-19199\" class=\"wp-caption-text\">Foto 1. IGFM-MS. Seminar \u201eDesinformation durch die Medien: wie erkennt man sie und wie geht man damit um\u201c. Chisinau. 10.08.2019<\/p><\/div>\n<p>Am 10. August wurde im Rahmen des Projekts \u201cMedien, Meinungsmache, Menschenrechte in den L\u00e4ndern der \u00d6stlichen Partnerschaft und Russland\u201d das erste interaktive Seminar \u201eDesinformation in den Medien: wie erkennt man sie und wie geht man damit um\u201c im Konferenzzentrum \u201eSummit\u201c durchgef\u00fchrt. Dieses Projekt wird durch die nationalen Sektionen der Internationalen Gesellschaft f\u00fcr Menschenrechte mit Unterst\u00fctzung des Deutschen Ausw\u00e4rtigen Amtes realisiert.<\/p>\n<p>Das Seminar in Chisinau hat die Moldauische Sektion der IGFM organisiert.<\/p>\n<p>Am Seminar nahmen bekannte moldauische Politiker, Wissenschaftler, Juristen, unabh\u00e4ngige Journalisten und Vertreter der Zivilgesellschaft teil.<\/p>\n<p>&nbsp;<\/p>\n<div class=\"fusion-clearfix\"><\/div><\/div><\/div><div class=\"fusion-layout-column fusion_builder_column fusion-builder-column-1 fusion_builder_column_1_1 1_1 fusion-one-full fusion-column-first fusion-column-last fusion-column-no-min-height\" style=\"--awb-bg-size:cover;--awb-margin-bottom:0px;\"><div class=\"fusion-column-wrapper fusion-flex-column-wrapper-legacy\"><div id=\"attachment_19200\" style=\"width: 725px\" class=\"wp-caption aligncenter\"><img decoding=\"async\" aria-describedby=\"caption-attachment-19200\" class=\"wp-image-19200 size-full\" src=\"https:\/\/humanrights-online.org\/wp-content\/uploads\/2019\/08\/kichinev_1_2.jpg\" alt=\"\" width=\"715\" height=\"467\" srcset=\"https:\/\/humanrights-online.org\/wp-content\/uploads\/2019\/08\/kichinev_1_2-31x20.jpg 31w, https:\/\/humanrights-online.org\/wp-content\/uploads\/2019\/08\/kichinev_1_2-200x131.jpg 200w, https:\/\/humanrights-online.org\/wp-content\/uploads\/2019\/08\/kichinev_1_2-306x200.jpg 306w, https:\/\/humanrights-online.org\/wp-content\/uploads\/2019\/08\/kichinev_1_2-400x261.jpg 400w, https:\/\/humanrights-online.org\/wp-content\/uploads\/2019\/08\/kichinev_1_2-600x392.jpg 600w, https:\/\/humanrights-online.org\/wp-content\/uploads\/2019\/08\/kichinev_1_2.jpg 715w\" sizes=\"(max-width: 715px) 100vw, 715px\" \/><p id=\"caption-attachment-19200\" class=\"wp-caption-text\">Foto 2. IGFM-Moldau. Die bekannte Journalistin Natalia Smurgun referiert zu Thema.<\/p><\/div>\n<p>Eine der bekanntesten Journalistinnen Moldaus, Natalia Smurgun, referierte zum Thema. Ihr Vortrag weckte gro\u00dfes Interesse bei den Teilnehmern.<\/p>\n<p>In ihrer Pr\u00e4sentation hatte sich die Referentin mit den wichtigsten Themen der medialen Welt befasst. Sie f\u00fchrte Beispiele f\u00fcr Desinformation und Meinungsmanipulation sowohl aus westlichen als auch aus \u00f6stlichen L\u00e4ndern auf. Insbesondere zeigte sie Beispiele der Desinformation durch moldauische Medien auf.<\/p>\n<p>Sie stellte fest, dass\u00a0 soziale Netzwerke und Medien-Ressourcen leider kein Zugang zu transparenten und gepr\u00fcften Quellen seien. Durch die Flut von Fakten, deren vielf\u00e4ltiger Wiedergabeformen und der Unm\u00f6glichkeit, diese auf Verl\u00e4sslichkeit und Unabh\u00e4ngigkeit ihrer Quellen hin zu \u00fcberpr\u00fcfen, habe allein die Bedeutung des Wortes &#8222;Verl\u00e4sslichkeit&#8220; an Wert verloren.<\/p>\n<p>&nbsp;<\/p>\n<p><img decoding=\"async\" class=\"size-full wp-image-19201 aligncenter\" src=\"https:\/\/humanrights-online.org\/wp-content\/uploads\/2019\/08\/kichinev_1_3.jpg\" alt=\"\" width=\"715\" height=\"467\" srcset=\"https:\/\/humanrights-online.org\/wp-content\/uploads\/2019\/08\/kichinev_1_3-31x20.jpg 31w, https:\/\/humanrights-online.org\/wp-content\/uploads\/2019\/08\/kichinev_1_3-200x131.jpg 200w, https:\/\/humanrights-online.org\/wp-content\/uploads\/2019\/08\/kichinev_1_3-306x200.jpg 306w, https:\/\/humanrights-online.org\/wp-content\/uploads\/2019\/08\/kichinev_1_3-400x261.jpg 400w, https:\/\/humanrights-online.org\/wp-content\/uploads\/2019\/08\/kichinev_1_3-600x392.jpg 600w, https:\/\/humanrights-online.org\/wp-content\/uploads\/2019\/08\/kichinev_1_3.jpg 715w\" sizes=\"(max-width: 715px) 100vw, 715px\" \/><\/p>\n<div class=\"fusion-clearfix\"><\/div><\/div><\/div><div class=\"fusion-layout-column fusion_builder_column fusion-builder-column-2 fusion_builder_column_1_1 1_1 fusion-one-full fusion-column-first fusion-column-last fusion-column-no-min-height\" style=\"--awb-bg-size:cover;--awb-margin-bottom:0px;\"><div class=\"fusion-column-wrapper fusion-flex-column-wrapper-legacy\"><div id=\"attachment_19202\" style=\"width: 725px\" class=\"wp-caption aligncenter\"><img decoding=\"async\" aria-describedby=\"caption-attachment-19202\" class=\"wp-image-19202 size-full\" src=\"https:\/\/humanrights-online.org\/wp-content\/uploads\/2019\/08\/kichinev_1_4.jpg\" alt=\"\" width=\"715\" height=\"467\" srcset=\"https:\/\/humanrights-online.org\/wp-content\/uploads\/2019\/08\/kichinev_1_4-31x20.jpg 31w, https:\/\/humanrights-online.org\/wp-content\/uploads\/2019\/08\/kichinev_1_4-200x131.jpg 200w, https:\/\/humanrights-online.org\/wp-content\/uploads\/2019\/08\/kichinev_1_4-306x200.jpg 306w, https:\/\/humanrights-online.org\/wp-content\/uploads\/2019\/08\/kichinev_1_4-400x261.jpg 400w, https:\/\/humanrights-online.org\/wp-content\/uploads\/2019\/08\/kichinev_1_4-600x392.jpg 600w, https:\/\/humanrights-online.org\/wp-content\/uploads\/2019\/08\/kichinev_1_4.jpg 715w\" sizes=\"(max-width: 715px) 100vw, 715px\" \/><p id=\"caption-attachment-19202\" class=\"wp-caption-text\">Foto 3. IGFM-MS. Desinformation, kein leichtes Thema<\/p><\/div>\n<p>Die Pr\u00e4sentation rief eine lebhafte Diskussion unter den Seminarteilnehmern\u00a0 hervor, in der viele Beispiele aus dem Alltag zutage traten.<\/p>\n<p>Es wurde angef\u00fchrt, dass Journalisten eigentlich dazu verpflichtet seien, objektiv zu berichten.<\/p>\n<p>Sehr viel h\u00e4nge jedoch von der Redaktion ab, beziehungsweise vom Eigent\u00fcmer des Mediums. So wurden konkrete Beispiele von Journalisten angef\u00fchrt, die ihre Berichte nicht ver\u00f6ffentlichen durften, weil sie den Eigent\u00fcmern nicht passten.<\/p>\n<p>Besonders auff\u00e4llig sei dies im politischen Bereich. So sei laut Untersuchsergebnissen in Moldau in den ersten drei Monaten d.J. die Anzahl der F\u00e4lle von Aufrufen zu Hass, Gewalt oder Diskriminierung, in der Medienwelt um 83% angestiegen.<\/p>\n<p>In diesem Zusammenhang wurde lebhaft dar\u00fcber diskutiert, wie man sich gegen diejenigen wehren kann, die solche Falschinformationen verbreiten und was jemand tun kann, der ihnen ausgesetzt war.<\/p>\n<p>Eine der Teilnehmerinnen, eine bekannte moldauische Juristin, antwortete auf diese Frage und f\u00fchrte erfolgreiche Gerichtsbeschl\u00fcsse solcher F\u00e4lle auf.\u00a0 Die Praxis zeige aber, dass die Menschen, aufgrund des mangelnden Vertrauens, nur selten den Gerichtsweg nutzen. Dies gilt insbesondere f\u00fcr Moldawien, wo das Vertrauen in die Justiz \u00e4u\u00dferst gering ist oder die Verursacher sich au\u00dferhalb des Landes befinden. In solchen F\u00e4llen ben\u00f6tigt es der Unterst\u00fctzung durch internationale Strukturen.<\/p>\n<p>&nbsp;<\/p>\n<div class=\"fusion-clearfix\"><\/div><\/div><\/div><div class=\"fusion-layout-column fusion_builder_column fusion-builder-column-3 fusion_builder_column_1_1 1_1 fusion-one-full fusion-column-first fusion-column-last fusion-column-no-min-height\" style=\"--awb-bg-size:cover;--awb-margin-bottom:0px;\"><div class=\"fusion-column-wrapper fusion-flex-column-wrapper-legacy\"><div id=\"attachment_19203\" style=\"width: 725px\" class=\"wp-caption aligncenter\"><img decoding=\"async\" aria-describedby=\"caption-attachment-19203\" class=\"wp-image-19203 size-full\" src=\"https:\/\/humanrights-online.org\/wp-content\/uploads\/2019\/08\/kichinev_1_5.jpg\" alt=\"\" width=\"715\" height=\"467\" srcset=\"https:\/\/humanrights-online.org\/wp-content\/uploads\/2019\/08\/kichinev_1_5-31x20.jpg 31w, https:\/\/humanrights-online.org\/wp-content\/uploads\/2019\/08\/kichinev_1_5-200x131.jpg 200w, https:\/\/humanrights-online.org\/wp-content\/uploads\/2019\/08\/kichinev_1_5-306x200.jpg 306w, https:\/\/humanrights-online.org\/wp-content\/uploads\/2019\/08\/kichinev_1_5-400x261.jpg 400w, https:\/\/humanrights-online.org\/wp-content\/uploads\/2019\/08\/kichinev_1_5-600x392.jpg 600w, https:\/\/humanrights-online.org\/wp-content\/uploads\/2019\/08\/kichinev_1_5.jpg 715w\" sizes=\"(max-width: 715px) 100vw, 715px\" \/><p id=\"caption-attachment-19203\" class=\"wp-caption-text\">Foto 5. IGFM-MS. Der Moderator des Seminars G. Kaunov stellt die Website Humanrights-Online vor<\/p><\/div>\n<p>Gennadij Kaunov, Moderator hier in Moldau und Projektassistent in allen \u00d6PR-L\u00e4ndern, stellte die Website Humanrights-Online vor und bot den Teilnehmern an, hier Informationen zum Thema einsetzen zu k\u00f6nnen.<\/p>\n<p>Kaunov berichtete \u00fcber die Seminare in den anderen \u00d6PR-L\u00e4ndern, die er in seiner Projektfunktion schon alle besucht hatte. Er legte besondere Aufmerksamkeit auf das so verbreitete Problem der Hetzrede in den Online-Communities, die sich negativ auf die Gesellschaft als Ganzes auswirke.<\/p>\n<p>Es wurde festgehalten, dass Internet und soziale Netzwerke m\u00e4chtige Instrumente sind, die wir, die gesellschaftlichen Akteure, Journalisten und Politiker nutzen sollten, um eine friedliche, demokratische, b\u00fcrgerliche Gesellschaft aufzubauen.<\/p>\n<div class=\"fusion-clearfix\"><\/div><\/div><\/div><div class=\"fusion-layout-column fusion_builder_column fusion-builder-column-4 fusion_builder_column_1_1 1_1 fusion-one-full fusion-column-first fusion-column-last fusion-column-no-min-height\" style=\"--awb-bg-size:cover;--awb-margin-bottom:0px;\"><div class=\"fusion-column-wrapper fusion-flex-column-wrapper-legacy\"><div id=\"attachment_19204\" style=\"width: 805px\" class=\"wp-caption aligncenter\"><img decoding=\"async\" aria-describedby=\"caption-attachment-19204\" class=\"wp-image-19204 size-full\" src=\"https:\/\/humanrights-online.org\/wp-content\/uploads\/2019\/08\/kichinev_1_6.jpg\" alt=\"\" width=\"795\" height=\"399\" srcset=\"https:\/\/humanrights-online.org\/wp-content\/uploads\/2019\/08\/kichinev_1_6-31x16.jpg 31w, https:\/\/humanrights-online.org\/wp-content\/uploads\/2019\/08\/kichinev_1_6-200x100.jpg 200w, https:\/\/humanrights-online.org\/wp-content\/uploads\/2019\/08\/kichinev_1_6-398x200.jpg 398w, https:\/\/humanrights-online.org\/wp-content\/uploads\/2019\/08\/kichinev_1_6-400x201.jpg 400w, https:\/\/humanrights-online.org\/wp-content\/uploads\/2019\/08\/kichinev_1_6-540x272.jpg 540w, https:\/\/humanrights-online.org\/wp-content\/uploads\/2019\/08\/kichinev_1_6-600x301.jpg 600w, https:\/\/humanrights-online.org\/wp-content\/uploads\/2019\/08\/kichinev_1_6-768x385.jpg 768w, https:\/\/humanrights-online.org\/wp-content\/uploads\/2019\/08\/kichinev_1_6.jpg 795w\" sizes=\"(max-width: 795px) 100vw, 795px\" \/><p id=\"caption-attachment-19204\" class=\"wp-caption-text\">Foto 6. IGFM-MS. Die Teilnehmer haben viel Information zu verarbeiten.<\/p><\/div>\n<p>Abschlie\u00dfend bedankten sich die Seminarteilnehmer f\u00fcr den enormen Input, den sie pers\u00f6nlich und in ihren Arbeitsfeldern gut verwenden k\u00f6nnten.<\/p>\n<p>#CivilSocietyCooperation<div class=\"fusion-clearfix\"><\/div><\/div><\/div><\/div><\/div>\n","protected":false},"excerpt":{"rendered":"<p>Lebhaftes Interesse am Thema Desinformation in Chisniau, Moldau<\/p>\n","protected":false},"author":113,"featured_media":19200,"comment_status":"open","ping_status":"closed","sticky":false,"template":"","format":"standard","meta":{"slim_seo":{"title":"Lebhaftes Interesse am Thema Desinformation in Chisniau, Moldau - Menschenrechte Osteuropa - News &amp; Konflikte","description":"Lebhaftes Interesse am Thema Desinformation in Chisniau, Moldau Foto 1. IGFM-MS. Seminar \u201eDesinformation durch die Medien: wie erkennt man sie und wie geht man"},"footnotes":""},"categories":[30,479,530,549,71,323,216],"tags":[823,852,390,661,856],"class_list":["post-19198","post","type-post","status-publish","format-standard","has-post-thumbnail","hentry","category-blog-news","category-country-moldova","category-country-moldova-ru-2","category-country-moldova-en-2","category-moldawien-cat","category-moldova-2","category-standard","tag-civilsocietycooperation","tag-civilsocietycooperation-de","tag-human-rights","tag-human-rights-2","tag-moldavien"],"_links":{"self":[{"href":"https:\/\/humanrights-online.org\/de\/wp-json\/wp\/v2\/posts\/19198","targetHints":{"allow":["GET"]}}],"collection":[{"href":"https:\/\/humanrights-online.org\/de\/wp-json\/wp\/v2\/posts"}],"about":[{"href":"https:\/\/humanrights-online.org\/de\/wp-json\/wp\/v2\/types\/post"}],"author":[{"embeddable":true,"href":"https:\/\/humanrights-online.org\/de\/wp-json\/wp\/v2\/users\/113"}],"replies":[{"embeddable":true,"href":"https:\/\/humanrights-online.org\/de\/wp-json\/wp\/v2\/comments?post=19198"}],"version-history":[{"count":12,"href":"https:\/\/humanrights-online.org\/de\/wp-json\/wp\/v2\/posts\/19198\/revisions"}],"predecessor-version":[{"id":29070,"href":"https:\/\/humanrights-online.org\/de\/wp-json\/wp\/v2\/posts\/19198\/revisions\/29070"}],"wp:featuredmedia":[{"embeddable":true,"href":"https:\/\/humanrights-online.org\/de\/wp-json\/wp\/v2\/media\/19200"}],"wp:attachment":[{"href":"https:\/\/humanrights-online.org\/de\/wp-json\/wp\/v2\/media?parent=19198"}],"wp:term":[{"taxonomy":"category","embeddable":true,"href":"https:\/\/humanrights-online.org\/de\/wp-json\/wp\/v2\/categories?post=19198"},{"taxonomy":"post_tag","embeddable":true,"href":"https:\/\/humanrights-online.org\/de\/wp-json\/wp\/v2\/tags?post=19198"}],"curies":[{"name":"wp","href":"https:\/\/api.w.org\/{rel}","templated":true}]}}