{"id":18968,"date":"2019-08-12T09:31:44","date_gmt":"2019-08-12T07:31:44","guid":{"rendered":"https:\/\/humanrights-online.org\/de\/meeting_bmz_10-08-19\/"},"modified":"2021-11-26T10:45:11","modified_gmt":"2021-11-26T09:45:11","slug":"meeting_bmz_10-08-19","status":"publish","type":"post","link":"https:\/\/humanrights-online.org\/de\/meeting_bmz_10-08-19\/","title":{"rendered":"Start-up f\u00fcr die St\u00e4rkung des Rechtsstaats in der Ukraine"},"content":{"rendered":"<div class=\"fusion-fullwidth fullwidth-box fusion-builder-row-1 hundred-percent-fullwidth non-hundred-percent-height-scrolling\" style=\"--awb-border-radius-top-left:0px;--awb-border-radius-top-right:0px;--awb-border-radius-bottom-right:0px;--awb-border-radius-bottom-left:0px;--awb-overflow:visible;--awb-flex-wrap:wrap;\" ><div class=\"fusion-builder-row fusion-row\"><div class=\"fusion-layout-column fusion_builder_column fusion-builder-column-0 fusion_builder_column_1_1 1_1 fusion-one-full fusion-column-first fusion-column-last\" style=\"--awb-bg-size:cover;--awb-margin-top:20px;\"><div class=\"fusion-column-wrapper fusion-flex-column-wrapper-legacy\"><div class=\"fusion-title title fusion-title-1 fusion-sep-none fusion-title-text fusion-title-size-one\" style=\"--awb-margin-top-small:10px;--awb-margin-right-small:0px;--awb-margin-bottom-small:10px;--awb-margin-left-small:0px;\"><h1 class=\"fusion-title-heading title-heading-left\" style=\"margin:0;\"><h1 data-fontsize=\"34\" data-lineheight=\"40\"><span class=\"tlid-translation translation\" lang=\"ru\"><span class=\"\" title=\"\">Start-up Treffen <\/span><\/span><span class=\"tlid-translation translation\" lang=\"ru\"><span class=\"\" title=\"\">des zweij\u00e4hrigen Monitoring Projekts zu fairen Gerichtsverfahren <\/span><\/span><span class=\"tlid-translation translation\" lang=\"ru\"><span class=\"\" title=\"\">in der gesamten Ukraine. Mit Unterst\u00fctzung der Deutschen Sektion der Internationalen Gesellschaft f\u00fcr Menschenrechte und des deutschen Ministeriums f\u00fcr wirtschaftliche Zusammenarbeit und Entwicklung (BMZ)<\/span><\/span><\/h1><\/h1><\/div><div class=\"fusion-image-element in-legacy-container\" style=\"--awb-caption-title-font-family:var(--h2_typography-font-family);--awb-caption-title-font-weight:var(--h2_typography-font-weight);--awb-caption-title-font-style:var(--h2_typography-font-style);--awb-caption-title-size:var(--h2_typography-font-size);--awb-caption-title-transform:var(--h2_typography-text-transform);--awb-caption-title-line-height:var(--h2_typography-line-height);--awb-caption-title-letter-spacing:var(--h2_typography-letter-spacing);\"><span class=\" fusion-imageframe imageframe-none imageframe-1 hover-type-none\"><img decoding=\"async\" width=\"1024\" height=\"682\" title=\"20\" src=\"https:\/\/humanrights-online.org\/wp-content\/uploads\/2019\/08\/20-1024x682.jpg\" alt class=\"img-responsive wp-image-53996\" srcset=\"https:\/\/humanrights-online.org\/wp-content\/uploads\/2019\/08\/20-200x133.jpg 200w, https:\/\/humanrights-online.org\/wp-content\/uploads\/2019\/08\/20-400x267.jpg 400w, https:\/\/humanrights-online.org\/wp-content\/uploads\/2019\/08\/20-600x400.jpg 600w, https:\/\/humanrights-online.org\/wp-content\/uploads\/2019\/08\/20-800x533.jpg 800w, https:\/\/humanrights-online.org\/wp-content\/uploads\/2019\/08\/20-1200x800.jpg 1200w\" sizes=\"(max-width: 1100px) 100vw, 1024px\" \/><\/span><\/div><div class=\"fusion-text fusion-text-1\"><p><em>Teilnehmer des Rundes Tisches. Foto: IGFM-Ukraine<\/em><\/p>\n<\/div><div class=\"fusion-clearfix\"><\/div><\/div><\/div><div class=\"fusion-layout-column fusion_builder_column fusion-builder-column-1 fusion_builder_column_2_3 2_3 fusion-two-third fusion-column-first\" style=\"--awb-bg-size:cover;width:65.3333%; margin-right: 4%;\"><div class=\"fusion-column-wrapper fusion-flex-column-wrapper-legacy\"><div class=\"fusion-text fusion-text-2\"><p>Am 10. August hielt die ukrainische Sektion der Internationalen Gesellschaft f\u00fcr Menschenrechte in Kiew die erste Diskussionsrunde zum Thema \u201eSt\u00e4rkung der Rechtsstaatlichkeit in der Ukraine\u201c ab, die sich mit den Menschenrechten in der Ukraine und insbesondere dem Recht auf ein faires Gerichtsverfahren befasste.<\/p>\n<p>An dem Runden Tisch nahmen unter anderem teil:<br \/>\nAnton Alekseew, Jurist und gesch\u00e4ftf. Direktor der ukrainischen Sektion der IGFM, Liliya Karabak, Richterin am Shevchenkovsky-Gericht in Saporischschja, Anna Borjak, RA, Vorsitzende des Ausschusses f\u00fcr den Schutz der Rechte und Garantien der Rechtsanw\u00e4lte der Nationalen Rechtsanwaltskammer Sergej Mochwan, Experte der ukrainischen Helsinki Human Rights Union Dr. Andrej Suchorukow, Pr\u00e4sident der ukrainischen Sektion der IGFM sowie Anw\u00e4lte, Juristen, Journalisten, \u00f6ffentliche Aktivisten und Prozessbeobachter aus Kiew, Schytomyr, Lwiw, Poltawa, Saporischschja und Charkiw.<\/p>\n<p>Die Teilnehmer des Runden Tisches kamen zu dem Schluss, dass im T\u00e4tigkeitsbereich von Rechtsanw\u00e4lten:<br \/>\n\u2013 es zu vermehrten Strafanzeigen gegen Anw\u00e4lte kommt, was eine Verletzung des Rechts auf Verteidigung von Angeklagten und Druck auf das Justizwesen darstellen kann;<br \/>\n\u2013 Die Arbeits\u00fcberlastung von Richtern zu F\u00e4llen f\u00fchrt, in denen die Texte der Gerichtsentscheidungen von Staatsanw\u00e4lten verfasst und den Richtern auf Flash-Laufwerken zur Verf\u00fcgung gestellt werden.<br \/>\n\u2013 deren Professionalit\u00e4t gesunken ist, nachdem Rechtsanw\u00e4lte die Einzigen geworden waren, die das Recht hatten, eine Person vor Gericht zu vertreten, und damit eine Flut von neuen Personen in dieses Berufsbild einschwemmte.<\/p>\n<\/div><div class=\"fusion-clearfix\"><\/div><\/div><\/div><div class=\"fusion-layout-column fusion_builder_column fusion-builder-column-2 fusion_builder_column_1_3 1_3 fusion-one-third fusion-column-last\" style=\"--awb-bg-size:cover;width:30.6666%;\"><div class=\"fusion-column-wrapper fusion-flex-column-wrapper-legacy\"><div class=\"fusion-image-element in-legacy-container\" style=\"--awb-caption-title-font-family:var(--h2_typography-font-family);--awb-caption-title-font-weight:var(--h2_typography-font-weight);--awb-caption-title-font-style:var(--h2_typography-font-style);--awb-caption-title-size:var(--h2_typography-font-size);--awb-caption-title-transform:var(--h2_typography-text-transform);--awb-caption-title-line-height:var(--h2_typography-line-height);--awb-caption-title-letter-spacing:var(--h2_typography-letter-spacing);\"><span class=\" fusion-imageframe imageframe-none imageframe-2 hover-type-none\"><img decoding=\"async\" width=\"1024\" height=\"520\" title=\"25\" src=\"https:\/\/humanrights-online.org\/wp-content\/uploads\/2019\/08\/25-1024x520.jpg\" alt class=\"img-responsive wp-image-53968\" srcset=\"https:\/\/humanrights-online.org\/wp-content\/uploads\/2019\/08\/25-200x102.jpg 200w, https:\/\/humanrights-online.org\/wp-content\/uploads\/2019\/08\/25-400x203.jpg 400w, https:\/\/humanrights-online.org\/wp-content\/uploads\/2019\/08\/25-600x305.jpg 600w, https:\/\/humanrights-online.org\/wp-content\/uploads\/2019\/08\/25-800x406.jpg 800w, https:\/\/humanrights-online.org\/wp-content\/uploads\/2019\/08\/25-1200x610.jpg 1200w\" sizes=\"(max-width: 1100px) 100vw, 600px\" \/><\/span><\/div><div class=\"fusion-text fusion-text-3\"><p><em>Von links nach rechts: Karina Jasinetskaja, RA, Prozessbeobachterin IGFM; Anna Borjak, Vors. des Komitees zum Schutz der Rechte und Garantien der Anwaltschaft der Nationalen Vereinigung der Anw\u00e4lte der Ukraine; Oleg Garnik, RA, Mtgl. des Komitees zum Schutz der Rechte und Garantien der Anwaltschaft der Nationalen Vereinigung der Anw\u00e4lte der Ukraine); Galina Borjak, RA, Mtgl. des Jugendausschusses der Nationalen Juristenvereinigung der Ukraine; Marina Berdichewskaja, Journalistin. Foto: IGFM Ukraine<\/em><\/p>\n<\/div><div class=\"fusion-clearfix\"><\/div><\/div><\/div><div class=\"fusion-layout-column fusion_builder_column fusion-builder-column-3 fusion_builder_column_2_3 2_3 fusion-two-third fusion-column-first\" style=\"--awb-bg-size:cover;--awb-margin-top:-15px;width:65.3333%; margin-right: 4%;\"><div class=\"fusion-column-wrapper fusion-flex-column-wrapper-legacy\"><div class=\"fusion-text fusion-text-4\"><p>(Anmerkung der \u00dcbersetzerin: In der Ukraine war es Praxis, dass ein Jurist mit abgeschlossenem Studium, einfache Rechtsf\u00e4lle und<br \/>\n&#8211; streitigkeiten vor Gericht vertreten durfte. Mit der Justizreform ging vor ca. 3 Jahren auch die Reform einher, dass alle Juristen hierf\u00fcr einer rechtanwaltlichen Lizenz bed\u00fcrfen. Ohne diese Lizenz darf heute kein Fall vor Gericht mehr vertreten werden. Die Lizenz stellt nach einer Pr\u00fcfung die o.g. nationale Rechtsanwaltskammer aus und die Problematik dieses Prozesses ist ein eigenes Kapitel\u2026)<\/p>\n<p>Auch sehen die Teilnehmer Probleme<br \/>\n\u2013 im Zusammenhang damit, dass es jetzt keine M\u00f6glichkeit mehr gibt, den Angeklagten bei der Verhandlung, von einem nichtanwaltlichen Juristen zu vertreten. (Anmerk. \u00dcbers.: z.B. ist es jetzt schwierig und teuer einen Rechtsbeistand zu erhalten)<br \/>\n\u2013 das in der heutigen Realit\u00e4t die Prozessteilnehmer mit \u201eRechten\u201c und nicht mit \u201eFakten\u201c arbeiten.<\/p>\n<p>(Anmerk. \u00dcb: Sie arbeiten b\u00fcrokratisch, ohne sich die Fakten des einzelnen Falles anzuschauen)<\/p>\n<\/div><div class=\"fusion-clearfix\"><\/div><\/div><\/div><div class=\"fusion-layout-column fusion_builder_column fusion-builder-column-4 fusion_builder_column_1_3 1_3 fusion-one-third fusion-column-last\" style=\"--awb-bg-size:cover;width:30.6666%;\"><div class=\"fusion-column-wrapper fusion-flex-column-wrapper-legacy\"><div class=\"fusion-image-element in-legacy-container\" style=\"--awb-caption-title-font-family:var(--h2_typography-font-family);--awb-caption-title-font-weight:var(--h2_typography-font-weight);--awb-caption-title-font-style:var(--h2_typography-font-style);--awb-caption-title-size:var(--h2_typography-font-size);--awb-caption-title-transform:var(--h2_typography-text-transform);--awb-caption-title-line-height:var(--h2_typography-line-height);--awb-caption-title-letter-spacing:var(--h2_typography-letter-spacing);\"><span class=\" fusion-imageframe imageframe-none imageframe-3 hover-type-none\"><img decoding=\"async\" width=\"1024\" height=\"743\" title=\"24\" src=\"https:\/\/humanrights-online.org\/wp-content\/uploads\/2019\/08\/24-1024x743.jpg\" alt class=\"img-responsive wp-image-53975\" srcset=\"https:\/\/humanrights-online.org\/wp-content\/uploads\/2019\/08\/24-200x145.jpg 200w, https:\/\/humanrights-online.org\/wp-content\/uploads\/2019\/08\/24-400x290.jpg 400w, https:\/\/humanrights-online.org\/wp-content\/uploads\/2019\/08\/24-600x435.jpg 600w, https:\/\/humanrights-online.org\/wp-content\/uploads\/2019\/08\/24-800x580.jpg 800w, https:\/\/humanrights-online.org\/wp-content\/uploads\/2019\/08\/24-1200x870.jpg 1200w, https:\/\/humanrights-online.org\/wp-content\/uploads\/2019\/08\/24.jpg 1882w\" sizes=\"(max-width: 1100px) 100vw, 600px\" \/><\/span><\/div><div class=\"fusion-text fusion-text-5\"><p>Anna Vasilenko, RA und Dr. Andrej Suchorukow, Pr\u00e4sident der IGFM Ukraine, ehem. Abgeordneter der ersten Obersten Rada. Foto: IGFM Ukraine<\/p>\n<\/div><div class=\"fusion-clearfix\"><\/div><\/div><\/div><div class=\"fusion-layout-column fusion_builder_column fusion-builder-column-5 fusion_builder_column_2_3 2_3 fusion-two-third fusion-column-first\" style=\"--awb-bg-size:cover;--awb-margin-top:-15px;width:65.3333%; margin-right: 4%;\"><div class=\"fusion-column-wrapper fusion-flex-column-wrapper-legacy\"><div class=\"fusion-text fusion-text-6\"><p>Zudem stellen sie fest:<br \/>\n\u2013 dass es in der Prozessbeobachtung nicht nur der der \u00dcberwachung von Prozessen mit einer politischen Komponente, sondern auch anderer pr\u00e4gnanter Komponenten bedarf;<br \/>\n\u2013 wenn man Rechtsverst\u00f6\u00dfe und -probleme beobachtet, man verstehen muss, dass hinter jedem konkreten Fall eine konkrete rechtsbefugte Person steckt und es sich nicht um ein \u201eKollektivvergehen\u201c der Richter-, Anwalt- oder Staatsanwaltschaft handelt.<\/p>\n<p>Im Bereich der richterlichen Justiz stellten die Teilnehmer des Runden Tisches fest:<br \/>\n\u2013 dass es F\u00e4lle gibt, in denen die Richter von der \u00d6ffentlichkeit unter Druck gesetzt werden<br \/>\n\u2013 die Unabsetzbarkeit der Richter nicht deren Unabh\u00e4ngigkeit garantiert<br \/>\n\u2013 ein ernstes Problem der Zeitmangel der Richter ist (f\u00fcr eine detaillierte Pr\u00fcfung jedes Falls) und der Mangel an Richtern selbst;<br \/>\n\u2013 in den letzten Jahren viele erfahrene Mitarbeiter das Justizsystem verlassen haben, die Kontinuit\u00e4t zwischen erfahrenen Richtern und neuen Vertretern des Berufsstandes unterbrochen wurde;<br \/>\n\u2013 die Richter zunehmend in die Politik hineingezogen wurden.<br \/>\n\u2013 dass es F\u00e4lle gibt, in denen \u00f6ffentliche Aktivisten speziell angeheuert werden, um Druck auf das Gericht und die Anw\u00e4lte auszu\u00fcben.<\/p>\n<p>Die Teilnehmer m\u00f6chten dieses und \u00e4hnliche Projekte als eine Art Spiegel nutzen, in dem sich alle Prozessbeteiligten von au\u00dfen betrachten k\u00f6nnen. Die anwesenden Vertreter der Justiz- und Rechtsberufe waren sich daher einig, dass es wichtig ist, Richter und Anw\u00e4lte an einem runden Tisch in einer Atmosph\u00e4re zusammenzubringen, in der sie die M\u00f6glichkeit haben, au\u00dferhalb des Gerichtssaals miteinander zu kommunizieren.<\/p>\n<\/div><div class=\"fusion-clearfix\"><\/div><\/div><\/div><div class=\"fusion-layout-column fusion_builder_column fusion-builder-column-6 fusion_builder_column_1_3 1_3 fusion-one-third fusion-column-last\" style=\"--awb-bg-size:cover;width:30.6666%;\"><div class=\"fusion-column-wrapper fusion-flex-column-wrapper-legacy\"><div class=\"fusion-image-element in-legacy-container\" style=\"--awb-caption-title-font-family:var(--h2_typography-font-family);--awb-caption-title-font-weight:var(--h2_typography-font-weight);--awb-caption-title-font-style:var(--h2_typography-font-style);--awb-caption-title-size:var(--h2_typography-font-size);--awb-caption-title-transform:var(--h2_typography-text-transform);--awb-caption-title-line-height:var(--h2_typography-line-height);--awb-caption-title-letter-spacing:var(--h2_typography-letter-spacing);\"><span class=\" fusion-imageframe imageframe-none imageframe-4 hover-type-none\"><img decoding=\"async\" width=\"805\" height=\"1024\" title=\"8\" src=\"https:\/\/humanrights-online.org\/wp-content\/uploads\/2019\/08\/8-805x1024.jpg\" alt class=\"img-responsive wp-image-53982\" srcset=\"https:\/\/humanrights-online.org\/wp-content\/uploads\/2019\/08\/8-200x255.jpg 200w, https:\/\/humanrights-online.org\/wp-content\/uploads\/2019\/08\/8-400x509.jpg 400w, https:\/\/humanrights-online.org\/wp-content\/uploads\/2019\/08\/8-600x764.jpg 600w, https:\/\/humanrights-online.org\/wp-content\/uploads\/2019\/08\/8-800x1018.jpg 800w, https:\/\/humanrights-online.org\/wp-content\/uploads\/2019\/08\/8-1200x1527.jpg 1200w, https:\/\/humanrights-online.org\/wp-content\/uploads\/2019\/08\/8.jpg 1481w\" sizes=\"(max-width: 1100px) 100vw, 600px\" \/><\/span><\/div><div class=\"fusion-text fusion-text-7\"><p>Lilija Karabak, Dozentin an der Nationalen Richterschule der Ukraine, Richterin des Shevchenkovsky-Bezirksgerichts in Saporischschja. Foto: IGFM Ukraine<\/p>\n<\/div><div class=\"fusion-clearfix\"><\/div><\/div><\/div><div class=\"fusion-layout-column fusion_builder_column fusion-builder-column-7 fusion_builder_column_2_3 2_3 fusion-two-third fusion-column-first\" style=\"--awb-bg-size:cover;--awb-margin-top:-20px;width:65.3333%; margin-right: 4%;\"><div class=\"fusion-column-wrapper fusion-flex-column-wrapper-legacy\"><div class=\"fusion-text fusion-text-8\"><p>Die ukrainische Sektion der Internationalen Gesellschaft f\u00fcr Menschenrechte bietet im Rahmen des Projekts:<br \/>\n\u2013 gemeinsame Sitzungen junger Richter und Anw\u00e4lte;<br \/>\n\u2013 die Verfahrensweise f\u00fcr die amtliche Besetzung von Richtern, Rechtsanw\u00e4lten und Staatsanw\u00e4lten zu betrachten und zu analysieren;<br \/>\n\u2013 vorrangig an einer Atmosph\u00e4re des gegenseitigen Respekts aller an der Verhandlung Beteiligten zu arbeiten.<br \/>\nDie IGFM hofft, dass sich nicht nur Vertreter des Gerichts und der Anwaltschaft dem Projekt anschlie\u00dfen, sondern auch Staatsanw\u00e4lte.<\/p>\n<\/div><div class=\"fusion-clearfix\"><\/div><\/div><\/div><div class=\"fusion-layout-column fusion_builder_column fusion-builder-column-8 fusion_builder_column_1_3 1_3 fusion-one-third fusion-column-last\" style=\"--awb-bg-size:cover;width:30.6666%;\"><div class=\"fusion-column-wrapper fusion-flex-column-wrapper-legacy\"><div class=\"fusion-image-element in-legacy-container\" style=\"--awb-caption-title-font-family:var(--h2_typography-font-family);--awb-caption-title-font-weight:var(--h2_typography-font-weight);--awb-caption-title-font-style:var(--h2_typography-font-style);--awb-caption-title-size:var(--h2_typography-font-size);--awb-caption-title-transform:var(--h2_typography-text-transform);--awb-caption-title-line-height:var(--h2_typography-line-height);--awb-caption-title-letter-spacing:var(--h2_typography-letter-spacing);\"><span class=\" fusion-imageframe imageframe-none imageframe-5 hover-type-none\"><img decoding=\"async\" width=\"683\" height=\"1024\" title=\"1\" src=\"https:\/\/humanrights-online.org\/wp-content\/uploads\/2019\/08\/1-683x1024.jpg\" alt class=\"img-responsive wp-image-53989\" srcset=\"https:\/\/humanrights-online.org\/wp-content\/uploads\/2019\/08\/1-200x300.jpg 200w, https:\/\/humanrights-online.org\/wp-content\/uploads\/2019\/08\/1-400x600.jpg 400w, https:\/\/humanrights-online.org\/wp-content\/uploads\/2019\/08\/1-600x900.jpg 600w, https:\/\/humanrights-online.org\/wp-content\/uploads\/2019\/08\/1-800x1200.jpg 800w, https:\/\/humanrights-online.org\/wp-content\/uploads\/2019\/08\/1-1200x1800.jpg 1200w, https:\/\/humanrights-online.org\/wp-content\/uploads\/2019\/08\/1.jpg 1365w\" sizes=\"(max-width: 1100px) 100vw, 600px\" \/><\/span><\/div><div class=\"fusion-text fusion-text-9\"><p><em>Anton Aleksejew, gesch\u00e4ftf. Vors. der IGFM Ukraine, Projektleiter.\u00a0 Foto: IGFM-Ukraine<\/em><\/p>\n<\/div><div class=\"fusion-clearfix\"><\/div><\/div><\/div><\/div><\/div>\n","protected":false},"excerpt":{"rendered":"","protected":false},"author":5,"featured_media":18972,"comment_status":"open","ping_status":"closed","sticky":false,"template":"","format":"standard","meta":{"slim_seo":{"title":"Start-up f\u00fcr die St\u00e4rkung des Rechtsstaats in der Ukraine - Menschenrechte Osteuropa - News &amp; Konflikte","description":"Start-up Treffen des zweij\u00e4hrigen Monitoring Projekts zu fairen Gerichtsverfahren in der gesamten Ukraine. Mit Unterst\u00fctzung der Deutschen Sektion der Internati"},"footnotes":""},"categories":[30,477,216,76,1,289],"tags":[845,843],"class_list":["post-18968","post","type-post","status-publish","format-standard","has-post-thumbnail","hentry","category-blog-news","category-country-ukraine-2","category-standard","category-ukraine-cat","category-unkategorisiert","category-289","tag------de","tag-843"],"_links":{"self":[{"href":"https:\/\/humanrights-online.org\/de\/wp-json\/wp\/v2\/posts\/18968","targetHints":{"allow":["GET"]}}],"collection":[{"href":"https:\/\/humanrights-online.org\/de\/wp-json\/wp\/v2\/posts"}],"about":[{"href":"https:\/\/humanrights-online.org\/de\/wp-json\/wp\/v2\/types\/post"}],"author":[{"embeddable":true,"href":"https:\/\/humanrights-online.org\/de\/wp-json\/wp\/v2\/users\/5"}],"replies":[{"embeddable":true,"href":"https:\/\/humanrights-online.org\/de\/wp-json\/wp\/v2\/comments?post=18968"}],"version-history":[{"count":37,"href":"https:\/\/humanrights-online.org\/de\/wp-json\/wp\/v2\/posts\/18968\/revisions"}],"predecessor-version":[{"id":29078,"href":"https:\/\/humanrights-online.org\/de\/wp-json\/wp\/v2\/posts\/18968\/revisions\/29078"}],"wp:featuredmedia":[{"embeddable":true,"href":"https:\/\/humanrights-online.org\/de\/wp-json\/wp\/v2\/media\/18972"}],"wp:attachment":[{"href":"https:\/\/humanrights-online.org\/de\/wp-json\/wp\/v2\/media?parent=18968"}],"wp:term":[{"taxonomy":"category","embeddable":true,"href":"https:\/\/humanrights-online.org\/de\/wp-json\/wp\/v2\/categories?post=18968"},{"taxonomy":"post_tag","embeddable":true,"href":"https:\/\/humanrights-online.org\/de\/wp-json\/wp\/v2\/tags?post=18968"}],"curies":[{"name":"wp","href":"https:\/\/api.w.org\/{rel}","templated":true}]}}