{"id":18815,"date":"2019-07-30T16:06:21","date_gmt":"2019-07-30T14:06:21","guid":{"rendered":"https:\/\/humanrights-online.org\/de\/vstrecha-kharkov-2019\/"},"modified":"2021-11-26T10:45:14","modified_gmt":"2021-11-26T09:45:14","slug":"vstrecha-kharkov-2019","status":"publish","type":"post","link":"https:\/\/humanrights-online.org\/de\/vstrecha-kharkov-2019\/","title":{"rendered":"Medien, Meinungsmache, Menschenrechte in Charkiw, Ukraine"},"content":{"rendered":"<div class=\"fusion-fullwidth fullwidth-box fusion-builder-row-1 hundred-percent-fullwidth non-hundred-percent-height-scrolling\" style=\"--awb-border-radius-top-left:0px;--awb-border-radius-top-right:0px;--awb-border-radius-bottom-right:0px;--awb-border-radius-bottom-left:0px;--awb-overflow:visible;--awb-flex-wrap:wrap;\" ><div class=\"fusion-builder-row fusion-row\"><div class=\"fusion-layout-column fusion_builder_column fusion-builder-column-0 fusion_builder_column_1_1 1_1 fusion-one-full fusion-column-first fusion-column-last fusion-column-no-min-height\" style=\"--awb-bg-size:cover;--awb-margin-bottom:0px;\"><div class=\"fusion-column-wrapper fusion-flex-column-wrapper-legacy\"><div class=\"fusion-title title fusion-title-1 fusion-sep-none fusion-title-text fusion-title-size-one\" style=\"--awb-margin-top-small:10px;--awb-margin-right-small:0px;--awb-margin-bottom-small:10px;--awb-margin-left-small:0px;\"><h1 class=\"fusion-title-heading title-heading-left\" style=\"margin:0;\">In Charkow fand ein Treffen im Rahmen des \u00d6PR-l\u00e4nder\u00fcbergreifenden Projekts \u201eMedien, Meinungsmache, Menschenrechte\u201c statt.<\/h1><\/div><div class=\"fusion-text fusion-text-1\"><p>Am 27. Juli veranstaltete die ukrainische Sektion der IGFM in Charkiw den ersten Runden Tisch im Rahmen des vom deutschen Au\u00dfenministerium gef\u00f6rderten IGFM &#8211; Projekts (#CivilSocietyCooperation) zum Thema \u201eMedien, Meinungsbildung, Menschenrechte\u201c. An der Veranstaltung nahmen regionale Journalisten, Pers\u00f6nlichkeiten des \u00f6ffentlichen Lebens sowie Vertreter des deutschen Konsulats und der OSZE teil.<\/p>\n<\/div><div class=\"fusion-image-element in-legacy-container\" style=\"--awb-caption-title-font-family:var(--h2_typography-font-family);--awb-caption-title-font-weight:var(--h2_typography-font-weight);--awb-caption-title-font-style:var(--h2_typography-font-style);--awb-caption-title-size:var(--h2_typography-font-size);--awb-caption-title-transform:var(--h2_typography-text-transform);--awb-caption-title-line-height:var(--h2_typography-line-height);--awb-caption-title-letter-spacing:var(--h2_typography-letter-spacing);\"><span class=\" fusion-imageframe imageframe-none imageframe-1 hover-type-none\"><img decoding=\"async\" width=\"1024\" height=\"683\" title=\"kharkov 1\" src=\"https:\/\/humanrights-online.org\/wp-content\/uploads\/2019\/07\/kharkov-1-1024x683.jpg\" alt class=\"img-responsive wp-image-53870\" srcset=\"https:\/\/humanrights-online.org\/wp-content\/uploads\/2019\/07\/kharkov-1-200x133.jpg 200w, https:\/\/humanrights-online.org\/wp-content\/uploads\/2019\/07\/kharkov-1-400x267.jpg 400w, https:\/\/humanrights-online.org\/wp-content\/uploads\/2019\/07\/kharkov-1-600x400.jpg 600w, https:\/\/humanrights-online.org\/wp-content\/uploads\/2019\/07\/kharkov-1-800x533.jpg 800w, https:\/\/humanrights-online.org\/wp-content\/uploads\/2019\/07\/kharkov-1-1200x800.jpg 1200w\" sizes=\"(max-width: 1100px) 100vw, 1024px\" \/><\/span><\/div><div class=\"fusion-text fusion-text-2\"><p>Begr\u00fc\u00dfung durch den stellvertretenden Generalkonsul der Bundesrepublik Deutschland, Peter Schmahl. In seiner Rede sprach er \u00fcber die Arbeit des Ausw\u00e4rtigen Amtes mit der Zivilgesellschaft in den \u00d6PR-L\u00e4ndern und ging auch auf das Thema Medienfreiheit ein.<\/p>\n<\/div><div class=\"fusion-image-element in-legacy-container\" style=\"--awb-caption-title-font-family:var(--h2_typography-font-family);--awb-caption-title-font-weight:var(--h2_typography-font-weight);--awb-caption-title-font-style:var(--h2_typography-font-style);--awb-caption-title-size:var(--h2_typography-font-size);--awb-caption-title-transform:var(--h2_typography-text-transform);--awb-caption-title-line-height:var(--h2_typography-line-height);--awb-caption-title-letter-spacing:var(--h2_typography-letter-spacing);\"><span class=\" fusion-imageframe imageframe-none imageframe-2 hover-type-none\"><img decoding=\"async\" width=\"1024\" height=\"576\" title=\"kharkov 2\" src=\"https:\/\/humanrights-online.org\/wp-content\/uploads\/2019\/07\/kharkov-2-1024x576.jpg\" alt class=\"img-responsive wp-image-53877\" srcset=\"https:\/\/humanrights-online.org\/wp-content\/uploads\/2019\/07\/kharkov-2-200x113.jpg 200w, https:\/\/humanrights-online.org\/wp-content\/uploads\/2019\/07\/kharkov-2-400x225.jpg 400w, https:\/\/humanrights-online.org\/wp-content\/uploads\/2019\/07\/kharkov-2-600x338.jpg 600w, https:\/\/humanrights-online.org\/wp-content\/uploads\/2019\/07\/kharkov-2-800x450.jpg 800w, https:\/\/humanrights-online.org\/wp-content\/uploads\/2019\/07\/kharkov-2-1200x675.jpg 1200w\" sizes=\"(max-width: 1100px) 100vw, 1024px\" \/><\/span><\/div><div class=\"fusion-text fusion-text-3\"><p>Ein Bericht zum Thema \u201eVerfolgung von Journalisten und Anstiftung zu Hass in der ukrainischen Gesellschaft\u201c wurde von Pavel Volkow vorgetragen, einem ukrainischen Journalisten, der wegen seiner journalistischen Aktivit\u00e4ten strafrechtlich verfolgt wurde.<\/p>\n<\/div><div class=\"fusion-image-element in-legacy-container\" style=\"--awb-caption-title-font-family:var(--h2_typography-font-family);--awb-caption-title-font-weight:var(--h2_typography-font-weight);--awb-caption-title-font-style:var(--h2_typography-font-style);--awb-caption-title-size:var(--h2_typography-font-size);--awb-caption-title-transform:var(--h2_typography-text-transform);--awb-caption-title-line-height:var(--h2_typography-line-height);--awb-caption-title-letter-spacing:var(--h2_typography-letter-spacing);\"><span class=\" fusion-imageframe imageframe-none imageframe-3 hover-type-none\"><img decoding=\"async\" width=\"1024\" height=\"683\" title=\"kharkov 3\" src=\"https:\/\/humanrights-online.org\/wp-content\/uploads\/2019\/07\/kharkov-3-1024x683.jpg\" alt class=\"img-responsive wp-image-53884\" srcset=\"https:\/\/humanrights-online.org\/wp-content\/uploads\/2019\/07\/kharkov-3-200x133.jpg 200w, https:\/\/humanrights-online.org\/wp-content\/uploads\/2019\/07\/kharkov-3-400x267.jpg 400w, https:\/\/humanrights-online.org\/wp-content\/uploads\/2019\/07\/kharkov-3-600x400.jpg 600w, https:\/\/humanrights-online.org\/wp-content\/uploads\/2019\/07\/kharkov-3-800x533.jpg 800w, https:\/\/humanrights-online.org\/wp-content\/uploads\/2019\/07\/kharkov-3-1200x800.jpg 1200w\" sizes=\"(max-width: 1100px) 100vw, 1024px\" \/><\/span><\/div><div class=\"fusion-text fusion-text-4\"><p>Die Teilnehmer des Runden Tisches bef\u00fcrworteten die Idee, die \u201eAggressivit\u00e4t\u201c der Medien zu \u00fcberwachen. Die \u00dcberwachung umfasst das Sammeln von Informationen \u00fcber die H\u00e4ufigkeit der Verwendung von \u201eSchl\u00fcsselw\u00f6rtern\u201c in den Medien, die dazu beitragen, Hass in der ukrainischen Gesellschaft anzuregen.<br \/>\nIm Rahmen des Projekts in der Ukraine sind zwei weitere Treffen geplant. In naher Zukunft werden Materialien zum Runden Tisch in Charkiw auf unserer Website ver\u00f6ffentlicht.<\/p>\n<\/div><div class=\"fusion-clearfix\"><\/div><\/div><\/div><\/div><\/div>\n","protected":false},"excerpt":{"rendered":"","protected":false},"author":110,"featured_media":18809,"comment_status":"open","ping_status":"closed","sticky":false,"template":"","format":"standard","meta":{"slim_seo":{"title":"Medien, Meinungsmache, Menschenrechte in Charkiw, Ukraine - Menschenrechte Osteuropa - News &amp; Konflikte","description":"In Charkow fand ein Treffen im Rahmen des \u00d6PR-l\u00e4nder\u00fcbergreifenden Projekts \u201eMedien, Meinungsmache, Menschenrechte\u201c statt. Am 27. Juli veranstaltete die ukraini"},"footnotes":""},"categories":[30,477,216,76,1,289],"tags":[],"class_list":["post-18815","post","type-post","status-publish","format-standard","has-post-thumbnail","hentry","category-blog-news","category-country-ukraine-2","category-standard","category-ukraine-cat","category-unkategorisiert","category-289"],"_links":{"self":[{"href":"https:\/\/humanrights-online.org\/de\/wp-json\/wp\/v2\/posts\/18815","targetHints":{"allow":["GET"]}}],"collection":[{"href":"https:\/\/humanrights-online.org\/de\/wp-json\/wp\/v2\/posts"}],"about":[{"href":"https:\/\/humanrights-online.org\/de\/wp-json\/wp\/v2\/types\/post"}],"author":[{"embeddable":true,"href":"https:\/\/humanrights-online.org\/de\/wp-json\/wp\/v2\/users\/110"}],"replies":[{"embeddable":true,"href":"https:\/\/humanrights-online.org\/de\/wp-json\/wp\/v2\/comments?post=18815"}],"version-history":[{"count":4,"href":"https:\/\/humanrights-online.org\/de\/wp-json\/wp\/v2\/posts\/18815\/revisions"}],"predecessor-version":[{"id":29092,"href":"https:\/\/humanrights-online.org\/de\/wp-json\/wp\/v2\/posts\/18815\/revisions\/29092"}],"wp:featuredmedia":[{"embeddable":true,"href":"https:\/\/humanrights-online.org\/de\/wp-json\/wp\/v2\/media\/18809"}],"wp:attachment":[{"href":"https:\/\/humanrights-online.org\/de\/wp-json\/wp\/v2\/media?parent=18815"}],"wp:term":[{"taxonomy":"category","embeddable":true,"href":"https:\/\/humanrights-online.org\/de\/wp-json\/wp\/v2\/categories?post=18815"},{"taxonomy":"post_tag","embeddable":true,"href":"https:\/\/humanrights-online.org\/de\/wp-json\/wp\/v2\/tags?post=18815"}],"curies":[{"name":"wp","href":"https:\/\/api.w.org\/{rel}","templated":true}]}}