{"id":26458,"date":"2020-11-26T12:02:06","date_gmt":"2020-11-26T11:02:06","guid":{"rendered":"https:\/\/humanrights-online.org\/xvii-germanorossiisci_media_forum_2020\/"},"modified":"2021-11-26T10:43:25","modified_gmt":"2021-11-26T09:43:25","slug":"xvii-germanorossiisci_media_forum_2020","status":"publish","type":"post","link":"https:\/\/humanrights-online.org\/be\/xvii-germanorossiisci_media_forum_2020\/","title":{"rendered":"XVII. German-Russian Media Forum &#8220;Crisis Media Management and Digital Reality&#8221;"},"content":{"rendered":"<p><span style=\"color: #ffffff;\"><span class=\"tlid-translation translation\" lang=\"en\"><span class=\"\" title=\"\">More than 50 journalists and media experts from Germany, Russia and the CIS countries took part in the XVII German-Russian Media Forum &#8220;Crisis Media Management and Digital Reality&#8221;, the first virtual media conference, at the invitation of the German-Russian Forum.<\/span><\/span><br \/>\n<\/span><\/p>\n<h1><strong><span class=\"tlid-translation translation\" lang=\"en\"><span class=\"\" title=\"\">XVII.<\/span> <span class=\"\" title=\"\">German-Russian Media Forum &#8220;Crisis Media Management and Digital Reality&#8221;<\/span><\/span><\/strong><\/h1>\n<p>&nbsp;<\/p>\n<p><strong><img decoding=\"async\" class=\" wp-image-26453 alignleft\" src=\"https:\/\/humanrights-online.org\/wp-content\/uploads\/2020\/11\/medienforum_2020_online_.jpg\" alt=\"\" width=\"348\" height=\"232\" srcset=\"https:\/\/humanrights-online.org\/wp-content\/uploads\/2020\/11\/medienforum_2020_online_-31x21.jpg 31w, https:\/\/humanrights-online.org\/wp-content\/uploads\/2020\/11\/medienforum_2020_online_-200x133.jpg 200w, https:\/\/humanrights-online.org\/wp-content\/uploads\/2020\/11\/medienforum_2020_online_-300x200.jpg 300w, https:\/\/humanrights-online.org\/wp-content\/uploads\/2020\/11\/medienforum_2020_online_-400x267.jpg 400w, https:\/\/humanrights-online.org\/wp-content\/uploads\/2020\/11\/medienforum_2020_online_-600x400.jpg 600w, https:\/\/humanrights-online.org\/wp-content\/uploads\/2020\/11\/medienforum_2020_online_-768x512.jpg 768w, https:\/\/humanrights-online.org\/wp-content\/uploads\/2020\/11\/medienforum_2020_online_-800x533.jpg 800w, https:\/\/humanrights-online.org\/wp-content\/uploads\/2020\/11\/medienforum_2020_online_.jpg 900w\" sizes=\"(max-width: 348px) 100vw, 348px\" \/><\/strong><\/p>\n<p><span class=\"tlid-translation translation\" lang=\"en\"><span class=\"\" title=\"\">More than 50 journalists and media experts from Germany, Russia and the CIS countries took part in the XVII German-Russian Media Forum &#8220;Crisis Media Management and Digital Reality&#8221;, the first virtual media conference, at the invitation of the German-Russian Forum.<\/span><\/span><\/p>\n<p>&nbsp;<\/p>\n<p>Die Veranstaltung findet in Kooperation mit der Staatlichen Nationalen Forschungsuniversit\u00e4t Universit\u00e4t Saratow im Rahmen des Deutschlandjahres in Russland statt und wird durch das Ausw\u00e4rtige Amt gef\u00f6rdert.<\/p>\n<p>&nbsp;<\/p>\n<p>\u201e<strong>Medien- (Krisen-) Management und die digitale Welt\u201c<\/strong> \u2013 die gesellschaftlichen und wirtschaftlichen Folgen der COVID-19-Pandemie wecken die Notwendigkeit eines professionellen Austausches. Gleichzeitig sieht sich der einzelne Journalist einem Gebilde gegen\u00fcbergestellt, das kaum durch Regeln beschr\u00e4nkt wird und eigene Dynamiken aufweist.<\/p>\n<p>2020 wird die journalistische Branche vor neue Herausforderungen gestellt: Die COVID-19-Pandemie sowie Ma\u00dfnahmen im Zusammenhang mit den Infektionsrisiken weltweit machen die Herausforderungen in Bezug auf den Konsum der Gesellschaft von modernen Informationsprodukten ersichtlich. Wie damit umzugehen? Welche neuen Verantwortungen ergeben sich f\u00fcr Journalisten im Umgang mit der COVID-19-Pandemie und den Herausforderungen der digitalen Welt? Diese und andere Fragen werden die diesj\u00e4hrigen Teilnehmer beim XVII. Deutsch-Russischen Medienforum diskutieren.<\/p>\n<p>&nbsp;<\/p>\n<p>Die jungen Journalisten vertreten\u00a0unterschiedliche Medien\u00a0wie FOCUS,\u00a0RIA Novosti,\u00a0FAZ,\u00a0KomsomolskajaPravda,\u00a0dpa, K\u00f6lner Stadtanzeigen,\u00a0Moskauer\u00a0Deutsche Zeitung,\u00a0hr1, WDR,\u00a0Russia today,\u00a0n-ost, RTL. Zu den Referenten z\u00e4hlen u.a. Ivan Begtin, Experte f\u00fcr Open Data in Russland,\u00a0 Direktor NGO Informationskultur, Leiter Projektbereich \u201eOpen Data\u201c im Nationalen Rechnungshof der Russischen F\u00f6deration, Prof. Dr. Hektor Haark\u00f6tter, Professor Hochschule Bonn-Rhein-Sieg, Fernsehjournalist und Autor, Wiktor Loschak, Vize-Pr\u00e4sident des Verlagshauses \u201eKommersant\u201c, Alexander Rahr, Politikwissenschaftler, Politikberater und Journalist, Dr. Kamilla Nigmatullina, Leiterin Lehrstuhl Digitale Medienkommunikationen Universit\u00e4t Sankt Petersburg, Journalistin, Zeitschrift \u201eJournalist\u201c und.<\/p>\n<p>&nbsp;<\/p>\n<p>Seit 2003 organisiert das Deutsch-Russische Forum e.V. einmal j\u00e4hrlich in unterschiedlichen russischen Regionen ein Medienforum f\u00fcr Nachwuchsjournalisten aus Deutschland, Russland, Osteuropa und den GUS-L\u00e4ndern, um einen fachspezifischen Austausch zu erm\u00f6glichen.<\/p>\n<p>&nbsp;<\/p>\n<p>Mehr \u00fcber das Medienforum (Programm usw.):\u00a0 <a href=\"http:\/\/medienforum.ru\/services\/medienforum-2020\/\">http:\/\/medienforum.ru\/services\/medienforum-2020\/<\/a><\/p>\n<p>Diskussionen und Vortr\u00e4ge des Medienforums finden hier statt: <a href=\"https:\/\/zoom.us\/meeting\/register\/tJcpcO-vrT4tHtMCWHOwoPPd2z3AQUfZAEC7\">https:\/\/zoom.us\/meeting\/register\/tJcpcO-vrT4tHtMCWHOwoPPd2z3AQUfZAEC7<\/a><\/p>\n","protected":false},"excerpt":{"rendered":"<p>More than 50 journalists and media experts from Germany, Russia and the CIS countries took part in the XVII German-Russian Media Forum &#8220;Crisis Media Management and Digital Reality&#8221;, the first virtual media conference, at the invitation of the German-Russian Forum. XVII. German-Russian Media Forum &#8220;Crisis Media Management and Digital Reality&#8221; &nbsp; More than 50 journalists and media experts from Germany, Russia and the CIS countries took part in the XVII<\/p>\n","protected":false},"author":113,"featured_media":26453,"comment_status":"open","ping_status":"closed","sticky":false,"template":"","format":"standard","meta":{"slim_seo":{"title":"XVII. German-Russian Media Forum \"Crisis Media Management and Digital Reality\" - Menschenrechte Osteuropa - News &amp; Konflikte","description":"More than 50 journalists and media experts from Germany, Russia and the CIS countries took part in the XVII German-Russian Media Forum \"Crisis Media Management"},"footnotes":""},"categories":[218,216],"tags":[],"class_list":["post-26458","post","type-post","status-publish","format-standard","has-post-thumbnail","hentry","category-bl-en","category-standard"],"_links":{"self":[{"href":"https:\/\/humanrights-online.org\/be\/wp-json\/wp\/v2\/posts\/26458","targetHints":{"allow":["GET"]}}],"collection":[{"href":"https:\/\/humanrights-online.org\/be\/wp-json\/wp\/v2\/posts"}],"about":[{"href":"https:\/\/humanrights-online.org\/be\/wp-json\/wp\/v2\/types\/post"}],"author":[{"embeddable":true,"href":"https:\/\/humanrights-online.org\/be\/wp-json\/wp\/v2\/users\/113"}],"replies":[{"embeddable":true,"href":"https:\/\/humanrights-online.org\/be\/wp-json\/wp\/v2\/comments?post=26458"}],"version-history":[{"count":2,"href":"https:\/\/humanrights-online.org\/be\/wp-json\/wp\/v2\/posts\/26458\/revisions"}],"predecessor-version":[{"id":26460,"href":"https:\/\/humanrights-online.org\/be\/wp-json\/wp\/v2\/posts\/26458\/revisions\/26460"}],"wp:featuredmedia":[{"embeddable":true,"href":"https:\/\/humanrights-online.org\/be\/wp-json\/wp\/v2\/media\/26453"}],"wp:attachment":[{"href":"https:\/\/humanrights-online.org\/be\/wp-json\/wp\/v2\/media?parent=26458"}],"wp:term":[{"taxonomy":"category","embeddable":true,"href":"https:\/\/humanrights-online.org\/be\/wp-json\/wp\/v2\/categories?post=26458"},{"taxonomy":"post_tag","embeddable":true,"href":"https:\/\/humanrights-online.org\/be\/wp-json\/wp\/v2\/tags?post=26458"}],"curies":[{"name":"wp","href":"https:\/\/api.w.org\/{rel}","templated":true}]}}