{"id":5687,"date":"2016-10-27T16:37:50","date_gmt":"2016-10-27T14:37:50","guid":{"rendered":"http:\/\/humanrights-online.org\/en\/armenien-gute-beziehungen-denen-mit-der-tuerkei-geopfert\/"},"modified":"2021-11-26T10:53:03","modified_gmt":"2021-11-26T09:53:03","slug":"armenien-gute-beziehungen-denen-mit-der-tuerkei-geopfert","status":"publish","type":"post","link":"https:\/\/humanrights-online.org\/az\/armenien-gute-beziehungen-denen-mit-der-tuerkei-geopfert\/","title":{"rendered":"Armenien: Gute Beziehungen denen mit der T\u00fcrkei geopfert"},"content":{"rendered":"<div class=\"fusion-fullwidth fullwidth-box fusion-builder-row-1 nonhundred-percent-fullwidth non-hundred-percent-height-scrolling\" style=\"--awb-background-position:left top;--awb-border-radius-top-left:0px;--awb-border-radius-top-right:0px;--awb-border-radius-bottom-right:0px;--awb-border-radius-bottom-left:0px;--awb-padding-top:20px;--awb-padding-bottom:20px;--awb-border-sizes-top:0px;--awb-border-sizes-bottom:0px;--awb-flex-wrap:wrap;\" ><div class=\"fusion-builder-row fusion-row\"><div class=\"fusion-layout-column fusion_builder_column fusion-builder-column-0 fusion_builder_column_1_1 1_1 fusion-one-full fusion-column-first fusion-column-last fusion-column-no-min-height\" style=\"--awb-bg-size:cover;--awb-margin-bottom:0px;\"><div class=\"fusion-column-wrapper fusion-flex-column-wrapper-legacy\"><div class=\"fusion-text fusion-text-1\"><p><strong>Armenien: Gute Beziehungen denen mit der T\u00fcrkei geopfert<br \/>\n<\/strong><br \/>\n\u201eDie T\u00fcrkei versucht immer wieder, die schwarze Seite ihrer Geschichte zu verbergen und zieht andere L\u00e4nder mit in diesen Abgrund. Wir sind keine Politiker, aber wir meinen, dass ein solches Lavieren kein Zeichen von R\u00fcckgrat ist. Vor der Welt demonstriert die westliche Welt demokratische Prinzipien und praktiziert selbst Doppelz\u00fcngigkeit.\u201c<br \/>\nDas ist in kurzen Worten die Reaktion der armenischen Sektion der IGFM auf die Feststellung der Bundesregierung, wonach die Entschlie\u00dfung des Deutschen Bundestages zum V\u00f6lkermord an den Armeniern vor 100 Jahren f\u00fcr sie nicht bindend sei. Auch die deutsche Sektion der IGFM hat sich f\u00fcr die Anerkennung des V\u00f6lkermords 1915 stark gemacht und ist ersch\u00fcttert, wie leicht mit der Entschlie\u00dfung auch die Empfehlungen im Namen der Fraktionen der CDU\/CSU, der SPD und B\u00fcndnis 90\/Die Gr\u00fcnen vom Tisch gefegt wurden.<\/p>\n<p>In diesem Anhang zur Entschlie\u00dfung vom 31. Mai 2016 fordern die Unterzeichner unter anderem:<br \/>\n&#8211; Die t\u00fcrkische Seite zu ermutigen, sich mit den damaligen Vertreibungen und Massakern offen auseinanderzusetzen, um damit den notwendigen Grundstein f\u00fcr die Vers\u00f6hnung mit dem armenischen Volk zu legen,<br \/>\n&#8211; eine Aufarbeitung der historischen Ereignisse durch die T\u00fcrkei und Armenien als ersten Schritt zur Vers\u00f6hnung und zur l\u00e4ngst \u00fcberf\u00e4lligen Verbesserung der t\u00fcrkisch-armenischen Beziehungen aktiv zu unterst\u00fctzen, z.B. durch Stipendien f\u00fcr Wissenschaftlerinnen und Wissenschaftlern oder Unterst\u00fctzung zivilgesellschaftlicher Kr\u00e4fte aus beiden L\u00e4ndern, die sich f\u00fcr Aufarbeitung und Vers\u00f6hnung engagieren.<\/p>\n<p>Die IGFM hofft sehr, dass die Abgeordneten Format und R\u00fcckgrat haben, bei Gespr\u00e4chen mit t\u00fcrkischen Parlamentskollegen ihre Haltung vom 31.5.2016 zu bekr\u00e4ftigen und vor allem f\u00fcr die Umsetzung der Forderungen, deren Ziel die Vers\u00f6hnung ist, ihren eigenen Beitrag wie z.B. Initiierung einer Gr\u00e4berf\u00fcrsorge leisten.<\/p>\n<p>Author: Karl Hafen<\/p>\n<\/div><div class=\"fusion-clearfix\"><\/div><\/div><\/div><\/div><\/div>\n","protected":false},"excerpt":{"rendered":"","protected":false},"author":93,"featured_media":5685,"comment_status":"closed","ping_status":"closed","sticky":false,"template":"","format":"standard","meta":{"slim_seo":{"title":"Armenien: Gute Beziehungen denen mit der T\u00fcrkei geopfert - Menschenrechte Osteuropa - News &amp; Konflikte","description":"Armenien: Gute Beziehungen denen mit der T\u00fcrkei geopfert \u201eDie T\u00fcrkei versucht immer wieder, die schwarze Seite ihrer Geschichte zu verbergen und zieht andere L\u00e4"},"footnotes":""},"categories":[220,218,216],"tags":[],"class_list":["post-5687","post","type-post","status-publish","format-standard","has-post-thumbnail","hentry","category-armenia","category-bl-en","category-standard"],"_links":{"self":[{"href":"https:\/\/humanrights-online.org\/az\/wp-json\/wp\/v2\/posts\/5687","targetHints":{"allow":["GET"]}}],"collection":[{"href":"https:\/\/humanrights-online.org\/az\/wp-json\/wp\/v2\/posts"}],"about":[{"href":"https:\/\/humanrights-online.org\/az\/wp-json\/wp\/v2\/types\/post"}],"author":[{"embeddable":true,"href":"https:\/\/humanrights-online.org\/az\/wp-json\/wp\/v2\/users\/93"}],"replies":[{"embeddable":true,"href":"https:\/\/humanrights-online.org\/az\/wp-json\/wp\/v2\/comments?post=5687"}],"version-history":[{"count":2,"href":"https:\/\/humanrights-online.org\/az\/wp-json\/wp\/v2\/posts\/5687\/revisions"}],"predecessor-version":[{"id":31245,"href":"https:\/\/humanrights-online.org\/az\/wp-json\/wp\/v2\/posts\/5687\/revisions\/31245"}],"wp:featuredmedia":[{"embeddable":true,"href":"https:\/\/humanrights-online.org\/az\/wp-json\/wp\/v2\/media\/5685"}],"wp:attachment":[{"href":"https:\/\/humanrights-online.org\/az\/wp-json\/wp\/v2\/media?parent=5687"}],"wp:term":[{"taxonomy":"category","embeddable":true,"href":"https:\/\/humanrights-online.org\/az\/wp-json\/wp\/v2\/categories?post=5687"},{"taxonomy":"post_tag","embeddable":true,"href":"https:\/\/humanrights-online.org\/az\/wp-json\/wp\/v2\/tags?post=5687"}],"curies":[{"name":"wp","href":"https:\/\/api.w.org\/{rel}","templated":true}]}}