{"id":5620,"date":"2016-09-08T18:52:07","date_gmt":"2016-09-08T16:52:07","guid":{"rendered":"http:\/\/humanrights-online.org\/en\/ukrainisches-kinderlager-fur-die-heranwachsende-jugend\/"},"modified":"2021-11-26T10:53:22","modified_gmt":"2021-11-26T09:53:22","slug":"ukrainisches-kinderlager-fur-die-heranwachsende-jugend","status":"publish","type":"post","link":"https:\/\/humanrights-online.org\/az\/ukrainisches-kinderlager-fur-die-heranwachsende-jugend\/","title":{"rendered":"Ukrainisches Kinderlager f\u00fcr die heranwachsende Jugend"},"content":{"rendered":"<div class=\"fusion-fullwidth fullwidth-box fusion-builder-row-1 nonhundred-percent-fullwidth non-hundred-percent-height-scrolling\" style=\"--awb-background-position:left top;--awb-border-radius-top-left:0px;--awb-border-radius-top-right:0px;--awb-border-radius-bottom-right:0px;--awb-border-radius-bottom-left:0px;--awb-padding-top:20px;--awb-padding-bottom:20px;--awb-border-sizes-top:0px;--awb-border-sizes-bottom:0px;--awb-flex-wrap:wrap;\" ><div class=\"fusion-builder-row fusion-row\"><div class=\"fusion-layout-column fusion_builder_column fusion-builder-column-0 fusion_builder_column_1_2 1_2 fusion-one-half fusion-column-first\" style=\"--awb-bg-size:cover;width:48%; margin-right: 4%;\"><div class=\"fusion-column-wrapper fusion-flex-column-wrapper-legacy\"><div class=\"fusion-text fusion-text-1\"><p>Auf dem Video ist ein Ausschnitt aus dem Leben des Sommerlagers f\u00fcr patriotische Kinder zu sehen. In dem patriotischen Lager m\u00fcssen nat\u00fcrlich auch patriotische Erzieher sein. Wenn man \u00a0sich etwas Zeit nimmt, und das Video in seiner vollen L\u00e4nge sich anschaut, wird einer von dem Ausma\u00df dieses Verbr&#8230;hust&#8230;Patriotismus erstaunt. In dem Explosion des Informaionskrieges mit Russland, werden solche Zwischenf\u00e4lle gerne verschwiegen. Denn wir &#8220;brauchen&#8221; ein b\u00f6ses Russland. F\u00fcr ein b\u00f6ses Russland muss nat\u00fcrlich eine &#8220;gute&#8221; Ukraine her&#8230; Und das um jeden Preis.<\/p>\n<p>&nbsp;<\/p>\n<p>Man kann kaum glauben, dass sowas in Europa im XXI Jhd. passieren kann. Man will hoffen, dass es nur ein St\u00fcck der antiukrainischen Propaganda ist. Aber leider ist es nicht der Fall. Die Person ist schon festgestellt worden (http:\/\/poliksal.ru\/proishestviya\/69603-zaryadka-pod-dulom-avtomata-detskiy-lager-smerti-pod-mariupolem-shokiroval-ukrainu-video-vzorvalo-socseti.html, http:\/\/korrespondent.net\/ukraine\/3742308-boets-ato-vospytatel-strelial-v-rebenka-na-zaniatyiakh).<\/p>\n<p>Und wenn es auch zu einem gerichtlichen Prozess kommen sollte, werden die &#8220;patrionischen Aktivisten&#8221; es nicht erm\u00f6glichen und sabotieren. Bei stillschweigendem Zugucken ukrainischer Regierung.<\/p>\n<\/div><div class=\"fusion-clearfix\"><\/div><\/div><\/div><div class=\"fusion-layout-column fusion_builder_column fusion-builder-column-1 fusion_builder_column_1_2 1_2 fusion-one-half fusion-column-last\" style=\"--awb-bg-size:cover;width:48%;\"><div class=\"fusion-column-wrapper fusion-flex-column-wrapper-legacy\"><div class=\"fusion-text fusion-text-2\"><div style=\"width: 400px;\" class=\"wp-video\"><video class=\"wp-video-shortcode\" id=\"video-5620-1\" width=\"400\" height=\"360\" preload=\"metadata\" controls=\"controls\"><source type=\"video\/mp4\" src=\"http:\/\/humanrights-online.org\/wp-content\/uploads\/2016\/09\/\u0423-\u0442\u0430\u0431\u043e\u0440\u0456-\u043d\u0430-\u0422\u0435\u0440\u043d\u043e\u043f\u0456\u043b\u044c\u0449\u0438\u043d\u0456-\u0434\u0456\u0442\u0438-\u0437\u0430\u0439\u043c\u0430\u044e\u0442\u044c\u0441\u044f-\u043f\u0456\u0434-\u0434\u0443\u043b\u043e\u043c.mp4?_=1\" \/><a href=\"http:\/\/humanrights-online.org\/wp-content\/uploads\/2016\/09\/\u0423-\u0442\u0430\u0431\u043e\u0440\u0456-\u043d\u0430-\u0422\u0435\u0440\u043d\u043e\u043f\u0456\u043b\u044c\u0449\u0438\u043d\u0456-\u0434\u0456\u0442\u0438-\u0437\u0430\u0439\u043c\u0430\u044e\u0442\u044c\u0441\u044f-\u043f\u0456\u0434-\u0434\u0443\u043b\u043e\u043c.mp4\">http:\/\/humanrights-online.org\/wp-content\/uploads\/2016\/09\/\u0423-\u0442\u0430\u0431\u043e\u0440\u0456-\u043d\u0430-\u0422\u0435\u0440\u043d\u043e\u043f\u0456\u043b\u044c\u0449\u0438\u043d\u0456-\u0434\u0456\u0442\u0438-\u0437\u0430\u0439\u043c\u0430\u044e\u0442\u044c\u0441\u044f-\u043f\u0456\u0434-\u0434\u0443\u043b\u043e\u043c.mp4<\/a><\/video><\/div>\n<\/div><div class=\"fusion-clearfix\"><\/div><\/div><\/div><\/div><\/div>\n","protected":false},"excerpt":{"rendered":"","protected":false},"author":113,"featured_media":0,"comment_status":"closed","ping_status":"closed","sticky":false,"template":"","format":"standard","meta":{"slim_seo":{"title":"Ukrainisches Kinderlager f\u00fcr die heranwachsende Jugend - Menschenrechte Osteuropa - News &amp; Konflikte","description":"Auf dem Video ist ein Ausschnitt aus dem Leben des Sommerlagers f\u00fcr patriotische Kinder zu sehen. In dem patriotischen Lager m\u00fcssen nat\u00fcrlich auch patriotische"},"footnotes":""},"categories":[218,216,269],"tags":[271,272],"class_list":["post-5620","post","type-post","status-publish","format-standard","hentry","category-bl-en","category-standard","category-ukraine-cat-en","tag--en"],"_links":{"self":[{"href":"https:\/\/humanrights-online.org\/az\/wp-json\/wp\/v2\/posts\/5620","targetHints":{"allow":["GET"]}}],"collection":[{"href":"https:\/\/humanrights-online.org\/az\/wp-json\/wp\/v2\/posts"}],"about":[{"href":"https:\/\/humanrights-online.org\/az\/wp-json\/wp\/v2\/types\/post"}],"author":[{"embeddable":true,"href":"https:\/\/humanrights-online.org\/az\/wp-json\/wp\/v2\/users\/113"}],"replies":[{"embeddable":true,"href":"https:\/\/humanrights-online.org\/az\/wp-json\/wp\/v2\/comments?post=5620"}],"version-history":[{"count":3,"href":"https:\/\/humanrights-online.org\/az\/wp-json\/wp\/v2\/posts\/5620\/revisions"}],"predecessor-version":[{"id":31336,"href":"https:\/\/humanrights-online.org\/az\/wp-json\/wp\/v2\/posts\/5620\/revisions\/31336"}],"wp:attachment":[{"href":"https:\/\/humanrights-online.org\/az\/wp-json\/wp\/v2\/media?parent=5620"}],"wp:term":[{"taxonomy":"category","embeddable":true,"href":"https:\/\/humanrights-online.org\/az\/wp-json\/wp\/v2\/categories?post=5620"},{"taxonomy":"post_tag","embeddable":true,"href":"https:\/\/humanrights-online.org\/az\/wp-json\/wp\/v2\/tags?post=5620"}],"curies":[{"name":"wp","href":"https:\/\/api.w.org\/{rel}","templated":true}]}}