{"id":20888,"date":"2019-09-09T10:26:16","date_gmt":"2019-09-09T08:26:16","guid":{"rendered":"https:\/\/humanrights-online.org\/?p=20888"},"modified":"2021-11-26T10:45:05","modified_gmt":"2021-11-26T09:45:05","slug":"seminar-on-disinformation-in-gagauzia","status":"publish","type":"post","link":"https:\/\/humanrights-online.org\/az\/seminar-on-disinformation-in-gagauzia\/","title":{"rendered":"Seminar on disinformation in Gagauzia"},"content":{"rendered":"<h1><strong>Seminar on disinformation in Gagauzia <\/strong><\/h1>\n<div class=\"fusion-fullwidth fullwidth-box fusion-builder-row-1 hundred-percent-fullwidth non-hundred-percent-height-scrolling\" style=\"--awb-border-radius-top-left:0px;--awb-border-radius-top-right:0px;--awb-border-radius-bottom-right:0px;--awb-border-radius-bottom-left:0px;--awb-overflow:visible;--awb-flex-wrap:wrap;\" ><div class=\"fusion-builder-row fusion-row\"><div class=\"fusion-layout-column fusion_builder_column fusion-builder-column-0 fusion_builder_column_1_1 1_1 fusion-one-full fusion-column-first fusion-column-last fusion-column-no-min-height\" style=\"--awb-bg-size:cover;--awb-margin-bottom:0px;\"><div class=\"fusion-column-wrapper fusion-flex-column-wrapper-legacy\"><div id=\"attachment_20853\" style=\"width: 424px\" class=\"wp-caption alignleft\"><img decoding=\"async\" aria-describedby=\"caption-attachment-20853\" class=\"wp-image-20853\" src=\"https:\/\/humanrights-online.org\/wp-content\/uploads\/2019\/11\/komrat_.jpg\" alt=\"\" width=\"414\" height=\"271\" srcset=\"https:\/\/humanrights-online.org\/wp-content\/uploads\/2019\/11\/komrat_-31x20.jpg 31w, https:\/\/humanrights-online.org\/wp-content\/uploads\/2019\/11\/komrat_-200x131.jpg 200w, https:\/\/humanrights-online.org\/wp-content\/uploads\/2019\/11\/komrat_-306x200.jpg 306w, https:\/\/humanrights-online.org\/wp-content\/uploads\/2019\/11\/komrat_-400x262.jpg 400w, https:\/\/humanrights-online.org\/wp-content\/uploads\/2019\/11\/komrat_-600x393.jpg 600w, https:\/\/humanrights-online.org\/wp-content\/uploads\/2019\/11\/komrat_-768x502.jpg 768w, https:\/\/humanrights-online.org\/wp-content\/uploads\/2019\/11\/komrat_-800x523.jpg 800w, https:\/\/humanrights-online.org\/wp-content\/uploads\/2019\/11\/komrat_.jpg 856w\" sizes=\"(max-width: 414px) 100vw, 414px\" \/><p id=\"caption-attachment-20853\" class=\"wp-caption-text\">Picture No. 1. On entrance to Comrat \u2013 the capital of Gagauzia<\/p><\/div>\n<p><strong>On August 24, the Moldovan section of the International Society for Human Rights (ISHR) held a training seminar in Gagauzia as part of the international project &#8220;Mass Media, Opinion Formation, Human Rights&#8221;<\/strong><\/p>\n<p>The choice of venue for the seminar is due to the unique situation that has historically developed in this region.<\/p>\n<p>The autonomous territorial entity of Gagauzia was ultimately enshrined in the constitution of Moldova in 1999. Although Gagauzia, as well as Transnistria, declared independence in the 1990s and expressed its desire to remain in the USSR, and then in the failed Union of Sovereign States (USS) and even for some time was the unrecognized state &#8211; the Republic of Gagauzia, its problems were resolved relatively peacefully in contrast to Transnistria.<\/p>\n<p>In December 1994, the Parliament of Moldova adopted the Law on the Special Legal Status of Gagauzia (Gagauz-Yeri), which endowed the region with compact residence of the Gagauzians with autonomy rights. On July 22, 1995, the Vulcanesti, Comrat and Ceadir-Lunga regions became the internal regions of Gagauzia, however, the boundaries of the regions changed after the referendum held in the above villages, as well as of the neighboring regions Basarabeasca and Taraclia.<\/p>\n<p>Many European human rights organizations have recognized Gagauzia as a successful example of resolving local national conflicts for other countries.<\/p>\n<p>In the 2000s, Turkey provided significant assistance to Gagauzia.<\/p>\n<p>Since the second half of the 2000s, political tensions between the authorities of Gagauzia and Chisinau have increased.<\/p>\n<p>On February 2, 2014, the authorities of the autonomous republic held a referendum, during which 98 percent of the population voted in favor of the \u201cdeferred\/postponed status of autonomy\u201d, which gives it the right to secede from Moldova in case it loses its independence. Moldovan authorities declared the referendum unlawful and its results &#8211; null and void.<\/p>\n<p>In Avdarma, a picturesque Gagauz village located 15 km from Comrat, a seminar was held at the \u201cAvdarma\u201d business center organized by the International Society for Human Rights concerning the disinformation in the media space of Moldova.<\/p>\n<p>&nbsp;<\/p>\n<div class=\"fusion-clearfix\"><\/div><\/div><\/div><div class=\"fusion-layout-column fusion_builder_column fusion-builder-column-1 fusion_builder_column_1_1 1_1 fusion-one-full fusion-column-first fusion-column-last fusion-column-no-min-height\" style=\"--awb-bg-size:cover;--awb-margin-bottom:0px;\"><div class=\"fusion-column-wrapper fusion-flex-column-wrapper-legacy\"><div id=\"attachment_20854\" style=\"width: 761px\" class=\"wp-caption aligncenter\"><img decoding=\"async\" aria-describedby=\"caption-attachment-20854\" class=\"wp-image-20854 \" src=\"https:\/\/humanrights-online.org\/wp-content\/uploads\/2019\/11\/image004.jpg\" alt=\"\" width=\"751\" height=\"388\" srcset=\"https:\/\/humanrights-online.org\/wp-content\/uploads\/2019\/11\/image004-31x16.jpg 31w, https:\/\/humanrights-online.org\/wp-content\/uploads\/2019\/11\/image004-200x103.jpg 200w, https:\/\/humanrights-online.org\/wp-content\/uploads\/2019\/11\/image004-387x200.jpg 387w, https:\/\/humanrights-online.org\/wp-content\/uploads\/2019\/11\/image004-400x207.jpg 400w, https:\/\/humanrights-online.org\/wp-content\/uploads\/2019\/11\/image004-600x310.jpg 600w, https:\/\/humanrights-online.org\/wp-content\/uploads\/2019\/11\/image004-768x397.jpg 768w, https:\/\/humanrights-online.org\/wp-content\/uploads\/2019\/11\/image004.jpg 770w\" sizes=\"(max-width: 751px) 100vw, 751px\" \/><p id=\"caption-attachment-20854\" class=\"wp-caption-text\">Picture No. 2. Memorial sign at the entrance to Avdarma.<\/p><\/div>\n<p>&nbsp;<\/p>\n<p>It is worth noting that the Avdarma village is a unique village in Moldova. In this village, in 2018, at the general gathering of villagers, the nineteenth of October was approved as a \u201cMemorial Day for the Victims of the Famine of 1946-1947\u201d. The date of October 19 was chosen because on this day in 1946, for the first time, an official letter was sent from Comrat to the authorities of the Central Committee of the Communist Party of Moldova that people were dying of famine. Those people who signed this letter were repressed.<\/p>\n<p>And only this year this day was recognized at the level of the whole Gagauzia. A monument was erected in honor of those who died of famine in Avdarma.<\/p>\n<p>According to historians, as a result of the famine of the 1946 \u2013 1947s, which became widespread in the south settlements of the MSSR, up to a third of the Gagauz population died.<\/p>\n<p>&nbsp;<\/p>\n<div class=\"fusion-clearfix\"><\/div><\/div><\/div><div class=\"fusion-layout-column fusion_builder_column fusion-builder-column-2 fusion_builder_column_1_1 1_1 fusion-one-full fusion-column-first fusion-column-last fusion-column-no-min-height\" style=\"--awb-bg-size:cover;--awb-margin-bottom:0px;\"><div class=\"fusion-column-wrapper fusion-flex-column-wrapper-legacy\"><div id=\"attachment_20855\" style=\"width: 760px\" class=\"wp-caption aligncenter\"><img decoding=\"async\" aria-describedby=\"caption-attachment-20855\" class=\"wp-image-20855\" src=\"https:\/\/humanrights-online.org\/wp-content\/uploads\/2019\/11\/memorial_avdarma-1024x768.jpg\" alt=\"\" width=\"750\" height=\"563\" srcset=\"https:\/\/humanrights-online.org\/wp-content\/uploads\/2019\/11\/memorial_avdarma-31x23.jpg 31w, https:\/\/humanrights-online.org\/wp-content\/uploads\/2019\/11\/memorial_avdarma-200x150.jpg 200w, https:\/\/humanrights-online.org\/wp-content\/uploads\/2019\/11\/memorial_avdarma-267x200.jpg 267w, https:\/\/humanrights-online.org\/wp-content\/uploads\/2019\/11\/memorial_avdarma-400x300.jpg 400w, https:\/\/humanrights-online.org\/wp-content\/uploads\/2019\/11\/memorial_avdarma-600x450.jpg 600w, https:\/\/humanrights-online.org\/wp-content\/uploads\/2019\/11\/memorial_avdarma-768x576.jpg 768w, https:\/\/humanrights-online.org\/wp-content\/uploads\/2019\/11\/memorial_avdarma-800x600.jpg 800w, https:\/\/humanrights-online.org\/wp-content\/uploads\/2019\/11\/memorial_avdarma.jpg 1024w\" sizes=\"(max-width: 750px) 100vw, 750px\" \/><p id=\"caption-attachment-20855\" class=\"wp-caption-text\">Picture 3. Monument \u201cAc\u0131 k\u00f6\u015fesi\u201d in memory of the victims of the famine of the 1946-1947s.<\/p><\/div>\n<p>&nbsp;<\/p>\n<div class=\"fusion-clearfix\"><\/div><\/div><\/div><div class=\"fusion-layout-column fusion_builder_column fusion-builder-column-3 fusion_builder_column_1_1 1_1 fusion-one-full fusion-column-first fusion-column-last fusion-column-no-min-height\" style=\"--awb-bg-size:cover;--awb-margin-bottom:0px;\"><div class=\"fusion-column-wrapper fusion-flex-column-wrapper-legacy\"><div id=\"attachment_20856\" style=\"width: 760px\" class=\"wp-caption aligncenter\"><img decoding=\"async\" aria-describedby=\"caption-attachment-20856\" class=\"wp-image-20856\" src=\"https:\/\/humanrights-online.org\/wp-content\/uploads\/2019\/11\/image008.jpg\" alt=\"\" width=\"750\" height=\"563\" srcset=\"https:\/\/humanrights-online.org\/wp-content\/uploads\/2019\/11\/image008-31x23.jpg 31w, https:\/\/humanrights-online.org\/wp-content\/uploads\/2019\/11\/image008-200x150.jpg 200w, https:\/\/humanrights-online.org\/wp-content\/uploads\/2019\/11\/image008-267x200.jpg 267w, https:\/\/humanrights-online.org\/wp-content\/uploads\/2019\/11\/image008-400x300.jpg 400w, https:\/\/humanrights-online.org\/wp-content\/uploads\/2019\/11\/image008-600x450.jpg 600w, https:\/\/humanrights-online.org\/wp-content\/uploads\/2019\/11\/image008-768x576.jpg 768w, https:\/\/humanrights-online.org\/wp-content\/uploads\/2019\/11\/image008.jpg 779w\" sizes=\"(max-width: 750px) 100vw, 750px\" \/><p id=\"caption-attachment-20856\" class=\"wp-caption-text\">Picture 4. Monument in Comrat in memory of the victims of political repressions during Stalin&#8217;s day.<\/p><\/div>\n<p>&nbsp;<\/p>\n<p>Since 1998, the first newspaper in the Gagauz language \u201cAna S\u00f6z\u00fc\u201d has been published in Gagauzia.<\/p>\n<p>Such newspapers as \u201cHakikat\u0131n sesi\u201d, \u201cMeydan\u201d and the magazines \u201cSabaa y\u0131ld\u0131z\u0131\u201d and \u201cGagauz dili hem literaturas\u0131\u201d are also currently being published in the Gagauz language.<\/p>\n<p>The Gagauz public television and radio broadcaster is the Teleradio of Gagauzia (Gag. Gagauziya Radio Televizionu kulesi &#8211; GRT), which hosts its programs in three languages: Gagauz, Russian and Moldavian. Some other television channels broadcast along with GRT, such as for example Achik TV (Acik TV).<\/p>\n<p>The region has the following news portals:<\/p>\n<div class=\"fusion-clearfix\"><\/div><\/div><\/div><div class=\"fusion-layout-column fusion_builder_column fusion-builder-column-4 fusion_builder_column_1_1 1_1 fusion-one-full fusion-column-first fusion-column-last fusion-column-no-min-height\" style=\"--awb-bg-size:cover;--awb-margin-bottom:0px;\"><div class=\"fusion-column-wrapper fusion-flex-column-wrapper-legacy\"><div id=\"attachment_20857\" style=\"width: 760px\" class=\"wp-caption aligncenter\"><img decoding=\"async\" aria-describedby=\"caption-attachment-20857\" class=\"wp-image-20857\" src=\"https:\/\/humanrights-online.org\/wp-content\/uploads\/2019\/11\/news_maker.jpg\" alt=\"\" width=\"750\" height=\"562\" srcset=\"https:\/\/humanrights-online.org\/wp-content\/uploads\/2019\/11\/news_maker-31x23.jpg 31w, https:\/\/humanrights-online.org\/wp-content\/uploads\/2019\/11\/news_maker-200x150.jpg 200w, https:\/\/humanrights-online.org\/wp-content\/uploads\/2019\/11\/news_maker-267x200.jpg 267w, https:\/\/humanrights-online.org\/wp-content\/uploads\/2019\/11\/news_maker-400x300.jpg 400w, https:\/\/humanrights-online.org\/wp-content\/uploads\/2019\/11\/news_maker-600x449.jpg 600w, https:\/\/humanrights-online.org\/wp-content\/uploads\/2019\/11\/news_maker-768x575.jpg 768w, https:\/\/humanrights-online.org\/wp-content\/uploads\/2019\/11\/news_maker-800x599.jpg 800w, https:\/\/humanrights-online.org\/wp-content\/uploads\/2019\/11\/news_maker.jpg 896w\" sizes=\"(max-width: 750px) 100vw, 750px\" \/><p id=\"caption-attachment-20857\" class=\"wp-caption-text\">Picture 5. Poster on a Street of Comrat. Advertising of the news portal which is in the confidence of the residents of Moldova.<\/p><\/div>\n<p>&nbsp;<\/p>\n<p>The seminar was attended by local journalists, the director of Gagauz television, deputy mayors and mayors, as well as local Mayor&#8217;s office advisers of the cities neighboring with Comrat.<\/p>\n<p>During the seminar there was presented information on the situation in the Moldovan media space and the engaged mass media, which belong nowadays to the oligarchs or political groups.<\/p>\n<p>&nbsp;<\/p>\n<div class=\"fusion-clearfix\"><\/div><\/div><\/div><div class=\"fusion-layout-column fusion_builder_column fusion-builder-column-5 fusion_builder_column_1_1 1_1 fusion-one-full fusion-column-first fusion-column-last fusion-column-no-min-height\" style=\"--awb-bg-size:cover;--awb-margin-bottom:0px;\"><div class=\"fusion-column-wrapper fusion-flex-column-wrapper-legacy\"><div id=\"attachment_20860\" style=\"width: 801px\" class=\"wp-caption aligncenter\"><img decoding=\"async\" aria-describedby=\"caption-attachment-20860\" class=\"wp-image-20860\" src=\"https:\/\/humanrights-online.org\/wp-content\/uploads\/2019\/11\/sandu_fake.jpg\" alt=\"\" width=\"791\" height=\"448\" srcset=\"https:\/\/humanrights-online.org\/wp-content\/uploads\/2019\/11\/sandu_fake-31x18.jpg 31w, https:\/\/humanrights-online.org\/wp-content\/uploads\/2019\/11\/sandu_fake-200x113.jpg 200w, https:\/\/humanrights-online.org\/wp-content\/uploads\/2019\/11\/sandu_fake-353x200.jpg 353w, https:\/\/humanrights-online.org\/wp-content\/uploads\/2019\/11\/sandu_fake-400x227.jpg 400w, https:\/\/humanrights-online.org\/wp-content\/uploads\/2019\/11\/sandu_fake-600x340.jpg 600w, https:\/\/humanrights-online.org\/wp-content\/uploads\/2019\/11\/sandu_fake-768x435.jpg 768w, https:\/\/humanrights-online.org\/wp-content\/uploads\/2019\/11\/sandu_fake-800x454.jpg 800w, https:\/\/humanrights-online.org\/wp-content\/uploads\/2019\/11\/sandu_fake.jpg 986w\" sizes=\"(max-width: 791px) 100vw, 791px\" \/><p id=\"caption-attachment-20860\" class=\"wp-caption-text\">Picture 6. An example of manipulation in the Moldovan mass media. The speech of Prime Minister Maia Sandu in Gagauzia was mounted\/doctored as if being filmed on the background of the Russian flag. Although in fact there was a flag of Gagauzia.<\/p><\/div>\n<p>&nbsp;<\/p>\n<p>Unfortunately, in recent years, a large number of media outlets have appeared in Moldova that are engaged in brazen propaganda.<\/p>\n<p>&nbsp;<\/p>\n<div class=\"fusion-clearfix\"><\/div><\/div><\/div><div class=\"fusion-layout-column fusion_builder_column fusion-builder-column-6 fusion_builder_column_1_1 1_1 fusion-one-full fusion-column-first fusion-column-last fusion-column-no-min-height\" style=\"--awb-bg-size:cover;--awb-margin-bottom:0px;\"><div class=\"fusion-column-wrapper fusion-flex-column-wrapper-legacy\"><div id=\"attachment_20859\" style=\"width: 790px\" class=\"wp-caption aligncenter\"><img decoding=\"async\" aria-describedby=\"caption-attachment-20859\" class=\"wp-image-20859 size-full\" src=\"https:\/\/humanrights-online.org\/wp-content\/uploads\/2019\/11\/image012.jpg\" alt=\"\" width=\"780\" height=\"436\" srcset=\"https:\/\/humanrights-online.org\/wp-content\/uploads\/2019\/11\/image012-31x17.jpg 31w, https:\/\/humanrights-online.org\/wp-content\/uploads\/2019\/11\/image012-200x112.jpg 200w, https:\/\/humanrights-online.org\/wp-content\/uploads\/2019\/11\/image012-358x200.jpg 358w, https:\/\/humanrights-online.org\/wp-content\/uploads\/2019\/11\/image012-400x224.jpg 400w, https:\/\/humanrights-online.org\/wp-content\/uploads\/2019\/11\/image012-600x335.jpg 600w, https:\/\/humanrights-online.org\/wp-content\/uploads\/2019\/11\/image012-768x429.jpg 768w, https:\/\/humanrights-online.org\/wp-content\/uploads\/2019\/11\/image012.jpg 780w\" sizes=\"(max-width: 780px) 100vw, 780px\" \/><p id=\"caption-attachment-20859\" class=\"wp-caption-text\">Picture 7. An example of a fake news portal that is popular and trusted.<\/p><\/div>\n<p>&nbsp;<\/p>\n<p>The lecturers of the seminar gave examples of how the manipulations on the information portals take place, and how, deriving political benefits, fake news can discredit opponents and mislead the great masses of population.<\/p>\n<p>The mass media actively use the language of hatred and apply technologies to incite ethnic hatred, dividing the society into separate unfriendly communities.<\/p>\n<p>Very often, news portals take advantage of the fact that they incorrectly translate some information from Romanian into Russian and vice versa. And this also leads to distortions in the information presentation.<\/p>\n<p>An active exchange of views took place within the framework of the event.<\/p>\n<p>The seminar participants expressed the idea that such seminars should be introduced as a special course in schools and higher educational institutions of the country.<\/p>\n<p>&nbsp;<\/p>\n<p>#CivilSocietyCooperation<div class=\"fusion-clearfix\"><\/div><\/div><\/div><\/div><\/div>\n","protected":false},"excerpt":{"rendered":"<p>Seminar on disinformation in Gagauzia<\/p>\n","protected":false},"author":113,"featured_media":20853,"comment_status":"open","ping_status":"closed","sticky":false,"template":"","format":"standard","meta":{"slim_seo":{"title":"Seminar on disinformation in Gagauzia - Menschenrechte Osteuropa - News &amp; Konflikte","description":"Seminar on disinformation in Gagauzia Picture No. 1. On entrance to Comrat \u2013 the capital of Gagauzia On August 24, the Moldovan section of the International Soc"},"footnotes":""},"categories":[218,587,497,529,236,112,216],"tags":[823],"class_list":["post-20888","post","type-post","status-publish","format-standard","has-post-thumbnail","hentry","category-bl-en","category-country-moldova-en-3","category-country-moldova-en","category-country-moldova-ru-en","category-moldawien-cat-en","category-moldova","category-standard","tag-civilsocietycooperation"],"_links":{"self":[{"href":"https:\/\/humanrights-online.org\/az\/wp-json\/wp\/v2\/posts\/20888","targetHints":{"allow":["GET"]}}],"collection":[{"href":"https:\/\/humanrights-online.org\/az\/wp-json\/wp\/v2\/posts"}],"about":[{"href":"https:\/\/humanrights-online.org\/az\/wp-json\/wp\/v2\/types\/post"}],"author":[{"embeddable":true,"href":"https:\/\/humanrights-online.org\/az\/wp-json\/wp\/v2\/users\/113"}],"replies":[{"embeddable":true,"href":"https:\/\/humanrights-online.org\/az\/wp-json\/wp\/v2\/comments?post=20888"}],"version-history":[{"count":2,"href":"https:\/\/humanrights-online.org\/az\/wp-json\/wp\/v2\/posts\/20888\/revisions"}],"predecessor-version":[{"id":29038,"href":"https:\/\/humanrights-online.org\/az\/wp-json\/wp\/v2\/posts\/20888\/revisions\/29038"}],"wp:featuredmedia":[{"embeddable":true,"href":"https:\/\/humanrights-online.org\/az\/wp-json\/wp\/v2\/media\/20853"}],"wp:attachment":[{"href":"https:\/\/humanrights-online.org\/az\/wp-json\/wp\/v2\/media?parent=20888"}],"wp:term":[{"taxonomy":"category","embeddable":true,"href":"https:\/\/humanrights-online.org\/az\/wp-json\/wp\/v2\/categories?post=20888"},{"taxonomy":"post_tag","embeddable":true,"href":"https:\/\/humanrights-online.org\/az\/wp-json\/wp\/v2\/tags?post=20888"}],"curies":[{"name":"wp","href":"https:\/\/api.w.org\/{rel}","templated":true}]}}