{"id":19964,"date":"2019-09-19T22:32:09","date_gmt":"2019-09-19T20:32:09","guid":{"rendered":"https:\/\/humanrights-online.org\/az\/?p=19964"},"modified":"2021-11-26T10:44:59","modified_gmt":"2021-11-26T09:44:59","slug":"az%c9%99rbaycan-qadini-kimdir-huequq-muedafi%c9%99cisi-s%c9%99ad%c9%99t-b%c9%99n%c9%99nyarli-v%c9%99-sosioloq-%c9%99hm%c9%99d-q%c9%99s%c9%99moglu-canli-yayinda","status":"publish","type":"post","link":"https:\/\/humanrights-online.org\/az\/az%c9%99rbaycan-qadini-kimdir-huequq-muedafi%c9%99cisi-s%c9%99ad%c9%99t-b%c9%99n%c9%99nyarli-v%c9%99-sosioloq-%c9%99hm%c9%99d-q%c9%99s%c9%99moglu-canli-yayinda\/","title":{"rendered":"Az\u0259rbaycan qad\u0131n\u0131 kimdir: H\u00fcquq m\u00fcdafi\u0259\u00e7isi S\u0259ad\u0259t B\u0259n\u0259nyarl\u0131 v\u0259 sosioloq \u018fhm\u0259d Q\u0259\u015f\u0259mo\u011flu Canl\u0131 Yay\u0131nda"},"content":{"rendered":"<h1><strong class=\"title-black\"><span class=\"title-red\">Az\u0259rbaycan qad\u0131n\u0131 kimdir:<\/span>\u00a0H\u00fcquq m\u00fcdafi\u0259\u00e7isi S\u0259ad\u0259t B\u0259n\u0259nyarl\u0131 v\u0259 sosioloq \u018fhm\u0259d Q\u0259\u015f\u0259mo\u011flu Canl\u0131 Yay\u0131nda<\/strong><\/h1>\n<p><strong><img decoding=\"async\" class=\"alignleft  wp-image-19965\" src=\"https:\/\/humanrights-online.org\/wp-content\/uploads\/2019\/09\/e9ebd3fd099fab2da5c7fea33ec5fa30-300x200.jpg\" alt=\"\" width=\"321\" height=\"214\" srcset=\"https:\/\/humanrights-online.org\/wp-content\/uploads\/2019\/09\/e9ebd3fd099fab2da5c7fea33ec5fa30-31x21.jpg 31w, https:\/\/humanrights-online.org\/wp-content\/uploads\/2019\/09\/e9ebd3fd099fab2da5c7fea33ec5fa30-200x133.jpg 200w, https:\/\/humanrights-online.org\/wp-content\/uploads\/2019\/09\/e9ebd3fd099fab2da5c7fea33ec5fa30-300x200.jpg 300w, https:\/\/humanrights-online.org\/wp-content\/uploads\/2019\/09\/e9ebd3fd099fab2da5c7fea33ec5fa30-400x267.jpg 400w, https:\/\/humanrights-online.org\/wp-content\/uploads\/2019\/09\/e9ebd3fd099fab2da5c7fea33ec5fa30.jpg 450w\" sizes=\"(max-width: 321px) 100vw, 321px\" \/>Bu g\u00fcn musavat.com sayt\u0131n\u0131n Facebook v\u0259 Youtube platformalar\u0131nda h\u0259yata ke\u00e7irdiyi &#8220;Canl\u0131 yay\u0131n\u201d\u0131n qona\u011f\u0131 h\u00fcquq m\u00fcdafi\u0259\u00e7isi S\u0259ad\u0259t B\u0259n\u0259nyarl\u0131 v\u0259 sosioloq \u018fhm\u0259d Q\u0259\u015f\u0259mo\u011fludur.<\/strong><\/p>\n<p>Haz\u0131rda ba\u015flayan\u00a0yay\u0131nda qonaqlar\u0131m\u0131zla Az\u0259rbaycanda qad\u0131n h\u00fcquqlar\u0131, qad\u0131nlar\u0131n idar\u0259etm\u0259d\u0259ki i\u015ftirak\u0131, ail\u0259d\u0259 v\u0259 c\u0259miyy\u0259td\u0259 qad\u0131n h\u00fcquqlar\u0131n\u0131n pozulmas\u0131 hallar\u0131, bo\u015fanm\u0131\u015f qad\u0131nlar\u0131n aliment probleml\u0259ri, qad\u0131nlar\u0131n iqtisadi v\u0259 i\u015fsizlik probleml\u0259ri kimi m\u00f6vzular\u0131 m\u00fczakir\u0259 ed\u0259c\u0259yik.<\/p>\n<p>M\u00fczakir\u0259d\u0259 dinl\u0259yicil\u0259rimiz d\u0259 i\u015ftirak ed\u0259 bil\u0259rl\u0259r.<\/p>\n<p>Bunun \u00fc\u00e7\u00fcn musavat.com-un Facebook, ya da Youtube s\u0259hif\u0259l\u0259rind\u0259n birini b\u0259y\u0259nib (like edib), canl\u0131 yay\u0131na qatila bil\u0259rsiniz.<\/p>\n","protected":false},"excerpt":{"rendered":"<p>Az\u0259rbaycan qad\u0131n\u0131 kimdir:\u00a0H\u00fcquq m\u00fcdafi\u0259\u00e7isi S\u0259ad\u0259t B\u0259n\u0259nyarl\u0131 v\u0259 sosioloq \u018fhm\u0259d Q\u0259\u015f\u0259mo\u011flu Canl\u0131 Yay\u0131nda Bu g\u00fcn musavat.com sayt\u0131n\u0131n Facebook v\u0259 Youtube platformalar\u0131nda h\u0259yata ke\u00e7irdiyi &#8220;Canl\u0131 yay\u0131n\u201d\u0131n qona\u011f\u0131 h\u00fcquq m\u00fcdafi\u0259\u00e7isi S\u0259ad\u0259t B\u0259n\u0259nyarl\u0131 v\u0259 sosioloq \u018fhm\u0259d Q\u0259\u015f\u0259mo\u011fludur. Haz\u0131rda ba\u015flayan\u00a0yay\u0131nda qonaqlar\u0131m\u0131zla Az\u0259rbaycanda qad\u0131n h\u00fcquqlar\u0131, qad\u0131nlar\u0131n idar\u0259etm\u0259d\u0259ki i\u015ftirak\u0131, ail\u0259d\u0259 v\u0259 c\u0259miyy\u0259td\u0259 qad\u0131n h\u00fcquqlar\u0131n\u0131n pozulmas\u0131 hallar\u0131, bo\u015fanm\u0131\u015f qad\u0131nlar\u0131n aliment probleml\u0259ri, qad\u0131nlar\u0131n iqtisadi v\u0259 i\u015fsizlik probleml\u0259ri kimi m\u00f6vzular\u0131 m\u00fczakir\u0259 ed\u0259c\u0259yik. M\u00fczakir\u0259d\u0259 dinl\u0259yicil\u0259rimiz d\u0259 i\u015ftirak ed\u0259 bil\u0259rl\u0259r. Bunun \u00fc\u00e7\u00fcn<\/p>\n","protected":false},"author":15,"featured_media":19965,"comment_status":"open","ping_status":"closed","sticky":false,"template":"","format":"standard","meta":{"slim_seo":{"title":"Az\u0259rbaycan qad\u0131n\u0131 kimdir: H\u00fcquq m\u00fcdafi\u0259\u00e7isi S\u0259ad\u0259t B\u0259n\u0259nyarl\u0131 v\u0259 sosioloq \u018fhm\u0259d Q\u0259\u015f\u0259mo\u011flu Canl\u0131 Yay\u0131nda - Menschenrechte Osteuropa - News &amp; Konflikte","description":"Az\u0259rbaycan qad\u0131n\u0131 kimdir: \u00a0H\u00fcquq m\u00fcdafi\u0259\u00e7isi S\u0259ad\u0259t B\u0259n\u0259nyarl\u0131 v\u0259 sosioloq \u018fhm\u0259d Q\u0259\u015f\u0259mo\u011flu Canl\u0131 Yay\u0131nda Bu g\u00fcn musavat.com sayt\u0131n\u0131n Facebook v\u0259 Youtube platfor"},"footnotes":""},"categories":[670,562,466,671,216],"tags":[870,873],"class_list":["post-19964","post","type-post","status-publish","format-standard","has-post-thumbnail","hentry","category-aserbaidschan-cat-az","category-blog-news-az","category-country-azerbaijan","category-country-azerbaijan-2-az","category-standard","tag-azrbaycan","tag-qadin-huequqlari"],"_links":{"self":[{"href":"https:\/\/humanrights-online.org\/az\/wp-json\/wp\/v2\/posts\/19964","targetHints":{"allow":["GET"]}}],"collection":[{"href":"https:\/\/humanrights-online.org\/az\/wp-json\/wp\/v2\/posts"}],"about":[{"href":"https:\/\/humanrights-online.org\/az\/wp-json\/wp\/v2\/types\/post"}],"author":[{"embeddable":true,"href":"https:\/\/humanrights-online.org\/az\/wp-json\/wp\/v2\/users\/15"}],"replies":[{"embeddable":true,"href":"https:\/\/humanrights-online.org\/az\/wp-json\/wp\/v2\/comments?post=19964"}],"version-history":[{"count":1,"href":"https:\/\/humanrights-online.org\/az\/wp-json\/wp\/v2\/posts\/19964\/revisions"}],"predecessor-version":[{"id":19967,"href":"https:\/\/humanrights-online.org\/az\/wp-json\/wp\/v2\/posts\/19964\/revisions\/19967"}],"wp:featuredmedia":[{"embeddable":true,"href":"https:\/\/humanrights-online.org\/az\/wp-json\/wp\/v2\/media\/19965"}],"wp:attachment":[{"href":"https:\/\/humanrights-online.org\/az\/wp-json\/wp\/v2\/media?parent=19964"}],"wp:term":[{"taxonomy":"category","embeddable":true,"href":"https:\/\/humanrights-online.org\/az\/wp-json\/wp\/v2\/categories?post=19964"},{"taxonomy":"post_tag","embeddable":true,"href":"https:\/\/humanrights-online.org\/az\/wp-json\/wp\/v2\/tags?post=19964"}],"curies":[{"name":"wp","href":"https:\/\/api.w.org\/{rel}","templated":true}]}}