{"id":16401,"date":"2018-12-25T13:10:45","date_gmt":"2018-12-25T12:10:45","guid":{"rendered":"https:\/\/humanrights-online.org\/en\/?p=16401"},"modified":"2021-11-26T10:46:08","modified_gmt":"2021-11-26T09:46:08","slug":"moldova-2018-a-challenging-year-for-human-rights-defenders","status":"publish","type":"post","link":"https:\/\/humanrights-online.org\/az\/moldova-2018-a-challenging-year-for-human-rights-defenders\/","title":{"rendered":"Moldova: 2018, a Challenging Year for Human Rights Defenders"},"content":{"rendered":"<h1 class=\"title\">Moldova: 2018, a Challenging Year for Human Rights Defenders<\/h1>\n<p><strong><img decoding=\"async\" class=\"alignleft  wp-image-16399\" src=\"https:\/\/humanrights-online.org\/wp-content\/uploads\/2018\/12\/moldova_human_rights-1024x814.jpg\" alt=\"\" width=\"390\" height=\"310\" srcset=\"https:\/\/humanrights-online.org\/wp-content\/uploads\/2018\/12\/moldova_human_rights-31x25.jpg 31w, https:\/\/humanrights-online.org\/wp-content\/uploads\/2018\/12\/moldova_human_rights-177x142.jpg 177w, https:\/\/humanrights-online.org\/wp-content\/uploads\/2018\/12\/moldova_human_rights-200x159.jpg 200w, https:\/\/humanrights-online.org\/wp-content\/uploads\/2018\/12\/moldova_human_rights-252x200.jpg 252w, https:\/\/humanrights-online.org\/wp-content\/uploads\/2018\/12\/moldova_human_rights-400x318.jpg 400w, https:\/\/humanrights-online.org\/wp-content\/uploads\/2018\/12\/moldova_human_rights-600x477.jpg 600w, https:\/\/humanrights-online.org\/wp-content\/uploads\/2018\/12\/moldova_human_rights-768x610.jpg 768w, https:\/\/humanrights-online.org\/wp-content\/uploads\/2018\/12\/moldova_human_rights-800x636.jpg 800w, https:\/\/humanrights-online.org\/wp-content\/uploads\/2018\/12\/moldova_human_rights-1024x814.jpg 1024w, https:\/\/humanrights-online.org\/wp-content\/uploads\/2018\/12\/moldova_human_rights-1200x953.jpg 1200w, https:\/\/humanrights-online.org\/wp-content\/uploads\/2018\/12\/moldova_human_rights.jpg 1280w\" sizes=\"(max-width: 390px) 100vw, 390px\" \/><\/strong><\/p>\n<p>The Moldovan authorities should respect, protect, promote and fulfil all human rights \u2013 civil, political, economic, social and cultural rights in the country. All past and ongoing human rights violations and abuses should be addressed. The authorities should end suppression of the civic space, including attacks on human rights defenders and civil society organizations and intolerance of views perceived to be critical of the authorities.<\/p>\n<p>Over the past year, Amnesty International has witnessed repeated harassment and intimidation of human rights defenders and civil society organizations, including by proposing legislation aimed at imposing impermissible restrictions and burdensome reporting obligations on non-governmental organisations. The authorities have failed to address some of the systemic problems in the Moldovan criminal justice system, in particular the poor conditions of detention and access to medical care in penitentiary institutions. In breach of the principle of <em>non-refoulement<\/em>, the authorities illegally deported seven Turkish teachers without giving them a chance to challenge the decision.<\/p>\n<p>Moldova is preparing for Parliamentary elections due to take place in 2019. The pre-election period offers an opportunity for political leaders to make specific commitments to respect, protect and promote economic, social and cultural rights, and to address past and ongoing violations of civil and political rights. The Moldovan authorities should also recognise the importance played by NGOs and other civil society actors in supporting the realisation of human rights for all people in Moldova without discrimination, and should publicly denounce attacks, intimidation and harassment of human rights defenders, other activists and civil society organizations.<\/p>\n<p><strong>Harassment and intimidation of non-governmental organizations and journalists<\/strong><\/p>\n<p>Some members of the authorities continued to support legislative changes which if passed into law and implemented would undermine the independence and freedom of action of civil society organizations, particularly burdensome reporting requirements and severe penalties for non-compliance for civil society organizations that receive foreign funding. However, parliamentary consideration of the relevant draft legislation was postponed until 2019. The relevant legislation was initially proposed, in the draft Law on NGOs, in 2017, but withdrawn the same year following criticism from the human rights community in Moldova and from international partners. However, similar changes to the law have since been discussed. The right to freedom of association would be seriously curtailed in Moldova, and many non-governmental organizations would face the risk of reprisals and potentially closure, if these changes were passed.<a href=\"https:\/\/amnesty.md\/en\/media\/moldova-2018-un-an-dificil-pentru-aparatorii-drepturilor-omului-2\/#_ftn1\" name=\"_ftnref1\"><div class=\"fusion-fullwidth fullwidth-box fusion-builder-row-1 hundred-percent-fullwidth non-hundred-percent-height-scrolling\" style=\"--awb-border-radius-top-left:0px;--awb-border-radius-top-right:0px;--awb-border-radius-bottom-right:0px;--awb-border-radius-bottom-left:0px;--awb-overflow:visible;--awb-flex-wrap:wrap;\" ><div class=\"fusion-builder-row fusion-row\"><div class=\"fusion-layout-column fusion_builder_column fusion-builder-column-0 fusion_builder_column_1_1 1_1 fusion-one-full fusion-column-first fusion-column-last fusion-column-no-min-height\" style=\"--awb-bg-size:cover;--awb-margin-bottom:0px;\"><div class=\"fusion-column-wrapper fusion-flex-column-wrapper-legacy\">[1]<\/a><\/p>\n<p>Politicians from the ruling Democratic Party and its political allies have publicly used rhetoric that sought to discredit, and in some instances harass and intimidate perceived critics, including human rights defenders, other activists, independent journalists and civil society organizations.<\/p>\n<p>On 20 July, during a protest in the centre of Chisinau, Ilan Shor, the leader of the Shor Party, made statements issuing death threats against journalists who he perceived to be critical of his activities. Among others, Shor reportedly said: \u201cI promise: each one of them will hang from the Arch. Every single one. And everyone will be able to do with them whatever they please. \u2026. We will crush them, we will strangle them\u201d. \u00a0However, the Moldovan authorities have failed to condemn or investigate this incident despite direct calls from civil society and journalist groups to do so and to take effective steps to protect their right to freedom of expression.<a href=\"https:\/\/amnesty.md\/en\/media\/moldova-2018-un-an-dificil-pentru-aparatorii-drepturilor-omului-2\/#_ftn2\" name=\"_ftnref2\">[2]<\/a><\/p>\n<p>On 1 November, the Moldovan parliament held a debate on the participation of school children in a public action organised by Amnesty International Moldova on 18 October in protest against the earlier refoulement of seven Turkish nationals (more details about this case are given below). Simultaneously, several pro-government TV channels, including Prime and Publika TV, tried to forcibly enter Amnesty International Moldova\u2019s office in Chisinau without the organisation\u2019s consent and record material for their report. In the Parliament, several members from different parties condemned human rights activism by children, and went as far as suggesting legislation that would criminalise involvement of minors in \u201cpolitical activities\u201d. The Moldovan authorities should respect, protect and fulfil the human rights of everyone including for children, if they freely choose to participate in peaceful protest and to freely express their opinion.<a href=\"https:\/\/amnesty.md\/en\/media\/moldova-2018-un-an-dificil-pentru-aparatorii-drepturilor-omului-2\/#_ftn3\" name=\"_ftnref3\">[3]<\/a><\/p>\n<p><strong>Violation of the principle of <em>non-refoulement<\/em><\/strong><\/p>\n<p>In the morning of 6 September, the Moldovan Security and Intelligence Services (SIS) detained seven Turkish nationals, \u201cOrizont\u201d network teachers. While apprehending these individuals, the SIS officers used excessive force. In April this year, these individuals had asked for asylum in Moldova. Instead of considering promptly their applications, which pointed to the risk of serious human rights violations, including unfair trial and torture, in case of forcible return to Turkey, the Moldovan authorities apprehended and swiftly deported them to Turkey, all within the same day, without giving them a chance to challenge this decision. Upon their forcible return to Turkey, the seven individuals reported having been accused of membership of a \u201cterrorist group\u201d, and at the time of writing were held in pre-trial in detention.<a href=\"https:\/\/amnesty.md\/en\/media\/moldova-2018-un-an-dificil-pentru-aparatorii-drepturilor-omului-2\/#_ftn4\" name=\"_ftnref4\">[4]<\/a><\/p>\n<p><strong>Poor detention conditions and medical care in the penitentiary system<\/strong><\/p>\n<p><strong>\u00a0<\/strong>Two cases have highlighted in 2018 the lack of adequate medical care in custody and poor detention conditions that amount to ill-treatment. Similar cases and poor detention conditions characteristic of the Moldovan penitentiary system were reported in previous years. The authorities not only have failed to ensure access to qualified medical specialists for detainees with serious health problems but have also denied their repeated requests to seek medical care and treatment outside their detention facility.<\/p>\n<p>The cases of David Davitean and Serghei Cosovan, two detainees held in Penitentiary Institutions Number 13 and 16, respectively, exemplify the challenges faced by those in detention with serious medical conditions.<\/p>\n<p>David Davitean, a Moldovan national of Armenian descent, was convicted of robbery in 2017 and has repeatedly complained of ill-treatment in detention. He sent a letter to Amnesty International, describing how unidentified men entered his cell and beat him with metal pipes. Davitean also alleged that he did not receive adequate medical treatment after the beating and suspected the law enforcement officers who were guarding him of instructing doctors to not treat his injuries. Specialists from the Institute of Neurology and Neurosurgery in Chisinau also recommended that Davitean should urgently receive medical treatment. This recommendation was rejected by the administration of Penitentiary Institution Number 13.<\/p>\n<p>Businessman and local councillor of Codru city, Serghei Cosovan was remanded in pre-trial detention on 26 September 2017 on charges of fraud and abuse of office. While in detention, Serghei Cosovan\u2019s pre-existing cirrhosis (scarring of the liver) worsened, resulting in repeated haemorrhages that required surgery to be stopped. On 24 April 2018, a court in Chisinau recognised the severity of his condition and changed his remand to house arrest. As Serghei Cosovan was leaving the detention centre, officers from the Police Department of Chisinau Municipality stopped and informed him he was being investigated for new fraud allegations, and placed him in a temporary detention centre for 72 hours. On 27 April, a court ordered Serghei Cosovan\u2019s remand in pre-trial detention, ignoring his grievous health concerns. He was returned from the temporary detention centre to the pre-trial detention centre the same day. Amnesty International wrote to the General Prosecutor\u2019s Office of Moldova on 18 July requesting comment on these cases but to date has only received a verbal reply from the Prosecutor General\u2019s press office denying that Cosovan\u2019s health condition was life-threatening and indicating that his placement in pre-trial detention would not be reconsidered on that basis.<a href=\"https:\/\/amnesty.md\/en\/media\/moldova-2018-un-an-dificil-pentru-aparatorii-drepturilor-omului-2\/#_ftn5\" name=\"_ftnref5\">[5]<\/a><\/p>\n<p><strong>Rights of lesbian, gay, bisexual, transgender and intersex people<\/strong><\/p>\n<p><strong>\u00a0<\/strong>A Pride in solidarity with the rights of lesbian, gay, bisexual, transgender and intersex (LGBTI) people was held in Chisinau on 19 May 2018. About 600 participants joined the event. The police provided effective protection to the event and averted violence from a group of religious counter-protesters who assembled alongside to the march\u2019s participants and law-enforcement officers.<\/p>\n<p><strong>The right to peaceful assembly<\/strong><\/p>\n<p>On 27 August the police evacuated peaceful protesters from the centre of Chisinau where they assembled to celebrate the national Independence Day. The police claimed that the rally was interrupting the official ceremony taking place at the same time.<a href=\"https:\/\/amnesty.md\/en\/media\/moldova-2018-un-an-dificil-pentru-aparatorii-drepturilor-omului-2\/#_ftn6\" name=\"_ftnref6\">[6]<\/a><\/p>\n<p><a href=\"https:\/\/amnesty.md\/en\/media\/moldova-2018-un-an-dificil-pentru-aparatorii-drepturilor-omului-2\/#_ftnref1\" name=\"_ftn1\">[1]<\/a> For more information, see Amnesty International, \u201cMoldova: Last-minute changes to draft law risk stifling civil society\u201d, available at\u00a0 <a href=\"https:\/\/www.amnesty.org\/en\/documents\/eur59\/6920\/2017\/en\/\">https:\/\/www.amnesty.org\/en\/documents\/eur59\/6920\/2017\/en\/<\/a>.<\/p>\n<p><a href=\"https:\/\/amnesty.md\/en\/media\/moldova-2018-un-an-dificil-pentru-aparatorii-drepturilor-omului-2\/#_ftnref2\" name=\"_ftn2\">[2]<\/a> For more information, in Romanian, see Amnesty International Moldova, \u201cDeclara\u021bia ONG-urilor din domeniul Drepturilor Omului privind amenin\u021b\u0103rile primarului ora\u0219ului Orhei\u201d, available at http:\/\/amnesty.md\/ro\/media\/declaratia-ong-urilor-din-domeniul-drepturilor-omului-privind-amenintarile-primarului-orasului-orhei\/.<\/p>\n<p><a href=\"https:\/\/amnesty.md\/en\/media\/moldova-2018-un-an-dificil-pentru-aparatorii-drepturilor-omului-2\/#_ftnref3\" name=\"_ftn3\">[3]<\/a> For more information, in Romanian, see Amnesty International Moldova, \u201cActivismul Civic Pe Cale De A Fi Criminalizat\u201d, available at http:\/\/amnesty.md\/ro\/media\/activismul-civic-pe-cale-de-a-fi-criminalizat\/.<\/p>\n<p><a href=\"https:\/\/amnesty.md\/en\/media\/moldova-2018-un-an-dificil-pentru-aparatorii-drepturilor-omului-2\/#_ftnref4\" name=\"_ftn4\">[4]<\/a> For more information, see Amnesty International, \u201cMoldova: Seven people deported to Turkey despite major human rights concerns\u201d, available at <a href=\"https:\/\/www.amnesty.org\/en\/latest\/news\/2018\/09\/moldova-seven-people-deported-to-turkey-despite-major-human-rights-concerns\/\">https:\/\/www.amnesty.org\/en\/latest\/news\/2018\/09\/moldova-seven-people-deported-to-turkey-despite-major-human-rights-concerns\/<\/a>.<\/p>\n<p><a href=\"https:\/\/amnesty.md\/en\/media\/moldova-2018-un-an-dificil-pentru-aparatorii-drepturilor-omului-2\/#_ftnref5\" name=\"_ftn5\">[5]<\/a> For more information about Amnesty International statements on the state of the penitentiary system in Moldova, in English and Romanian, please see Amnesty International, \u201cMoldova: Authorities must immediately provide essential healthcare to two detainees, one of them gravely-ill\u201d, public statement, 26 July 2018, available at <a href=\"https:\/\/www.amnesty.org\/download\/Documents\/EUR5988372018ENGLISH.pdf\">https:\/\/www.amnesty.org\/download\/Documents\/EUR5988372018ENGLISH.pdf<\/a> ; Amnesty International Moldova, \u201cAdministra\u021bia Na\u021bional\u0103 a Penitenciarelor este obligat\u0103 s\u0103 asigure de\u021binu\u021bilor condi\u021bii umane de deten\u021bie, inclusiv accesul la asisten\u021b\u0103 medical\u0103 calificat\u0103\u201d, available at http:\/\/amnesty.md\/ro\/media\/administratia-nationala-a-penitenciarelor-este-obligata-sa-asigure-detinutilor-conditii-umane-de-detentie-inclusiv-accesul-la-asistenta-medicala-calificata\/.<\/p>\n<p><a href=\"https:\/\/amnesty.md\/en\/media\/moldova-2018-un-an-dificil-pentru-aparatorii-drepturilor-omului-2\/#_ftnref6\" name=\"_ftn6\">[6]<\/a> For more information, in Romanian, please see Amnesty International Moldova, \u201cStatul Republica Moldova trebuie s\u0103 se reabiliteze \u00een fa\u021ba protestatarilor pa\u0219nici dup\u0103 ac\u021biunile din 27.08.2018\u201d, available at <a href=\"http:\/\/amnesty.md\/ro\/media\/statul-republica-moldova-trebuie-sa-se-reabiliteze-in-fata-protestatarilor-pasnici-dupa-actiunile-din-27-08-2018\/\">http:\/\/amnesty.md\/ro\/media\/statul-republica-moldova-trebuie-sa-se-reabiliteze-in-fata-protestatarilor-pasnici-dupa-actiunile-din-27-08-2018\/<\/a>.<\/p>\n<p>Source: <a href=\"https:\/\/amnesty.md\/en\/media\/moldova-2018-un-an-dificil-pentru-aparatorii-drepturilor-omului-2\/\" target=\"_blank\" rel=\"noopener noreferrer\">amnesty.md<\/a><div class=\"fusion-clearfix\"><\/div><\/div><\/div><\/div><\/div><\/p>\n","protected":false},"excerpt":{"rendered":"<p>Moldova: 2018, a Challenging Year for Human Rights Defenders The Moldovan authorities should respect, protect, promote and fulfil all human rights \u2013 civil, political, economic, social and cultural rights in the country. All past and ongoing human rights violations and abuses should be addressed. The authorities should end suppression of the civic space, including attacks on human rights defenders and civil society organizations and intolerance of views perceived to be<\/p>\n","protected":false},"author":117,"featured_media":16399,"comment_status":"open","ping_status":"closed","sticky":false,"template":"","format":"standard","meta":{"slim_seo":{"title":"Moldova: 2018, a Challenging Year for Human Rights Defenders - Menschenrechte Osteuropa - News &amp; Konflikte","description":"Moldova: 2018, a Challenging Year for Human Rights Defenders The Moldovan authorities should respect, protect, promote and fulfil all human rights \u2013 civil, poli"},"footnotes":""},"categories":[218,587,497,529,236,112,216],"tags":[],"class_list":["post-16401","post","type-post","status-publish","format-standard","has-post-thumbnail","hentry","category-bl-en","category-country-moldova-en-3","category-country-moldova-en","category-country-moldova-ru-en","category-moldawien-cat-en","category-moldova","category-standard"],"_links":{"self":[{"href":"https:\/\/humanrights-online.org\/az\/wp-json\/wp\/v2\/posts\/16401","targetHints":{"allow":["GET"]}}],"collection":[{"href":"https:\/\/humanrights-online.org\/az\/wp-json\/wp\/v2\/posts"}],"about":[{"href":"https:\/\/humanrights-online.org\/az\/wp-json\/wp\/v2\/types\/post"}],"author":[{"embeddable":true,"href":"https:\/\/humanrights-online.org\/az\/wp-json\/wp\/v2\/users\/117"}],"replies":[{"embeddable":true,"href":"https:\/\/humanrights-online.org\/az\/wp-json\/wp\/v2\/comments?post=16401"}],"version-history":[{"count":2,"href":"https:\/\/humanrights-online.org\/az\/wp-json\/wp\/v2\/posts\/16401\/revisions"}],"predecessor-version":[{"id":29397,"href":"https:\/\/humanrights-online.org\/az\/wp-json\/wp\/v2\/posts\/16401\/revisions\/29397"}],"wp:featuredmedia":[{"embeddable":true,"href":"https:\/\/humanrights-online.org\/az\/wp-json\/wp\/v2\/media\/16399"}],"wp:attachment":[{"href":"https:\/\/humanrights-online.org\/az\/wp-json\/wp\/v2\/media?parent=16401"}],"wp:term":[{"taxonomy":"category","embeddable":true,"href":"https:\/\/humanrights-online.org\/az\/wp-json\/wp\/v2\/categories?post=16401"},{"taxonomy":"post_tag","embeddable":true,"href":"https:\/\/humanrights-online.org\/az\/wp-json\/wp\/v2\/tags?post=16401"}],"curies":[{"name":"wp","href":"https:\/\/api.w.org\/{rel}","templated":true}]}}